{"id":12348,"date":"2026-01-20T16:00:00","date_gmt":"2026-01-20T19:00:00","guid":{"rendered":"https:\/\/noticiasregionais.com.br\/?p=12348"},"modified":"2026-01-20T16:00:00","modified_gmt":"2026-01-20T19:00:00","slug":"brasil-antenado-familias-no-tocantins-podem-agendar-a-instalacao-de-antenas-parabolicas","status":"publish","type":"post","link":"https:\/\/noticiasregionais.com.br\/?p=12348","title":{"rendered":"Brasil Antenado: fam\u00edlias no Tocantins podem agendar a instala\u00e7\u00e3o de antenas parab\u00f3licas"},"content":{"rendered":"<p>\t\t\t\t\t\t\t\t\t\t\t<audio controls class=\"b61_audio_player\" data-noticia=\"87162\" src=\"https:\/\/brasil61.com\/rails\/active_storage\/blobs\/eyJfcmFpbHMiOnsibWVzc2FnZSI6IkJBaHBBMzNrQXc9PSIsImV4cCI6bnVsbCwicHVyIjoiYmxvYl9pZCJ9fQ==--5257b317e22370791ddf273b8c73efd5ec04ba9b\/MCOM260238A\"><\/audio><\/p>\n<p>O programa <strong>Brasil Antenado<\/strong> \u2013 iniciativa do <strong><a href=\"https:\/\/www.gov.br\/mcom\/pt-br\" target=\"_blank\" rel=\"noopener\">Minist\u00e9rio das Comunica\u00e7\u00f5es<\/a><\/strong> e da <strong><a href=\"https:\/\/www.gov.br\/anatel\/pt-br\" target=\"_blank\" rel=\"noopener\">Anatel<\/a><\/strong> com a execu\u00e7\u00e3o pela <strong>Entidade Administradora da Faixa<\/strong> (<a href=\"https:\/\/eaf.org.br\/\" target=\"_blank\" rel=\"noopener\">EAF<\/a>) \u2013\u00a0 proporciona a <strong>amplia\u00e7\u00e3o do alcance da televis\u00e3o aberta e gratuita em todo pa\u00eds<\/strong>, principalmente em regi\u00f5es em que o sinal \u00e9 insuficiente ou inexistente. O programa agora atender\u00e1 fam\u00edlias do <strong>Tocantins<\/strong>, que podem agendar o atendimento <strong>at\u00e9 o dia 13 de mar\u00e7o de 2026<\/strong>.<br \/>\n\u00a0<br \/>\nVoltado \u00e0s <strong>fam\u00edlias inscritas no Cad\u00danico dos munic\u00edpios contemplados<\/strong>, o programa inclui <strong>fornecimento e instala\u00e7\u00e3o gratuita da antena parab\u00f3lica digital<\/strong>. O kit funciona mesmo em televisores antigos, o que facilita a ades\u00e3o em comunidades rurais e de baixa renda.<br \/>\n\u00a0<br \/>\nNo Tocantins, <strong>41 mil fam\u00edlias est\u00e3o aptas<\/strong> a receberem a nova antena digital pelo programa Brasil Antenado, em <strong>44 munic\u00edpios<\/strong>. A iniciativa tamb\u00e9m atende fam\u00edlias dos estados do <strong>Par\u00e1<\/strong>, <strong>Maranh\u00e3o<\/strong>, <strong>Piau\u00ed<\/strong> e <strong>Roraima<\/strong>, apoiando <strong>quase 230 mil moradias<\/strong>.<br \/>\n\u00a0<br \/>\nDe acordo com o <strong>secret\u00e1rio de Radiodifus\u00e3o do minist\u00e9rio, Wilson Wellisch<\/strong>, o programa veio como forma de <strong>ampliar um processo de digitaliza\u00e7\u00e3o que focava anteriormente nas cidades mais populosas e litor\u00e2neas<\/strong>.<br \/>\n\u00a0<br \/>\n&#8220;O programa Brasil Digital, ele vem justamente para preencher a lacuna de cidades que t\u00eam um baixo \u00edndice de digitaliza\u00e7\u00e3o e levar a TV digital para esses munic\u00edpios. E \u00e9 por isso que a gente incluiu ele no Novo PAC e estamos trabalhando para concretiz\u00e1-lo agora.&#8221;<br \/>\n\u00a0<br \/>\nDos <strong>44 munic\u00edpios <\/strong>que participam do programa no Tocantins, a fam\u00edlia de <strong>Jonas Bispo dos Santos<\/strong>, que vive em <strong>Arapoema (TO)<\/strong>, relata que precisava recorrer aos amigos para acompanhar o seu time de futebol: \u201cTava um perrengue para assistir TV, assistir meu jogo do meu Flamengo e a novela da minha mulher. Eu tinha que ir na casa do vizinho para assistir meu jogo.\u201d, contou Jonas.<br \/>\n\u00a0<br \/>\nGra\u00e7as a sua m\u00e3e, Jonas foi informado sobre a a\u00e7\u00e3o e fez a sua inscri\u00e7\u00e3o. \u201cEstou muito feliz de receber a antena agora, poder assistir a um jogo a qualquer hora!\u201d, afirmou.<\/p>\n<h2>Cidades do Tocantins contempladas pelo programa<\/h2>\n<p>O programa atua nas seguintes cidades:<\/p>\n<p>\u25cf Abreul\u00e2ndia<br \/>\n\u25cf Alvorada<br \/>\n\u25cf Anan\u00e1s<br \/>\n\u25cf Aparecida do Rio Negro<br \/>\n\u25cf Aragominas<br \/>\n\u25cf Arapoema<br \/>\n\u25cf Bandeirantes do Tocantins<br \/>\n\u25cf Barra do Ouro<br \/>\n\u25cf Bernardo Say\u00e3o<br \/>\n\u25cf Campos Lindos<br \/>\n\u25cf Centen\u00e1rio<br \/>\n\u25cf Chapada da Natividade<br \/>\n\u25cf Concei\u00e7\u00e3o do Tocantins<br \/>\n\u25cf Crix\u00e1s do Tocantins<br \/>\n\u25cf Divin\u00f3polis do Tocantins<br \/>\n\u25cf Dois Irm\u00e3os do Tocantins<br \/>\n\u25cf Itacaj\u00e1<br \/>\n\u25cf Itapiratins<br \/>\n\u25cf Ja\u00fa do Tocantins<br \/>\n\u25cf Lagoa do Tocantins<br \/>\n\u25cf Lizarda<br \/>\n\u25cf Marian\u00f3polis do Tocantins<br \/>\n\u25cf Muricil\u00e2ndia<br \/>\n\u25cf Novo Jardim<br \/>\n\u25cf Palmeirante<br \/>\n\u25cf Paran\u00e3<br \/>\n\u25cf Pau D&#8217;Arco<br \/>\n\u25cf Pindorama do Tocantins<br \/>\n\u25cf Ponte Alta do Bom Jesus<br \/>\n\u25cf Ponte Alta do Tocantins<br \/>\n\u25cf Recursol\u00e2ndia<br \/>\n\u25cf Riachinho<br \/>\n\u25cf Rio da Concei\u00e7\u00e3o<br \/>\n\u25cf Rio Sono<br \/>\n\u25cf Sandol\u00e2ndia<br \/>\n\u25cf Santa F\u00e9 do Araguaia<br \/>\n\u25cf Santa Maria do Tocantins<br \/>\n\u25cf Santa Rosa do Tocantins<br \/>\n\u25cf Santa Tereza do Tocantins<br \/>\n\u25cf S\u00e3o F\u00e9lix do Tocantins<br \/>\n\u25cf S\u00e3o Salvador do Tocantins<br \/>\n\u25cf Silvan\u00f3polis<br \/>\n\u25cf Taipas do Tocantins<br \/>\n\u25cf Tupiratins<\/p>\n<h2>Impactos e funcionamento do Brasil Antenado<\/h2>\n<p>Viabilizado pela <a href=\"https:\/\/www.in.gov.br\/web\/dou\/-\/portaria-mcom-n-17.337-de-4-de-abril-de-2025-622237301\" target=\"_blank\" rel=\"noopener\">Portaria MCom n\u00ba 17.337<\/a>, a a\u00e7\u00e3o busca assegurar o <strong>acesso \u00e0 informa\u00e7\u00e3o como direito fundamental<\/strong>, reduzindo desigualdades e integrando regi\u00f5es historicamente desconectadas. O programa:<br \/>\n\u00a0<br \/>\n\u25cf Amplia o acesso \u00e0 informa\u00e7\u00e3o e ao jornalismo, retomando h\u00e1bitos de acompanhar not\u00edcias, esportes e entretenimento.<br \/>\n\u25cf Promove inclus\u00e3o digital em \u00e1reas rurais e aumenta o consumo cultural.<br \/>\n\u25cf Democratiza a comunica\u00e7\u00e3o e reduz desigualdades informacionais entre regi\u00f5es.<br \/>\n\u25cf Complementa a implanta\u00e7\u00e3o do 5G, j\u00e1 que a EAF limpa a faixa de 3.5 GHz para evitar interfer\u00eancias.<br \/>\n\u25cf \u00c9 compat\u00edvel com televisores antigos ou novos.<br \/>\n\u25cf Agendamento via <a href=\"http:\/\/brasilantenado.org.br\" target=\"_blank\" rel=\"noopener\">site<\/a> ou telefone\/WhatsApp 0800 729 2404.<\/p>\n<h2>Fases de implementa\u00e7\u00e3o<\/h2>\n<p>O Brasil Antenado ser\u00e1 implantado em fases de execu\u00e7\u00e3o at\u00e9 junho de 2026, alcan\u00e7ando 323 munic\u00edpios em 16 estados:<\/p>\n<table>\n<tbody>\n<tr>\n<th>Fase<\/th>\n<th>Per\u00edodo<\/th>\n<th>Munic\u00edpios<\/th>\n<th>Estados envolvidos<\/th>\n<th>Fam\u00edlias aptas<\/th>\n<\/tr>\n<tr>\n<td>A<\/td>\n<td>14\/07\/2025 \u2013 13\/12\/2025<\/td>\n<td>77<\/td>\n<td>MA, PI, PA, CE, RN, PE<\/td>\n<td>+220 mil<\/td>\n<\/tr>\n<tr>\n<td>B<\/td>\n<td>13\/10\/2025 \u2013 13\/03\/2026<\/td>\n<td>138<\/td>\n<td>TO, PA, RR, PI, MA<\/td>\n<td>+229 mil<\/td>\n<\/tr>\n<tr>\n<td>C<\/td>\n<td>12\/01\/2026 \u2013 13\/06\/2026<\/td>\n<td>108<\/td>\n<td>ES, MG, GO, BA, MT, MS, RO, RS<\/td>\n<td>+222 mil<\/td>\n<\/tr>\n<\/tbody>\n<\/table>\n<p>Fonte: <a href=\"https:\/\/www.gov.br\/mcom\/pt-br\" target=\"_blank\" rel=\"noopener\">MCom<\/a><br \/>\n\u00a0<br \/>\nA lista completa de cidades est\u00e1 dispon\u00edvel no <a href=\"http:\/\/www.brasilantenado.org.br\" target=\"_blank\" rel=\"noopener\">site oficial<\/a><\/p>\n<h2>Sobre o EAF<\/h2>\n<p>A Entidade Administradora da Faixa (EAF), institui\u00e7\u00e3o sem fins lucrativos vinculada \u00e0 Anatel e ao Minist\u00e9rio das Comunica\u00e7\u00f5es, \u00e9 respons\u00e1vel pela limpeza da faixa de 3,5 GHz \u2013 essencial ao 5G \u2013, pela execu\u00e7\u00e3o dos programas Siga Antenado e Brasil Antenado, pela implanta\u00e7\u00e3o de infovias na Amaz\u00f4nia e pelo desenvolvimento de redes privativas de comunica\u00e7\u00e3o para o Governo Federal.<\/p>\n<p>\u00a0<\/p>\n<p>\t\t\t\t\t\t\t\t\t\t<img decoding=\"async\" src=\"https:\/\/brasil61.com\/api\/v1\/serve_pixel\/22254\/87162\" alt=\"Pixel Brasil 61\" class=\"b61_pixel\" width=\"0\" height=\"0\"><\/p>\n<div class=\"br61_backlink\">\n<p>\n\t\t\t\tFonte: <a href=\"https:\/\/brasil61.com\/brasil-antenado-familias-no-tocantins-podem-agendar-a-instalacao-de-antenas-parabolicas-mcom260238\" title=\"Artigo Original: Brasil Antenado: fam\u00edlias no Tocantins podem agendar a instala\u00e7\u00e3o de antenas parab\u00f3licas\" target=\"_blank\" rel=\"noopener\">Brasil 61<\/a>\n\t\t\t<\/p>\n<\/p><\/div>\n<input type=\"hidden\" id=\"baseurl\" value=\"https:\/\/noticiasregionais.com.br\"><input type=\"hidden\" id=\"audio_nonce\" value=\"533fbb67b1\">","protected":false},"excerpt":{"rendered":"<p>O programa aumenta o alcance de sinal terrestre de cidades com pouca ou nenhuma cobertura em v\u00e1rios estados do pa\u00eds<\/p>\n","protected":false},"author":1,"featured_media":12349,"comment_status":"","ping_status":"open","sticky":false,"template":"","format":"standard","meta":{"sfsi_plus_gutenberg_text_before_share":"","sfsi_plus_gutenberg_show_text_before_share":"","sfsi_plus_gutenberg_icon_type":"","sfsi_plus_gutenberg_icon_alignemt":"","sfsi_plus_gutenburg_max_per_row":"","footnotes":""},"categories":[8],"tags":[],"class_list":["post-12348","post","type-post","status-publish","format-standard","has-post-thumbnail","hentry","category-brasil"],"_links":{"self":[{"href":"https:\/\/noticiasregionais.com.br\/index.php?rest_route=\/wp\/v2\/posts\/12348","targetHints":{"allow":["GET"]}}],"collection":[{"href":"https:\/\/noticiasregionais.com.br\/index.php?rest_route=\/wp\/v2\/posts"}],"about":[{"href":"https:\/\/noticiasregionais.com.br\/index.php?rest_route=\/wp\/v2\/types\/post"}],"author":[{"embeddable":true,"href":"https:\/\/noticiasregionais.com.br\/index.php?rest_route=\/wp\/v2\/users\/1"}],"replies":[{"embeddable":true,"href":"https:\/\/noticiasregionais.com.br\/index.php?rest_route=%2Fwp%2Fv2%2Fcomments&post=12348"}],"version-history":[{"count":0,"href":"https:\/\/noticiasregionais.com.br\/index.php?rest_route=\/wp\/v2\/posts\/12348\/revisions"}],"wp:featuredmedia":[{"embeddable":true,"href":"https:\/\/noticiasregionais.com.br\/index.php?rest_route=\/wp\/v2\/media\/12349"}],"wp:attachment":[{"href":"https:\/\/noticiasregionais.com.br\/index.php?rest_route=%2Fwp%2Fv2%2Fmedia&parent=12348"}],"wp:term":[{"taxonomy":"category","embeddable":true,"href":"https:\/\/noticiasregionais.com.br\/index.php?rest_route=%2Fwp%2Fv2%2Fcategories&post=12348"},{"taxonomy":"post_tag","embeddable":true,"href":"https:\/\/noticiasregionais.com.br\/index.php?rest_route=%2Fwp%2Fv2%2Ftags&post=12348"}],"curies":[{"name":"wp","href":"https:\/\/api.w.org\/{rel}","templated":true}]}}