{"id":12354,"date":"2026-01-21T04:15:00","date_gmt":"2026-01-21T07:15:00","guid":{"rendered":"https:\/\/noticiasregionais.com.br\/?p=12354"},"modified":"2026-01-21T04:15:00","modified_gmt":"2026-01-21T07:15:00","slug":"coren-df-apura-possivel-infracao-etica-de-profissionais-da-enfermagem-apos-morte-de-tres-pacientes","status":"publish","type":"post","link":"https:\/\/noticiasregionais.com.br\/?p=12354","title":{"rendered":"Coren-DF apura poss\u00edvel infra\u00e7\u00e3o \u00e9tica de profissionais da enfermagem ap\u00f3s morte de tr\u00eas pacientes"},"content":{"rendered":"<p>\t\t\t\t\t\t\t\t\t\t\t<audio controls class=\"b61_audio_player\" data-noticia=\"87197\" src=\"https:\/\/brasil61.com\/rails\/active_storage\/blobs\/eyJfcmFpbHMiOnsibWVzc2FnZSI6IkJBaHBBMlhsQXc9PSIsImV4cCI6bnVsbCwicHVyIjoiYmxvYl9pZCJ9fQ==--6df60302a8c9f435bd7825487f1413623b7f5a20\/BRAS2615623A\"><\/audio><\/p>\n<p><strong>A <a href=\"https:\/\/www.pcdf.df.gov.br\/\" target=\"_blank\" rel=\"noopener\">Pol\u00edcia Civil do Distrito Federal<\/a> segue com as investiga\u00e7\u00f5es sobre a suspeita de que ex-t\u00e9cnicos de enfermagem de um hospital particular teriam matado pelo menos tr\u00eas pacientes por meio da aplica\u00e7\u00e3o de uma subst\u00e2ncia letal. Paralelamente, o Conselho Regional de Enfermagem do Distrito Federal <a href=\"https:\/\/www.coren-df.gov.br\/\" target=\"_blank\" rel=\"noopener\">(Coren-DF)<\/a> instaurou um Procedimento Preliminar de averigua\u00e7\u00e3o, etapa inicial da apura\u00e7\u00e3o de poss\u00edvel infra\u00e7\u00e3o \u00e9tica cometida pelos profissionais envolvidos.<\/strong><\/p>\n<p>Nesta ter\u00e7a-feira (20), o Coren-DF protocolou um of\u00edcio solicitando acesso \u00e0s informa\u00e7\u00f5es do processo. No entanto, segundo o Conselho, o Hospital Anchieta, localizado em Taguatinga \u2014 onde os \u00f3bitos foram registrados \u2014 n\u00e3o forneceu os dados solicitados, sob a justificativa de que o caso tramita sob segredo de justi\u00e7a.<\/p>\n<p><strong>De acordo com o procurador-geral do Coren-DF, Jonathan Rodrigues, o objetivo inicial \u00e9 realizar uma investiga\u00e7\u00e3o preliminar para identificar ind\u00edcios m\u00ednimos que permitam a abertura de um processo \u00e9tico-disciplinar. <\/strong>\u201cCaso haja comprova\u00e7\u00e3o, pode ser aplicada uma suspens\u00e3o cautelar do exerc\u00edcio profissional. O processo seguir\u00e1 respeitando o princ\u00edpio da ampla defesa e do contradit\u00f3rio\u201d, afirmou.<\/p>\n<p>Diante da negativa do hospital, Rodrigues informou que vai se reunir com o delegado respons\u00e1vel pelo caso, Wisllei Salom\u00e3o, e que um novo pedido formal ser\u00e1 encaminhado \u00e0 Pol\u00edcia Civil. A solicita\u00e7\u00e3o inclui acesso \u00e0s informa\u00e7\u00f5es completas dos profissionais investigados e c\u00f3pia do inqu\u00e9rito policial.<\/p>\n<h2>As mortes<\/h2>\n<p><strong>Os tr\u00eas \u00f3bitos ocorreram nos dias 19 de novembro e 1\u00ba de dezembro de 2025, no Hospital Anchieta, em Taguatinga. O caso, entretanto, s\u00f3 veio a p\u00fablico na segunda-feira (19). Inicialmente, a Pol\u00edcia Civil trata as mortes como homic\u00eddios.<\/strong><\/p>\n<p>At\u00e9 o momento, dois suspeitos \u2014 um homem e uma mulher \u2014 foram detidos no \u00faltimo dia 11 de janeiro. Outra mulher foi presa na \u00faltima quinta-feira (15). As autoridades ainda n\u00e3o divulgaram os nomes dos envolvidos. Ao todo, tr\u00eas t\u00e9cnicos de enfermagem s\u00e3o investigados.<\/p>\n<p>Durante coletiva de imprensa, o delegado Wisllei Salom\u00e3o informou que as v\u00edtimas s\u00e3o uma professora aposentada de 75 anos, um servidor p\u00fablico de 63 anos e um homem de 33 anos. \u201cEles foram mortos pela a\u00e7\u00e3o de quem deveria estar cuidando deles\u201d, declarou.<\/p>\n<p><strong>Segundo o delegado, as investiga\u00e7\u00f5es indicam que os t\u00e9cnicos aplicaram um medicamento de uso comum em Unidades de Terapia Intensiva (UTI) de forma indevida. Quando administrado diretamente na veia, o f\u00e1rmaco pode provocar parada card\u00edaca e levar \u00e0 morte.\u00a0<\/strong><\/p>\n<p><strong>VEJA MAIS:<\/strong><\/p>\n<ul>\n<li><a href=\"https:\/\/brasil61.com\/n\/gastos-publicos-superam-r-233-bilhoes-no-inicio-de-2026-cacb260109\" target=\"_blank\" rel=\"noopener\">Gastos p\u00fablicos superam R$233 bilh\u00f5es no in\u00edcio de 2026<\/a><\/li>\n<li><a href=\"https:\/\/brasil61.com\/n\/orcamento-de-2026-prioriza-eleicoes-e-areas-sociais-mas-expoe-contradicoes-ambientais-bras2615606\" target=\"_blank\" rel=\"noopener\">Or\u00e7amento de 2026 prioriza elei\u00e7\u00f5es e \u00e1reas sociais, mas exp\u00f5e contradi\u00e7\u00f5es ambientais<\/a><\/li>\n<\/ul>\n<p>Em um dos casos, ainda conforme a pol\u00edcia, um dos profissionais teria injetado desinfetante no paciente ap\u00f3s o t\u00e9rmino do medicamento. \u201cEle colocou o desinfetante em um copo pl\u00e1stico, aspirou o l\u00edquido com uma seringa e aplicou\u201d, relatou Salom\u00e3o.<\/p>\n<p>Em nota enviada \u00e0 Ag\u00eancia Brasil, o Hospital Anchieta informou que demitiu os tr\u00eas t\u00e9cnicos de enfermagem e acionou a Pol\u00edcia Civil ap\u00f3s um comit\u00ea interno identificar circunst\u00e2ncias at\u00edpicas nas mortes dos pacientes internados na UTI.<\/p>\n<p>\t\t\t\t\t\t\t\t\t\t<img decoding=\"async\" src=\"https:\/\/brasil61.com\/api\/v1\/serve_pixel\/22254\/87197\" alt=\"Pixel Brasil 61\" class=\"b61_pixel\" width=\"0\" height=\"0\"><\/p>\n<div class=\"br61_backlink\">\n<p>\n\t\t\t\tFonte: <a href=\"https:\/\/brasil61.com\/coren-df-apura-possivel-infracao-etica-de-profissionais-da-enfermagem-apos-morte-de-tres-pacientes-bras2615623\" title=\"Artigo Original: Coren-DF apura poss\u00edvel infra\u00e7\u00e3o \u00e9tica de profissionais da enfermagem ap\u00f3s morte de tr\u00eas pacientes\" target=\"_blank\" rel=\"noopener\">Brasil 61<\/a>\n\t\t\t<\/p>\n<\/p><\/div>\n<input type=\"hidden\" id=\"baseurl\" value=\"https:\/\/noticiasregionais.com.br\"><input type=\"hidden\" id=\"audio_nonce\" value=\"533fbb67b1\">","protected":false},"excerpt":{"rendered":"<p>Mesmo com o caso sendo investigado pela Pol\u00edcia Civil, o Conselho explica que o objetivo inicial \u00e9 realizar uma investiga\u00e7\u00e3o preliminar para identificar ind\u00edcios m\u00ednimos que permitam a abertura de um processo \u00e9tico-disciplinar<\/p>\n","protected":false},"author":1,"featured_media":12355,"comment_status":"","ping_status":"open","sticky":false,"template":"","format":"standard","meta":{"sfsi_plus_gutenberg_text_before_share":"","sfsi_plus_gutenberg_show_text_before_share":"","sfsi_plus_gutenberg_icon_type":"","sfsi_plus_gutenberg_icon_alignemt":"","sfsi_plus_gutenburg_max_per_row":"","footnotes":""},"categories":[8],"tags":[],"class_list":["post-12354","post","type-post","status-publish","format-standard","has-post-thumbnail","hentry","category-brasil"],"_links":{"self":[{"href":"https:\/\/noticiasregionais.com.br\/index.php?rest_route=\/wp\/v2\/posts\/12354","targetHints":{"allow":["GET"]}}],"collection":[{"href":"https:\/\/noticiasregionais.com.br\/index.php?rest_route=\/wp\/v2\/posts"}],"about":[{"href":"https:\/\/noticiasregionais.com.br\/index.php?rest_route=\/wp\/v2\/types\/post"}],"author":[{"embeddable":true,"href":"https:\/\/noticiasregionais.com.br\/index.php?rest_route=\/wp\/v2\/users\/1"}],"replies":[{"embeddable":true,"href":"https:\/\/noticiasregionais.com.br\/index.php?rest_route=%2Fwp%2Fv2%2Fcomments&post=12354"}],"version-history":[{"count":0,"href":"https:\/\/noticiasregionais.com.br\/index.php?rest_route=\/wp\/v2\/posts\/12354\/revisions"}],"wp:featuredmedia":[{"embeddable":true,"href":"https:\/\/noticiasregionais.com.br\/index.php?rest_route=\/wp\/v2\/media\/12355"}],"wp:attachment":[{"href":"https:\/\/noticiasregionais.com.br\/index.php?rest_route=%2Fwp%2Fv2%2Fmedia&parent=12354"}],"wp:term":[{"taxonomy":"category","embeddable":true,"href":"https:\/\/noticiasregionais.com.br\/index.php?rest_route=%2Fwp%2Fv2%2Fcategories&post=12354"},{"taxonomy":"post_tag","embeddable":true,"href":"https:\/\/noticiasregionais.com.br\/index.php?rest_route=%2Fwp%2Fv2%2Ftags&post=12354"}],"curies":[{"name":"wp","href":"https:\/\/api.w.org\/{rel}","templated":true}]}}