{"id":12356,"date":"2026-01-21T04:00:00","date_gmt":"2026-01-21T07:00:00","guid":{"rendered":"https:\/\/noticiasregionais.com.br\/?p=12356"},"modified":"2026-01-21T04:00:00","modified_gmt":"2026-01-21T07:00:00","slug":"cafe-hoje-confira-as-cotacoes-para-esta-quarta-feira-21","status":"publish","type":"post","link":"https:\/\/noticiasregionais.com.br\/?p=12356","title":{"rendered":"Caf\u00e9 hoje: confira as cota\u00e7\u00f5es para esta quarta-feira (21)"},"content":{"rendered":"<p>\t\t\t\t\t\t\t\t\t\t\t<audio controls class=\"b61_audio_player\" data-noticia=\"87186\" src=\"https:\/\/brasil61.com\/rails\/active_storage\/blobs\/eyJfcmFpbHMiOnsibWVzc2FnZSI6IkJBaHBBNVBsQXc9PSIsImV4cCI6bnVsbCwicHVyIjoiYmxvYl9pZCJ9fQ==--991b0aa4284b99c8bdf667dad5b37bcdfb29c061\/PAGR266054A\"><\/audio><\/p>\n<p>O pre\u00e7o do <strong>caf\u00e9 ar\u00e1bica<\/strong>\u00a0abre\u00a0esta <strong>quarta-feira (21)<\/strong> em\u00a0<strong>baixa de 1,73%<\/strong>, com a saca de 60 kg negociada a <strong>R$ 2.146,33\u00a0<\/strong>na cidade de S\u00e3o Paulo.<\/p>\n<p><strong>INDICADOR DO CAF\u00c9 AR\u00c1BICA CEPEA\/ESALQ<\/strong><\/p>\n<\/p>\n<\/p>\n<\/p>\n<\/p>\n<\/p>\n<\/p>\n<\/p>\n<\/p>\n<\/p>\n<\/p>\n<\/p>\n<table id=\"imagenet-indicador1\">\n<thead>\n<tr>\n<th>DATA<\/th>\n<th>VALOR R$<\/th>\n<th>VAR.\/DIA<\/th>\n<th>VAR.\/M\u00caS<\/th>\n<th>VALOR US$<\/th>\n<\/tr>\n<\/thead>\n<tbody>\n<tr>\n<td>20\/01\/2026<\/td>\n<td>2.146,33<\/td>\n<td>-1,73%<\/td>\n<td>-1,31%<\/td>\n<td>399,09<\/td>\n<\/tr>\n<tr>\n<td>19\/01\/2026<\/td>\n<td>2.184,18<\/td>\n<td>0,18%<\/td>\n<td>0,43%<\/td>\n<td>407,19<\/td>\n<\/tr>\n<tr>\n<td>16\/01\/2026<\/td>\n<td>2.180,20<\/td>\n<td>-0,98%<\/td>\n<td>0,25%<\/td>\n<td>405,84<\/td>\n<\/tr>\n<tr>\n<td>15\/01\/2026<\/td>\n<td>2.201,88<\/td>\n<td>0,22%<\/td>\n<td>1,25%<\/td>\n<td>410,65<\/td>\n<\/tr>\n<tr>\n<td>14\/01\/2026<\/td>\n<td>2.196,97<\/td>\n<td>-0,87%<\/td>\n<td>1,02%<\/td>\n<td>406,92<\/td>\n<\/tr>\n<\/tbody>\n<\/table>\n<p>O <strong>caf\u00e9 robusta<\/strong> teve\u00a0<strong>queda de 1,54%<\/strong> no pre\u00e7o, sendo comercializado a <strong>R$ 1.281,48<\/strong>.<\/p>\n<p><strong>INDICADOR DO CAF\u00c9 ROBUSTA CEPEA\/ESALQ<\/strong><\/p>\n<\/p>\n<\/p>\n<\/p>\n<\/p>\n<\/p>\n<\/p>\n<\/p>\n<\/p>\n<\/p>\n<\/p>\n<\/p>\n<table id=\"imagenet-indicador2\">\n<thead>\n<tr>\n<th>DATA<\/th>\n<th>VALOR R$<\/th>\n<th>VAR.\/DIA<\/th>\n<th>VAR.\/M\u00caS<\/th>\n<th>VALOR US$<\/th>\n<\/tr>\n<\/thead>\n<tbody>\n<tr>\n<td>20\/01\/2026<\/td>\n<td>1.281,48<\/td>\n<td>-1,54%<\/td>\n<td>1,39%<\/td>\n<td>238,28<\/td>\n<\/tr>\n<tr>\n<td>19\/01\/2026<\/td>\n<td>1.301,47<\/td>\n<td>0,07%<\/td>\n<td>2,97%<\/td>\n<td>242,63<\/td>\n<\/tr>\n<tr>\n<td>16\/01\/2026<\/td>\n<td>1.300,57<\/td>\n<td>0,95%<\/td>\n<td>2,90%<\/td>\n<td>242,10<\/td>\n<\/tr>\n<tr>\n<td>15\/01\/2026<\/td>\n<td>1.288,37<\/td>\n<td>-0,78%<\/td>\n<td>1,94%<\/td>\n<td>240,28<\/td>\n<\/tr>\n<tr>\n<td>14\/01\/2026<\/td>\n<td>1.298,48<\/td>\n<td>1,40%<\/td>\n<td>2,74%<\/td>\n<td>240,50<\/td>\n<\/tr>\n<\/tbody>\n<\/table>\n<h2>A\u00e7\u00facar<\/h2>\n<p>J\u00e1 o pre\u00e7o do <strong>a\u00e7\u00facar cristal<\/strong> apresenta <strong>varia\u00e7\u00e3o nas principais pra\u00e7as do estado de S\u00e3o Paulo<\/strong>. Na <strong>capital<\/strong>, a saca de 50 kg teve <strong>desvaloriza\u00e7\u00e3o<\/strong> de <strong>0,89%<\/strong>\u00a0e \u00e9\u00a0cotada a <strong>R$ 103,44<\/strong>.<\/p>\n<p><strong>INDICADOR DO A\u00c7\u00daCAR CRISTAL BRANCO CEPEA\/ESALQ &#8211; S\u00c3O PAULO<\/strong><\/p>\n<\/p>\n<\/p>\n<\/p>\n<\/p>\n<\/p>\n<\/p>\n<\/p>\n<\/p>\n<\/p>\n<\/p>\n<\/p>\n<table id=\"imagenet-indicador1\">\n<thead>\n<tr>\n<th>DATA<\/th>\n<th>VALOR R$*<\/th>\n<th>VAR.\/DIA<\/th>\n<th>VAR.\/M\u00caS<\/th>\n<th>VALOR US$*<\/th>\n<\/tr>\n<\/thead>\n<tbody>\n<tr>\n<td>20\/01\/2026<\/td>\n<td>103,44<\/td>\n<td>-0,89%<\/td>\n<td>-5,96%<\/td>\n<td>19,23<\/td>\n<\/tr>\n<tr>\n<td>19\/01\/2026<\/td>\n<td>104,37<\/td>\n<td>0,38%<\/td>\n<td>-5,11%<\/td>\n<td>19,46<\/td>\n<\/tr>\n<tr>\n<td>16\/01\/2026<\/td>\n<td>103,97<\/td>\n<td>-2,81%<\/td>\n<td>-5,47%<\/td>\n<td>19,35<\/td>\n<\/tr>\n<tr>\n<td>15\/01\/2026<\/td>\n<td>106,98<\/td>\n<td>0,25%<\/td>\n<td>-2,74%<\/td>\n<td>19,95<\/td>\n<\/tr>\n<tr>\n<td>14\/01\/2026<\/td>\n<td>106,71<\/td>\n<td>1,24%<\/td>\n<td>-2,98%<\/td>\n<td>19,76<\/td>\n<\/tr>\n<\/tbody>\n<\/table>\n<p>\u00a0<\/p>\n<p>Em <strong>Santos (SP)<\/strong>, a mercadoria teve <strong>desvaloriza\u00e7\u00e3o<\/strong> de <strong>1,20%<\/strong>, sendo negociada a <strong>R$ 112,63<\/strong>\u00a0na m\u00e9dia de pre\u00e7os sem impostos.<\/p>\n<p><strong>INDICADOR A\u00c7\u00daCAR CRISTAL &#8211; SANTOS (FOB)<\/strong><\/p>\n<\/p>\n<\/p>\n<\/p>\n<\/p>\n<\/p>\n<\/p>\n<\/p>\n<\/p>\n<\/p>\n<\/p>\n<\/p>\n<table id=\"imagenet-indicador2\">\n<thead>\n<tr>\n<th>DATA<\/th>\n<th>VALOR R$*<\/th>\n<th>VAR.\/DIA<\/th>\n<th>VAR.\/M\u00caS<\/th>\n<th>VALOR US$*<\/th>\n<\/tr>\n<\/thead>\n<tbody>\n<tr>\n<td>20\/01\/2026<\/td>\n<td>112,63<\/td>\n<td>-1,20%<\/td>\n<td>-3,59%<\/td>\n<td>20,94<\/td>\n<\/tr>\n<tr>\n<td>19\/01\/2026<\/td>\n<td>114,00<\/td>\n<td>-0,38%<\/td>\n<td>-2,42%<\/td>\n<td>21,25<\/td>\n<\/tr>\n<tr>\n<td>16\/01\/2026<\/td>\n<td>114,43<\/td>\n<td>2,07%<\/td>\n<td>-2,05%<\/td>\n<td>21,27<\/td>\n<\/tr>\n<tr>\n<td>15\/01\/2026<\/td>\n<td>112,11<\/td>\n<td>-0,49%<\/td>\n<td>-4,04%<\/td>\n<td>20,82<\/td>\n<\/tr>\n<tr>\n<td>14\/01\/2026<\/td>\n<td>112,66<\/td>\n<td>-1,11%<\/td>\n<td>-3,57%<\/td>\n<td>20,94<\/td>\n<\/tr>\n<\/tbody>\n<\/table>\n<p>\u00a0<\/p>\n<h2>Milho<\/h2>\n<p>A saca de 60 kg do <strong>milho<\/strong>, por sua vez, \u00e9 vendida a <strong>R$ 67,46<\/strong>, ap\u00f3s<strong>\u00a0baixa de 0,97%<\/strong>.<\/p>\n<p><strong>INDICADOR DO MILHO ESALQ\/BM&amp;FBOVESPA<\/strong><\/p>\n<\/p>\n<\/p>\n<\/p>\n<\/p>\n<\/p>\n<\/p>\n<\/p>\n<\/p>\n<\/p>\n<\/p>\n<\/p>\n<table id=\"imagenet-indicador1\">\n<thead>\n<tr>\n<th>DATA<\/th>\n<th>VALOR R$*<\/th>\n<th>VAR.\/DIA<\/th>\n<th>VAR.\/M\u00caS<\/th>\n<th>VALOR US$*<\/th>\n<\/tr>\n<\/thead>\n<tbody>\n<tr>\n<td>20\/01\/2026<\/td>\n<td>67,46<\/td>\n<td>-0,97%<\/td>\n<td>-2,94%<\/td>\n<td>12,54<\/td>\n<\/tr>\n<tr>\n<td>19\/01\/2026<\/td>\n<td>68,12<\/td>\n<td>-0,42%<\/td>\n<td>-1,99%<\/td>\n<td>12,70<\/td>\n<\/tr>\n<tr>\n<td>16\/01\/2026<\/td>\n<td>68,41<\/td>\n<td>0,06%<\/td>\n<td>-1,57%<\/td>\n<td>12,73<\/td>\n<\/tr>\n<tr>\n<td>15\/01\/2026<\/td>\n<td>68,37<\/td>\n<td>-0,09%<\/td>\n<td>-1,63%<\/td>\n<td>12,75<\/td>\n<\/tr>\n<tr>\n<td>14\/01\/2026<\/td>\n<td>68,43<\/td>\n<td>-0,52%<\/td>\n<td>-1,54%<\/td>\n<td>12,68<\/td>\n<\/tr>\n<\/tbody>\n<\/table>\n<p>Os valores s\u00e3o do\u00a0<a href=\"http:\/\/www.cepea.org.br\" target=\"_blank\" rel=\"noopener\"><strong>Cepea<\/strong><\/a>.<\/p>\n<p>\u00a0<\/p>\n<h2>Diferen\u00e7a entre caf\u00e9 ar\u00e1bica e caf\u00e9 robusta: caracter\u00edsticas, uso e regi\u00f5es produtoras<\/h2>\n<p><strong>Caf\u00e9 ar\u00e1bica e caf\u00e9 robusta<\/strong> s\u00e3o as duas principais variedades cultivadas e comercializadas no Brasil, ambas medidas em sacas de 60 kg.<\/p>\n<ul>\n<li>O<strong> caf\u00e9 ar\u00e1bica <\/strong>(conhecido tamb\u00e9m como<strong> caf\u00e9 Conilon<\/strong>, em algumas regi\u00f5es) tem <strong>sabor mais suave, menor teor de cafe\u00edna e alta qualidade sensorial<\/strong>, sendo preferido em cafeterias especializadas e nas exporta\u00e7\u00f5es de caf\u00e9s premium. Representa cerca de 70% da produ\u00e7\u00e3o brasileira, com destaque para estados como Minas Gerais e S\u00e3o Paulo.<\/li>\n<li>O<strong> caf\u00e9 robusta<\/strong>, por sua vez, possui<strong> sabor mais amargo, maior concentra\u00e7\u00e3o de cafe\u00edna e corpo mais intenso<\/strong>. \u00c9 amplamente utilizado na produ\u00e7\u00e3o de caf\u00e9 sol\u00favel e blends comerciais. Seus principais polos produtores s\u00e3o o Esp\u00edrito Santo e Rond\u00f4nia, e seu pre\u00e7o costuma ser mais baixo em compara\u00e7\u00e3o ao ar\u00e1bica, por conta do perfil mais industrial.\u00a0<\/li>\n<\/ul>\n<h2>Como \u00e9 calculada a saca de a\u00e7\u00facar cristal?<\/h2>\n<p>A<strong> saca de a\u00e7\u00facar cristal no Brasil \u00e9 padronizada em 50 quilos<\/strong>, especialmente para comercializa\u00e7\u00e3o no mercado atacadista e para uso na ind\u00fastria aliment\u00edcia. Essa unidade de medida \u00e9 adotada pelo <strong><a href=\"https:\/\/www.cepea.org.br\/br\/indicador\/cafe.aspx\" target=\"_blank\" rel=\"noopener\">Cepea\/Esalq-USP<\/a><\/strong>, principal fonte de cota\u00e7\u00f5es di\u00e1rias do a\u00e7\u00facar cristal no pa\u00eds.<\/p>\n<h2>Qual o peso da saca de milho no Brasil?<\/h2>\n<p>A saca de milho equivale a 60 kg de gr\u00e3os, mesmo padr\u00e3o utilizado para soja e trigo. Essa medida \u00e9 oficializada por institui\u00e7\u00f5es como a<strong> Companhia Nacional de Abastecimento <a href=\"https:\/\/www.gov.br\/conab\/pt-br\" target=\"_blank\" rel=\"noopener\">(Conab)<\/a><\/strong>, o <strong>Minist\u00e9rio da Agricultura <a href=\"https:\/\/www.gov.br\/agricultura\/pt-br\" target=\"_blank\" rel=\"noopener\">(MAPA)<\/a><\/strong> e o <a href=\"http:\/\/www.cepea.org.br\" target=\"_blank\" rel=\"noopener\"><strong>Cepea<\/strong><\/a>, sendo amplamente usada em negocia\u00e7\u00f5es e relat\u00f3rios de pre\u00e7o do milho.<\/p>\n<p>\t\t\t\t\t\t\t\t\t\t<img decoding=\"async\" src=\"https:\/\/brasil61.com\/api\/v1\/serve_pixel\/22254\/87186\" alt=\"Pixel Brasil 61\" class=\"b61_pixel\" width=\"0\" height=\"0\"><\/p>\n<div class=\"br61_backlink\">\n<p>\n\t\t\t\tFonte: <a href=\"https:\/\/brasil61.com\/cafe-hoje-confira-as-cotacoes-para-esta-quarta-feira-21-pagr266054\" title=\"Artigo Original: Caf\u00e9 hoje: confira as cota\u00e7\u00f5es para esta quarta-feira (21)\" target=\"_blank\" rel=\"noopener\">Brasil 61<\/a>\n\t\t\t<\/p>\n<\/p><\/div>\n<input type=\"hidden\" id=\"baseurl\" value=\"https:\/\/noticiasregionais.com.br\"><input type=\"hidden\" id=\"audio_nonce\" value=\"5c13e0637f\">","protected":false},"excerpt":{"rendered":"<p>O pre\u00e7o do caf\u00e9 ar\u00e1bica volta a cair, enquanto o a\u00e7\u00facar apresenta reajustes<\/p>\n","protected":false},"author":1,"featured_media":12357,"comment_status":"","ping_status":"open","sticky":false,"template":"","format":"standard","meta":{"sfsi_plus_gutenberg_text_before_share":"","sfsi_plus_gutenberg_show_text_before_share":"","sfsi_plus_gutenberg_icon_type":"","sfsi_plus_gutenberg_icon_alignemt":"","sfsi_plus_gutenburg_max_per_row":"","footnotes":""},"categories":[8],"tags":[],"class_list":["post-12356","post","type-post","status-publish","format-standard","has-post-thumbnail","hentry","category-brasil"],"_links":{"self":[{"href":"https:\/\/noticiasregionais.com.br\/index.php?rest_route=\/wp\/v2\/posts\/12356","targetHints":{"allow":["GET"]}}],"collection":[{"href":"https:\/\/noticiasregionais.com.br\/index.php?rest_route=\/wp\/v2\/posts"}],"about":[{"href":"https:\/\/noticiasregionais.com.br\/index.php?rest_route=\/wp\/v2\/types\/post"}],"author":[{"embeddable":true,"href":"https:\/\/noticiasregionais.com.br\/index.php?rest_route=\/wp\/v2\/users\/1"}],"replies":[{"embeddable":true,"href":"https:\/\/noticiasregionais.com.br\/index.php?rest_route=%2Fwp%2Fv2%2Fcomments&post=12356"}],"version-history":[{"count":0,"href":"https:\/\/noticiasregionais.com.br\/index.php?rest_route=\/wp\/v2\/posts\/12356\/revisions"}],"wp:featuredmedia":[{"embeddable":true,"href":"https:\/\/noticiasregionais.com.br\/index.php?rest_route=\/wp\/v2\/media\/12357"}],"wp:attachment":[{"href":"https:\/\/noticiasregionais.com.br\/index.php?rest_route=%2Fwp%2Fv2%2Fmedia&parent=12356"}],"wp:term":[{"taxonomy":"category","embeddable":true,"href":"https:\/\/noticiasregionais.com.br\/index.php?rest_route=%2Fwp%2Fv2%2Fcategories&post=12356"},{"taxonomy":"post_tag","embeddable":true,"href":"https:\/\/noticiasregionais.com.br\/index.php?rest_route=%2Fwp%2Fv2%2Ftags&post=12356"}],"curies":[{"name":"wp","href":"https:\/\/api.w.org\/{rel}","templated":true}]}}