{"id":12362,"date":"2026-01-21T04:20:00","date_gmt":"2026-01-21T07:20:00","guid":{"rendered":"https:\/\/noticiasregionais.com.br\/?p=12362"},"modified":"2026-01-22T22:01:31","modified_gmt":"2026-01-23T01:01:31","slug":"enamed-2025-mais-de-100-cursos-de-medicina-tiveram-desempenho-insatisfatorio","status":"publish","type":"post","link":"https:\/\/noticiasregionais.com.br\/?p=12362","title":{"rendered":"Enamed 2025: mais de 100 cursos de medicina tiveram desempenho insatisfat\u00f3rio"},"content":{"rendered":"<p>\t\t\t\t\t\t\t\t\t\t<audio controls class=\"b61_audio_player\" data-noticia=\"87198\" src=\"https:\/\/brasil61.com\/rails\/active_storage\/blobs\/eyJfcmFpbHMiOnsibWVzc2FnZSI6IkJBaHBBNWJsQXc9PSIsImV4cCI6bnVsbCwicHVyIjoiYmxvYl9pZCJ9fQ==--8294c03ec25cabbe02034e8a5a1d2ee98a52d228\/BRAS2615624A\"><\/audio><\/p>\n<p>Os <strong>resultados do Exame Nacional de Avalia\u00e7\u00e3o da Forma\u00e7\u00e3o M\u00e9dica<\/strong> (<a href=\"https:\/\/www.gov.br\/inep\/pt-br\/areas-de-atuacao\/avaliacao-e-exames-educacionais\/enamed\" target=\"_blank\" rel=\"noopener\">Enamed<\/a>) <strong>2025 foram divulgados<\/strong> nesta segunda-feira (19) pelos minist\u00e9rios\u00a0da Educa\u00e7\u00e3o (<a href=\"https:\/\/www.gov.br\/mec\/pt-br\" target=\"_blank\" rel=\"noopener\">MEC<\/a>) e da Sa\u00fade (<a href=\"https:\/\/www.gov.br\/saude\/pt-br\" target=\"_blank\" rel=\"noopener\">MS<\/a>). <strong>Dos 351 cursos avaliados, 107 foram considerados insatisfat\u00f3rios<\/strong> por n\u00e3o atingirem o n\u00edvel m\u00ednimo de profici\u00eancia exigido.\u00a0<\/p>\n<p>O <strong>Enamed<\/strong>, <strong>modalidade espec\u00edfica<\/strong> do Exame Nacional de Desempenho dos Estudantes (<a href=\"https:\/\/www.gov.br\/inep\/pt-br\/areas-de-atuacao\/avaliacao-e-exames-educacionais\/enade\" target=\"_blank\" rel=\"noopener\">Enade<\/a>) <strong>para cursos de medicina<\/strong>, <strong>avalia o desempenho dos estudantes<\/strong> concluintes e <strong>funciona como crit\u00e9rio de classifica\u00e7\u00e3o nos processos seletivos de resid\u00eancia m\u00e9dica<\/strong>.\u00a0<\/p>\n<p>A <strong>escala de conceitos do exame varia de 1 a 5<\/strong>, sendo a faixa 1 o menor \u00edndice de desempenho. De acordo com a an\u00e1lise:<\/p>\n<ul>\n<li>24 cursos receberam conceito 1;<\/li>\n<li>83 alcan\u00e7aram conceito 2;<\/li>\n<li>80 obtiveram conceito 3;<\/li>\n<li>114 atingiram conceito 4; e\u00a0<\/li>\n<li>49 chegaram ao conceito m\u00e1ximo, 5.<\/li>\n<\/ul>\n<p>Os <strong>piores desempenhos se concentraram em institui\u00e7\u00f5es privadas e municipais<\/strong>, enquanto universidades p\u00fablicas federais e estaduais lideraram os melhores resultados.<\/p>\n<\/p>\n<h2>Supervis\u00e3o e a\u00e7\u00f5es<\/h2>\n<p>Diante dos resultados, o <strong>MEC determinou medidas de supervis\u00e3o imediata para os cursos que obtiveram conceitos 1 e 2<\/strong>. Do total de faculdades com desempenho insatisfat\u00f3rio, <strong>apenas 99 ter\u00e3o a\u00e7\u00f5es aplicadas<\/strong>, j\u00e1 que <strong>universidades estaduais e municipais n\u00e3o est\u00e3o sob a gest\u00e3o direta da Pasta<\/strong>.<\/p>\n<p>A aplica\u00e7\u00e3o ocorrer\u00e1 de forma escalonada, conforme o percentual de concluintes considerados proficientes, sob responsabilidade da Secretaria de Regula\u00e7\u00e3o e Supervis\u00e3o da Educa\u00e7\u00e3o Superior (<a href=\"https:\/\/www.gov.br\/mec\/pt-br\/acesso-a-informacao\/institucional\/estrutura-organizacional\/orgaos-especificos-singulares\/secretaria-de-regulacao-e-supervisao-da-educacao-superior\" target=\"_blank\" rel=\"noopener\">Seres<\/a>). As medidas incluem:<\/p>\n<p><strong>Faixa 1<\/strong><\/p>\n<ul>\n<li><strong>suspens\u00e3o de ingresso<\/strong> em cursos com menos de 30% de concluintes proficientes (<strong>8 cursos<\/strong>);<\/li>\n<li><strong>redu\u00e7\u00e3o de 50%<\/strong> da oferta de vagas para cursos com profici\u00eancia entre 30% e 40% (<strong>13 cursos<\/strong>);<\/li>\n<\/ul>\n<p><strong>Faixa 2<\/strong><\/p>\n<ul>\n<li><strong>redu\u00e7\u00e3o de 25%<\/strong> da oferta de vagas para cursos com profici\u00eancia entre 40% e 50% (<strong>33 cursos<\/strong>); e<\/li>\n<li><strong>proibi\u00e7\u00e3o de ampliar vagas<\/strong> para os demais cursos da faixa 2 com mais de 50% de profici\u00eancia (<strong>45 cursos<\/strong>).<\/li>\n<\/ul>\n<p>Al\u00e9m disso, os tr\u00eas primeiros grupos est\u00e3o impedidos de ampliar vagas e ter\u00e3o suspensa a participa\u00e7\u00e3o no Fundo de Financiamento Estudantil (<a href=\"https:\/\/www.gov.br\/fnde\/pt-br\/acesso-a-informacao\/acoes-e-programas\/financiamento\/fies\" target=\"_blank\" rel=\"noopener\">Fies<\/a>) e em outros programas federais. As a\u00e7\u00f5es permanecem at\u00e9 a divulga\u00e7\u00e3o do pr\u00f3ximo Conceito Enade, em 2026.<\/p>\n<h2>An\u00e1lise<\/h2>\n<p>Segundo levantamento do Instituto Nacional de Estudos e Pesquisas Educacionais An\u00edsio Teixeira (<a href=\"https:\/\/www.gov.br\/inep\/pt-br\" target=\"_blank\" rel=\"noopener\">Inep<\/a>), o <strong>Enamed avaliou 89.024 estudantes<\/strong> e profissionais de medicina, dos quais <strong>75% demonstraram profici\u00eancia<\/strong>. Entre os <strong>39.258 concluintes de cursos de medicina<\/strong>, apenas <strong>67% atingiram o n\u00edvel adequado<\/strong>, enquanto cerca de <strong>13 mil ficaram abaixo do m\u00ednimo exigido<\/strong>.<\/p>\n<p>O exame analisou compet\u00eancias em \u00e1reas fundamentais da pr\u00e1tica m\u00e9dica, como cl\u00ednica, cirurgia, pediatria, ginecologia e obstetr\u00edcia, al\u00e9m de medicina de fam\u00edlia e comunidade. No p\u00fablico geral, que inclui m\u00e9dicos j\u00e1 formados e inscritos no Exame Nacional de Resid\u00eancia (<a href=\"https:\/\/www.gov.br\/ebserh\/pt-br\/ensino-e-pesquisa\/exame-nacional-de-residencia-enare\" target=\"_blank\" rel=\"noopener\">Enare<\/a>), o \u00edndice de profici\u00eancia foi de 81%.<\/p>\n<h2>Enamed<\/h2>\n<p>Al\u00e9m de ser um instrumento de regula\u00e7\u00e3o da qualidade das institui\u00e7\u00f5es, o <strong>Enamed tem papel central na carreira m\u00e9dica<\/strong>:<\/p>\n<ul>\n<li>\u00e9 pr\u00e9-requisito para ingresso na resid\u00eancia;<\/li>\n<li>nota obtida influencia diretamente a classifica\u00e7\u00e3o nos processos seletivos.<\/li>\n<\/ul>\n<p>Para o ministro da Educa\u00e7\u00e3o, Camilo Santana, o <strong>exame \u00e9 uma ferramenta para o aperfei\u00e7oamento das institui\u00e7\u00f5es de ensino<\/strong>. \u201c\u00c9 um instrumento para que possamos identificar corre\u00e7\u00f5es necess\u00e1rias e garantir um ensino de qualidade. Trata-se de uma forma de monitoramento com o \u00fanico objetivo de melhorar o ensino\u201d, afirmou.<\/p>\n<p>\t\t\t\t\t\t\t\t\t<img decoding=\"async\" src=\"https:\/\/brasil61.com\/api\/v1\/serve_pixel\/22254\/87198\" alt=\"Pixel Brasil 61\" class=\"b61_pixel\" width=\"0\" height=\"0\"><\/p>\n<div class=\"br61_backlink\">\n<p>\n\t\t\t\tFonte: <a href=\"https:\/\/brasil61.com\/enamed-2025-mais-de-100-cursos-de-medicina-tiveram-desempenho-insatisfatorio-bras2615624\" title=\"Artigo Original: Enamed 2025: mais de 100 cursos de medicina tiveram desempenho insatisfat\u00f3rio\" target=\"_blank\" rel=\"noopener\">Brasil 61<\/a>\n\t\t\t<\/p>\n<\/p><\/div>\n<input type=\"hidden\" id=\"baseurl\" value=\"https:\/\/noticiasregionais.com.br\"><input type=\"hidden\" id=\"audio_nonce\" value=\"533fbb67b1\">","protected":false},"excerpt":{"rendered":"<p>MEC anuncia supervis\u00e3o para institui\u00e7\u00f5es mal avaliadas; medidas incluem suspens\u00e3o de vagas e bloqueio ao acesso a programas federais<\/p>\n","protected":false},"author":1,"featured_media":12440,"comment_status":"closed","ping_status":"open","sticky":false,"template":"","format":"standard","meta":{"sfsi_plus_gutenberg_text_before_share":"","sfsi_plus_gutenberg_show_text_before_share":"","sfsi_plus_gutenberg_icon_type":"","sfsi_plus_gutenberg_icon_alignemt":"","sfsi_plus_gutenburg_max_per_row":"","footnotes":""},"categories":[8],"tags":[],"class_list":["post-12362","post","type-post","status-publish","format-standard","has-post-thumbnail","hentry","category-brasil"],"_links":{"self":[{"href":"https:\/\/noticiasregionais.com.br\/index.php?rest_route=\/wp\/v2\/posts\/12362","targetHints":{"allow":["GET"]}}],"collection":[{"href":"https:\/\/noticiasregionais.com.br\/index.php?rest_route=\/wp\/v2\/posts"}],"about":[{"href":"https:\/\/noticiasregionais.com.br\/index.php?rest_route=\/wp\/v2\/types\/post"}],"author":[{"embeddable":true,"href":"https:\/\/noticiasregionais.com.br\/index.php?rest_route=\/wp\/v2\/users\/1"}],"replies":[{"embeddable":true,"href":"https:\/\/noticiasregionais.com.br\/index.php?rest_route=%2Fwp%2Fv2%2Fcomments&post=12362"}],"version-history":[{"count":1,"href":"https:\/\/noticiasregionais.com.br\/index.php?rest_route=\/wp\/v2\/posts\/12362\/revisions"}],"predecessor-version":[{"id":12439,"href":"https:\/\/noticiasregionais.com.br\/index.php?rest_route=\/wp\/v2\/posts\/12362\/revisions\/12439"}],"wp:featuredmedia":[{"embeddable":true,"href":"https:\/\/noticiasregionais.com.br\/index.php?rest_route=\/wp\/v2\/media\/12440"}],"wp:attachment":[{"href":"https:\/\/noticiasregionais.com.br\/index.php?rest_route=%2Fwp%2Fv2%2Fmedia&parent=12362"}],"wp:term":[{"taxonomy":"category","embeddable":true,"href":"https:\/\/noticiasregionais.com.br\/index.php?rest_route=%2Fwp%2Fv2%2Fcategories&post=12362"},{"taxonomy":"post_tag","embeddable":true,"href":"https:\/\/noticiasregionais.com.br\/index.php?rest_route=%2Fwp%2Fv2%2Ftags&post=12362"}],"curies":[{"name":"wp","href":"https:\/\/api.w.org\/{rel}","templated":true}]}}