{"id":12364,"date":"2026-01-21T04:30:00","date_gmt":"2026-01-21T07:30:00","guid":{"rendered":"https:\/\/noticiasregionais.com.br\/?p=12364"},"modified":"2026-01-21T04:30:00","modified_gmt":"2026-01-21T07:30:00","slug":"ccj-do-senado-deve-votar-projeto-que-facilita-recusa-de-contribuicao-sindical","status":"publish","type":"post","link":"https:\/\/noticiasregionais.com.br\/?p=12364","title":{"rendered":"CCJ do Senado deve votar projeto que facilita recusa de contribui\u00e7\u00e3o sindical"},"content":{"rendered":"<p>\t\t\t\t\t\t\t\t\t\t\t<audio controls class=\"b61_audio_player\" data-noticia=\"87187\" src=\"https:\/\/brasil61.com\/rails\/active_storage\/blobs\/eyJfcmFpbHMiOnsibWVzc2FnZSI6IkJBaHBBMlRsQXc9PSIsImV4cCI6bnVsbCwicHVyIjoiYmxvYl9pZCJ9fQ==--715160b7728e7d7f5c7b8f08dd0c10d81aa0be5c\/BRAS2615621A\"><\/audio><\/p>\n<p>O projeto de lei (<a href=\"https:\/\/www25.senado.leg.br\/web\/atividade\/materias\/-\/materia\/136725\" target=\"_blank\" rel=\"noopener\">PL 2.830\/2019<\/a>), que <strong>simplifica a recusa do pagamento da contribui\u00e7\u00e3o sindical pelo trabalhador, est\u00e1 pronto para ser votado pela Comiss\u00e3o de Constitui\u00e7\u00e3o e Justi\u00e7a (CCJ) <\/strong>do Senado Federal. O relator, Rog\u00e9rio Marinho (PL-RN), destacou no parecer que <strong>a oposi\u00e7\u00e3o ao pagamento ser\u00e1 simplificada, podendo ocorrer at\u00e9 mesmo via e-mail ou mensagem instant\u00e2nea, como por WhatsApp, al\u00e9m de pessoalmente,\u00a0desde que por escrito.<\/strong><\/p>\n<p>O texto original, apresentado pelo senador Styvenson Valentim (PSDB-RN) em 2019, reduzia de 45 para 15 dias o prazo para execu\u00e7\u00e3o de d\u00edvidas trabalhistas. No entanto, na CCJ, a proposta ganhou do relator\u00a0Rog\u00e9rio Marinho <strong>dispositivos para regulamentar a possibilidade de recusa da contribui\u00e7\u00e3o assistencial devida a sindicatos.<\/strong><\/p>\n<p>Marinho ressaltou no voto que o Supremo Tribunal Federal (STF) definiu como constitucional a cobran\u00e7a at\u00e9 mesmo de n\u00e3o sindicalizados, desde que assegurado o direito de oposi\u00e7\u00e3o. Apesar disso, o parlamentar destacou no relat\u00f3rio a aus\u00eancia de regras claras de como exercer esse direito.<\/p>\n<p>Ele defendeu, ainda, que <strong>as normas propostas no PL devem propiciar seguran\u00e7a jur\u00eddica para que os trabalhadores, inclusive os membros n\u00e3o associados, tenham o direito individual de oposi\u00e7\u00e3o respeitado.<\/strong><\/p>\n<p>A proposta j\u00e1 foi aprovada pela Comiss\u00e3o de Assuntos Sociais (CAS). Em Plen\u00e1rio, recebeu uma emenda do senador Paulo Paim (PT-RS) para retirada da emenda apresentada pelo senador Rog\u00e9rio Marinho. A emenda foi rejeitada na CAS.<\/p>\n<p><strong>Agora, o projeto aguarda vota\u00e7\u00e3o na CCJ do Senado.<\/strong><\/p>\n<h2>Reforma trabalhista e cancelamento de contribui\u00e7\u00e3o sindical<\/h2>\n<p>A reforma trabalhista aprovada em 2017 extinguiu o imposto sindical, tornando a contribui\u00e7\u00e3o facultativa. No entanto, em 2023, o Supremo Tribunal Federal (STF) autorizou a cobran\u00e7a de uma contribui\u00e7\u00e3o assistencial pelos sindicatos, inclusive dos trabalhadores n\u00e3o-filiados. Al\u00e9m disso, a Corte decidiu que o trabalhador precisaria manifestar expressamente que n\u00e3o gostaria de ter o desconto.<\/p>\n<p>Ap\u00f3s a decis\u00e3o, diversos trabalhadores tiveram dificuldades para se opor ao desconto pelo pa\u00eds \u2013 com relatos de prazos curtos e hor\u00e1rios de atendimento inoportunos, exigindo o comparecimento pessoal e cobrando taxas indevidas, conforme defendeu Rog\u00e9rio Marinho. Para ele, os sindicatos t\u00eam criado dificuldade para que os trabalhadores exer\u00e7am o direito de oposi\u00e7\u00e3o.<\/p>\n<p>\t\t\t\t\t\t\t\t\t\t<img decoding=\"async\" src=\"https:\/\/brasil61.com\/api\/v1\/serve_pixel\/22254\/87187\" alt=\"Pixel Brasil 61\" class=\"b61_pixel\" width=\"0\" height=\"0\"><\/p>\n<div class=\"br61_backlink\">\n<p>\n\t\t\t\tFonte: <a href=\"https:\/\/brasil61.com\/ccj-do-senado-deve-votar-projeto-que-facilita-recusa-de-contribuicao-sindical-bras2615621\" title=\"Artigo Original: CCJ do Senado deve votar projeto que facilita recusa de contribui\u00e7\u00e3o sindical \" target=\"_blank\" rel=\"noopener\">Brasil 61<\/a>\n\t\t\t<\/p>\n<\/p><\/div>\n<input type=\"hidden\" id=\"baseurl\" value=\"https:\/\/noticiasregionais.com.br\"><input type=\"hidden\" id=\"audio_nonce\" value=\"533fbb67b1\">","protected":false},"excerpt":{"rendered":"<p>O PL 2830\/2019 prev\u00ea que o trabalhador poder\u00e1 se opor ao pagamento at\u00e9 por e-mail ou WhatsApp<\/p>\n","protected":false},"author":1,"featured_media":12365,"comment_status":"","ping_status":"open","sticky":false,"template":"","format":"standard","meta":{"sfsi_plus_gutenberg_text_before_share":"","sfsi_plus_gutenberg_show_text_before_share":"","sfsi_plus_gutenberg_icon_type":"","sfsi_plus_gutenberg_icon_alignemt":"","sfsi_plus_gutenburg_max_per_row":"","footnotes":""},"categories":[8],"tags":[],"class_list":["post-12364","post","type-post","status-publish","format-standard","has-post-thumbnail","hentry","category-brasil"],"_links":{"self":[{"href":"https:\/\/noticiasregionais.com.br\/index.php?rest_route=\/wp\/v2\/posts\/12364","targetHints":{"allow":["GET"]}}],"collection":[{"href":"https:\/\/noticiasregionais.com.br\/index.php?rest_route=\/wp\/v2\/posts"}],"about":[{"href":"https:\/\/noticiasregionais.com.br\/index.php?rest_route=\/wp\/v2\/types\/post"}],"author":[{"embeddable":true,"href":"https:\/\/noticiasregionais.com.br\/index.php?rest_route=\/wp\/v2\/users\/1"}],"replies":[{"embeddable":true,"href":"https:\/\/noticiasregionais.com.br\/index.php?rest_route=%2Fwp%2Fv2%2Fcomments&post=12364"}],"version-history":[{"count":0,"href":"https:\/\/noticiasregionais.com.br\/index.php?rest_route=\/wp\/v2\/posts\/12364\/revisions"}],"wp:featuredmedia":[{"embeddable":true,"href":"https:\/\/noticiasregionais.com.br\/index.php?rest_route=\/wp\/v2\/media\/12365"}],"wp:attachment":[{"href":"https:\/\/noticiasregionais.com.br\/index.php?rest_route=%2Fwp%2Fv2%2Fmedia&parent=12364"}],"wp:term":[{"taxonomy":"category","embeddable":true,"href":"https:\/\/noticiasregionais.com.br\/index.php?rest_route=%2Fwp%2Fv2%2Fcategories&post=12364"},{"taxonomy":"post_tag","embeddable":true,"href":"https:\/\/noticiasregionais.com.br\/index.php?rest_route=%2Fwp%2Fv2%2Ftags&post=12364"}],"curies":[{"name":"wp","href":"https:\/\/api.w.org\/{rel}","templated":true}]}}