{"id":12366,"date":"2026-01-21T04:35:00","date_gmt":"2026-01-21T07:35:00","guid":{"rendered":"https:\/\/noticiasregionais.com.br\/?p=12366"},"modified":"2026-01-22T22:31:41","modified_gmt":"2026-01-23T01:31:41","slug":"municipios-tem-ate-31-de-janeiro-para-aderir-a-estrategia-alimenta-cidades","status":"publish","type":"post","link":"https:\/\/noticiasregionais.com.br\/?p=12366","title":{"rendered":"Munic\u00edpios t\u00eam at\u00e9 31 de janeiro para aderir \u00e0 Estrat\u00e9gia Alimenta Cidades"},"content":{"rendered":"<p>\t\t\t\t\t\t\t\t\t\t<audio controls class=\"b61_audio_player\" data-noticia=\"87176\" src=\"https:\/\/brasil61.com\/rails\/active_storage\/blobs\/eyJfcmFpbHMiOnsibWVzc2FnZSI6IkJBaHBBMXpsQXc9PSIsImV4cCI6bnVsbCwicHVyIjoiYmxvYl9pZCJ9fQ==--ce5302df8c33b6c6cb09991ab788900ca638a81c\/BRAS2615618A\"><\/audio><\/p>\n<p>O <strong>Minist\u00e9rio do Desenvolvimento e Assist\u00eancia Social, Fam\u00edlia e Combate \u00e0 Fome<\/strong> (<a href=\"https:\/\/www.gov.br\/mds\/pt-br\" target=\"_blank\" rel=\"noopener\">MDS<\/a>) est\u00e1 com prazo aberto para que munic\u00edpios de todo o pa\u00eds ingressem na <strong>Estrat\u00e9gia Alimenta Cidades<\/strong>. At\u00e9 o dia <strong>31 de janeiro<\/strong>, as prefeituras podem manifestar interesse em participar do novo ciclo do programa, denominado Alimenta Cidades +1000, que prev\u00ea a amplia\u00e7\u00e3o da pol\u00edtica p\u00fablica para at\u00e9 mil munic\u00edpios.<\/p>\n<\/p>\n<p dir=\"ltr\">Coordenada pela <strong>Secretaria Nacional de Seguran\u00e7a Alimentar e Nutricional <\/strong>(<a href=\"https:\/\/www.gov.br\/mds\/pt-br\/orgaos\/SESAN\" target=\"_blank\" rel=\"noopener\">Sesan<\/a>), a Estrat\u00e9gia ocupa posi\u00e7\u00e3o central no enfrentamento da fome nas cidades, com foco em territ\u00f3rios perif\u00e9ricos urbanos e em popula\u00e7\u00f5es em situa\u00e7\u00e3o de vulnerabilidade social. A iniciativa fomenta o acesso a financiamentos e apoia o planejamento e a implementa\u00e7\u00e3o de sistemas alimentares urbanos mais justos, sustent\u00e1veis e resilientes.<\/p>\n<p dir=\"ltr\">Atualmente em implementa\u00e7\u00e3o em <strong>102 munic\u00edpios<\/strong>, o Alimenta Cidades mant\u00e9m aten\u00e7\u00e3o priorit\u00e1ria a contextos marcados por inseguran\u00e7a alimentar, especialmente em regi\u00f5es classificadas como desertos e p\u00e2ntanos alimentares. Com a abertura do novo ciclo, a Estrat\u00e9gia amplia significativamente seu alcance.<\/p>\n<p dir=\"ltr\">Institu\u00edda pelo Decreto n\u00ba 11.822, de 12 de dezembro de 2023, a Estrat\u00e9gia Nacional de Seguran\u00e7a Alimentar e Nutricional nas Cidades orienta a atua\u00e7\u00e3o do Governo Federal no enfrentamento da fome nos espa\u00e7os urbanos, fortalecendo capacidades institucionais locais e ampliando o di\u00e1logo federativo.<\/p>\n<h2 dir=\"ltr\">Apoio aos munic\u00edpios<\/h2>\n<p dir=\"ltr\">Os munic\u00edpios que integram a Estrat\u00e9gia Alimenta Cidades t\u00eam acesso a um conjunto de ofertas, que inclui:<\/p>\n<ul dir=\"ltr\">\n<li>\u00a0Apoio t\u00e9cnico-institucional;<\/li>\n<li>\u00a0Produ\u00e7\u00e3o de conhecimento para subsidiar a tomada de decis\u00e3o;<\/li>\n<li>Coopera\u00e7\u00e3o e interc\u00e2mbio de experi\u00eancias;<\/li>\n<li>Mentorias tem\u00e1ticas especializadas;<\/li>\n<li>A\u00e7\u00f5es de inova\u00e7\u00e3o orientadas por desafios reais dos territ\u00f3rios;<\/li>\n<li>\u00a0Apoio \u00e0 capta\u00e7\u00e3o de recursos.<\/li>\n<\/ul>\n<p dir=\"ltr\">A manifesta\u00e7\u00e3o de interesse deve ser realizada por meio de formul\u00e1rio eletr\u00f4nico dispon\u00edvel na Plataforma Alimenta Cidades. Caso o n\u00famero de munic\u00edpios interessados ultrapasse o limite de mil vagas, a prioriza\u00e7\u00e3o seguir\u00e1 os seguintes crit\u00e9rios:<\/p>\n<ul dir=\"ltr\">\n<li>Munic\u00edpios participantes do Protocolo Brasil Sem Fome;<\/li>\n<li>Munic\u00edpios localizados nas regi\u00f5es Norte e Nordeste.<\/li>\n<\/ul>\n<h2 dir=\"ltr\">Frentes de atua\u00e7\u00e3o<\/h2>\n<p dir=\"ltr\">A Estrat\u00e9gia Alimenta Cidades estrutura-se a partir de pilares como:<\/p>\n<ul dir=\"ltr\">\n<li>Fortalecimento das capacidades institucionais locais;<\/li>\n<li>Coopera\u00e7\u00e3o horizontal em \u00e2mbito nacional e internacional;<\/li>\n<li>Inova\u00e7\u00e3o aberta para o desenvolvimento de solu\u00e7\u00f5es;<\/li>\n<li>Promo\u00e7\u00e3o de uma vis\u00e3o integrada do Sistema Alimentar Urbano;<\/li>\n<li>Fortalecimento do Sistema Nacional de Seguran\u00e7a Alimentar e Nutricional (Sisan).<\/li>\n<\/ul>\n<h2 dir=\"ltr\">Objetivos da expans\u00e3o<\/h2>\n<ul dir=\"ltr\">\n<li>Apoiar at\u00e9 mil munic\u00edpios na implementa\u00e7\u00e3o da Estrat\u00e9gia Alimenta Cidades;<\/li>\n<li>Fortalecer pol\u00edticas p\u00fablicas de seguran\u00e7a alimentar e nutricional;<\/li>\n<li>Promover inova\u00e7\u00e3o para sistemas alimentares saud\u00e1veis, sustent\u00e1veis e resilientes;<\/li>\n<li>Compartilhar conhecimentos e experi\u00eancias por meio da coopera\u00e7\u00e3o entre cidades e pa\u00edses;<\/li>\n<li>Construir estrat\u00e9gias coletivas de apoio t\u00e9cnico e institucional do Governo Federal;<\/li>\n<li>\u00a0Impulsionar a formula\u00e7\u00e3o de pol\u00edticas p\u00fablicas estruturantes alinhadas \u00e0s realidades locais;<\/li>\n<li>\u00a0Fortalecer a capacidade institucional e o di\u00e1logo em n\u00edveis regionais e globais;<\/li>\n<li>Fomentar o acesso a financiamentos para o desenvolvimento sustent\u00e1vel e inclusivo das cidades.<\/li>\n<\/ul>\n<p>\t\t\t\t\t\t\t\t\t<img decoding=\"async\" src=\"https:\/\/brasil61.com\/api\/v1\/serve_pixel\/22254\/87176\" alt=\"Pixel Brasil 61\" class=\"b61_pixel\" width=\"0\" height=\"0\"><\/p>\n<div class=\"br61_backlink\">\n<p>\n\t\t\t\tFonte: <a href=\"https:\/\/brasil61.com\/municipios-tem-ate-31-de-janeiro-para-aderir-a-estrategia-alimenta-cidades-bras2615618\" title=\"Artigo Original: Munic\u00edpios t\u00eam at\u00e9 31 de janeiro para aderir \u00e0 Estrat\u00e9gia Alimenta Cidades\" target=\"_blank\" rel=\"noopener\">Brasil 61<\/a>\n\t\t\t<\/p>\n<\/p><\/div>\n<input type=\"hidden\" id=\"baseurl\" value=\"https:\/\/noticiasregionais.com.br\"><input type=\"hidden\" id=\"audio_nonce\" value=\"533fbb67b1\">","protected":false},"excerpt":{"rendered":"<p>Novo ciclo Alimenta Cidades +1000 vai ampliar para at\u00e9 mil munic\u00edpios o apoio do Governo Federal ao fortalecimento da seguran\u00e7a alimentar urbana<\/p>\n","protected":false},"author":1,"featured_media":12442,"comment_status":"closed","ping_status":"open","sticky":false,"template":"","format":"standard","meta":{"sfsi_plus_gutenberg_text_before_share":"","sfsi_plus_gutenberg_show_text_before_share":"","sfsi_plus_gutenberg_icon_type":"","sfsi_plus_gutenberg_icon_alignemt":"","sfsi_plus_gutenburg_max_per_row":"","footnotes":""},"categories":[8],"tags":[],"class_list":["post-12366","post","type-post","status-publish","format-standard","has-post-thumbnail","hentry","category-brasil"],"_links":{"self":[{"href":"https:\/\/noticiasregionais.com.br\/index.php?rest_route=\/wp\/v2\/posts\/12366","targetHints":{"allow":["GET"]}}],"collection":[{"href":"https:\/\/noticiasregionais.com.br\/index.php?rest_route=\/wp\/v2\/posts"}],"about":[{"href":"https:\/\/noticiasregionais.com.br\/index.php?rest_route=\/wp\/v2\/types\/post"}],"author":[{"embeddable":true,"href":"https:\/\/noticiasregionais.com.br\/index.php?rest_route=\/wp\/v2\/users\/1"}],"replies":[{"embeddable":true,"href":"https:\/\/noticiasregionais.com.br\/index.php?rest_route=%2Fwp%2Fv2%2Fcomments&post=12366"}],"version-history":[{"count":1,"href":"https:\/\/noticiasregionais.com.br\/index.php?rest_route=\/wp\/v2\/posts\/12366\/revisions"}],"predecessor-version":[{"id":12441,"href":"https:\/\/noticiasregionais.com.br\/index.php?rest_route=\/wp\/v2\/posts\/12366\/revisions\/12441"}],"wp:featuredmedia":[{"embeddable":true,"href":"https:\/\/noticiasregionais.com.br\/index.php?rest_route=\/wp\/v2\/media\/12442"}],"wp:attachment":[{"href":"https:\/\/noticiasregionais.com.br\/index.php?rest_route=%2Fwp%2Fv2%2Fmedia&parent=12366"}],"wp:term":[{"taxonomy":"category","embeddable":true,"href":"https:\/\/noticiasregionais.com.br\/index.php?rest_route=%2Fwp%2Fv2%2Fcategories&post=12366"},{"taxonomy":"post_tag","embeddable":true,"href":"https:\/\/noticiasregionais.com.br\/index.php?rest_route=%2Fwp%2Fv2%2Ftags&post=12366"}],"curies":[{"name":"wp","href":"https:\/\/api.w.org\/{rel}","templated":true}]}}