{"id":12368,"date":"2026-01-21T04:40:00","date_gmt":"2026-01-21T07:40:00","guid":{"rendered":"https:\/\/noticiasregionais.com.br\/?p=12368"},"modified":"2026-01-22T22:31:45","modified_gmt":"2026-01-23T01:31:45","slug":"saneamento-projeto-em-analise-na-camara-preve-novos-incentivos-fiscais-para-empresas-do-setor","status":"publish","type":"post","link":"https:\/\/noticiasregionais.com.br\/?p=12368","title":{"rendered":"Saneamento: projeto em an\u00e1lise na C\u00e2mara prev\u00ea novos incentivos fiscais para empresas do setor"},"content":{"rendered":"<p>\t\t\t\t\t\t\t\t\t\t<audio controls class=\"b61_audio_player\" data-noticia=\"87192\" src=\"https:\/\/brasil61.com\/rails\/active_storage\/blobs\/eyJfcmFpbHMiOnsibWVzc2FnZSI6IkJBaHBBMkhsQXc9PSIsImV4cCI6bnVsbCwicHVyIjoiYmxvYl9pZCJ9fQ==--3bb2a9e5104394935299ccfddfff2fe8a66f512a\/BRAS2615622A\"><\/audio><\/p>\n<p>A Comiss\u00e3o de Desenvolvimento Urbano da C\u00e2mara dos Deputados aprovou, em dezembro, um projeto de lei (<a href=\"https:\/\/www.camara.leg.br\/proposicoesWeb\/fichadetramitacao?idProposicao=2480951\" target=\"_blank\" rel=\"noopener\">PL 4952\/24<\/a>) que cria <strong>incentivos fiscais para aumentar os investimentos em saneamento b\u00e1sico. O objetivo \u00e9 acelerar o cumprimento das metas de universaliza\u00e7\u00e3o dos servi\u00e7os, previstas para 2033.<\/strong><\/p>\n<p>Pela proposta,<strong> fica autorizado ao governo a cria\u00e7\u00e3o de incentivos fiscais para empresas que apoiarem projetos de saneamento b\u00e1sico.<\/strong> Conforme o texto, parte do or\u00e7amento estadual ser\u00e1 destinado para a <strong>cria\u00e7\u00e3o de fundos estaduais para projetos de saneamento em munic\u00edpios com baixo \u00edndice de cobertura.<\/strong> O projeto tamb\u00e9m estabelece diretrizes para a aplica\u00e7\u00e3o desses recursos.<\/p>\n<p>A proposta \u00e9 de autoria do deputado Amom Mandel (Cidadania-AM) e recebeu relat\u00f3rio favor\u00e1vel do deputado Hildo Rocha (MDB-MA) \u2013 \u00a0com emendas.<\/p>\n<p><strong>No\u00a0parecer, o relator mencionou estudos que indicam que, no ritmo atual de investimentos no setor, a universaliza\u00e7\u00e3o s\u00f3 poder\u00e1 ser alcan\u00e7ada em 2070.<\/strong><\/p>\n<h2>Emendas<\/h2>\n<p>A fun\u00e7\u00e3o de monitorar a aplica\u00e7\u00e3o dos incentivos ficar\u00e1 a cargo do <strong>Comit\u00ea Interministerial de Saneamento B\u00e1sico<\/strong>, conforme estabelece uma das emendas. Pelo texto original, a tarefa ficaria atribu\u00edda \u00e0 uma Comiss\u00e3o Nacional de Acompanhamento, que seria criada. No relat\u00f3rio, Hildo Rocha afirmou que a altera\u00e7\u00e3o busca dar &#8220;maior racionalidade administrativa e evitar a sobreposi\u00e7\u00e3o de estruturas&#8221;.<\/p>\n<p>Rocha tamb\u00e9m removeu a lista espec\u00edfica de incentivos fiscais da proposta original, que previa redu\u00e7\u00f5es em impostos, como o Imposto de Renda (IR) e o Imposto sobre Produtos Industrializados (IPI). Com a mudan\u00e7a, o texto passa a dar uma <strong>autoriza\u00e7\u00e3o geral para o governo criar o regime de incentivos<\/strong>, sem detalhar quais impostos devem ser impactados.<\/p>\n<p>Hoje, os incentivos fiscais para o saneamento s\u00e3o indiretos. Os recursos beneficiam o investidor que compra t\u00edtulos de d\u00edvida do setor ou reduzem impostos sobre materiais de constru\u00e7\u00e3o. No entanto, n\u00e3o reduzem o Imposto de Renda sobre a opera\u00e7\u00e3o da pr\u00f3pria empresa.<\/p>\n<h2>Tramita\u00e7\u00e3o<\/h2>\n<p>O projeto de lei tramita em car\u00e1ter conclusivo e ser\u00e1 analisado pelas comiss\u00f5es de Finan\u00e7as e Tributa\u00e7\u00e3o; e de Constitui\u00e7\u00e3o e Justi\u00e7a e de Cidadania da C\u00e2mara.\u00a0<\/p>\n<p><strong>Para virar lei, o texto precisa ser aprovado pela C\u00e2mara e pelo Senado.<\/strong><\/p>\n<p><a href=\"https:\/\/brasil61.com\/n\/atraso-nas-metas-de-universalizacao-do-saneamento-basico-gera-debate-sobre-adiamento-bras2615565\" target=\"_blank\" rel=\"noopener\">Atraso nas metas de universaliza\u00e7\u00e3o do saneamento b\u00e1sico gera debate sobre adiamento<\/a><br \/>\n<a href=\"https:\/\/brasil61.com\/n\/saneamento-basico-prazo-da-regionalizacao-e-prorrogado-ate-2027-bras2515469\" target=\"_blank\" rel=\"noopener\">Saneamento b\u00e1sico: prazo da regionaliza\u00e7\u00e3o \u00e9 prorrogado at\u00e9 2027<\/a><br \/>\n\u00a0<\/p>\n<p>\t\t\t\t\t\t\t\t\t<img decoding=\"async\" src=\"https:\/\/brasil61.com\/api\/v1\/serve_pixel\/22254\/87192\" alt=\"Pixel Brasil 61\" class=\"b61_pixel\" width=\"0\" height=\"0\"><\/p>\n<div class=\"br61_backlink\">\n<p>\n\t\t\t\tFonte: <a href=\"https:\/\/brasil61.com\/saneamento-projeto-em-analise-na-camara-preve-novos-incentivos-fiscais-para-empresas-do-setor-bras2615622\" title=\"Artigo Original: Saneamento: projeto em an\u00e1lise na C\u00e2mara prev\u00ea novos incentivos fiscais para empresas do setor\" target=\"_blank\" rel=\"noopener\">Brasil 61<\/a>\n\t\t\t<\/p>\n<\/p><\/div>\n<input type=\"hidden\" id=\"baseurl\" value=\"https:\/\/noticiasregionais.com.br\"><input type=\"hidden\" id=\"audio_nonce\" value=\"533fbb67b1\">","protected":false},"excerpt":{"rendered":"<p>Projeto de Lei 4952\/24 visa acelerar a universaliza\u00e7\u00e3o dos servi\u00e7os de saneamento, cujas metas s\u00e3o para 2033; para virar lei, texto deve ser aprovado por deputados e senadores<\/p>\n","protected":false},"author":1,"featured_media":12444,"comment_status":"closed","ping_status":"open","sticky":false,"template":"","format":"standard","meta":{"sfsi_plus_gutenberg_text_before_share":"","sfsi_plus_gutenberg_show_text_before_share":"","sfsi_plus_gutenberg_icon_type":"","sfsi_plus_gutenberg_icon_alignemt":"","sfsi_plus_gutenburg_max_per_row":"","footnotes":""},"categories":[8],"tags":[],"class_list":["post-12368","post","type-post","status-publish","format-standard","has-post-thumbnail","hentry","category-brasil"],"_links":{"self":[{"href":"https:\/\/noticiasregionais.com.br\/index.php?rest_route=\/wp\/v2\/posts\/12368","targetHints":{"allow":["GET"]}}],"collection":[{"href":"https:\/\/noticiasregionais.com.br\/index.php?rest_route=\/wp\/v2\/posts"}],"about":[{"href":"https:\/\/noticiasregionais.com.br\/index.php?rest_route=\/wp\/v2\/types\/post"}],"author":[{"embeddable":true,"href":"https:\/\/noticiasregionais.com.br\/index.php?rest_route=\/wp\/v2\/users\/1"}],"replies":[{"embeddable":true,"href":"https:\/\/noticiasregionais.com.br\/index.php?rest_route=%2Fwp%2Fv2%2Fcomments&post=12368"}],"version-history":[{"count":1,"href":"https:\/\/noticiasregionais.com.br\/index.php?rest_route=\/wp\/v2\/posts\/12368\/revisions"}],"predecessor-version":[{"id":12443,"href":"https:\/\/noticiasregionais.com.br\/index.php?rest_route=\/wp\/v2\/posts\/12368\/revisions\/12443"}],"wp:featuredmedia":[{"embeddable":true,"href":"https:\/\/noticiasregionais.com.br\/index.php?rest_route=\/wp\/v2\/media\/12444"}],"wp:attachment":[{"href":"https:\/\/noticiasregionais.com.br\/index.php?rest_route=%2Fwp%2Fv2%2Fmedia&parent=12368"}],"wp:term":[{"taxonomy":"category","embeddable":true,"href":"https:\/\/noticiasregionais.com.br\/index.php?rest_route=%2Fwp%2Fv2%2Fcategories&post=12368"},{"taxonomy":"post_tag","embeddable":true,"href":"https:\/\/noticiasregionais.com.br\/index.php?rest_route=%2Fwp%2Fv2%2Ftags&post=12368"}],"curies":[{"name":"wp","href":"https:\/\/api.w.org\/{rel}","templated":true}]}}