{"id":12400,"date":"2026-01-22T04:00:00","date_gmt":"2026-01-22T07:00:00","guid":{"rendered":"https:\/\/noticiasregionais.com.br\/?p=12400"},"modified":"2026-01-22T04:00:00","modified_gmt":"2026-01-22T07:00:00","slug":"soja-e-trigo-confira-as-cotacoes-de-preco-para-esta-quinta-feira-22","status":"publish","type":"post","link":"https:\/\/noticiasregionais.com.br\/?p=12400","title":{"rendered":"Soja e trigo: confira as cota\u00e7\u00f5es de pre\u00e7o para esta quinta-feira (22)"},"content":{"rendered":"<p>\t\t\t\t\t\t\t\t\t\t\t<audio controls class=\"b61_audio_player\" data-noticia=\"87225\" src=\"https:\/\/brasil61.com\/rails\/active_storage\/blobs\/eyJfcmFpbHMiOnsibWVzc2FnZSI6IkJBaHBBOHJtQXc9PSIsImV4cCI6bnVsbCwicHVyIjoiYmxvYl9pZCJ9fQ==--afda48c4be6158c5e4e7e8183fb77973313ea152\/PAGR266057A\"><\/audio><\/p>\n<p>A saca de 60 quilos da soja inicia esta <strong>quinta-feira (22)<\/strong> com movimenta\u00e7\u00f5es distintas no Paran\u00e1. No <strong>interior do estado, o gr\u00e3o \u00e9 negociado a R$124,25, com valoriza\u00e7\u00e3o de 0,49%<\/strong>. J\u00e1 no porto de <strong>Paranagu\u00e1<\/strong>, principal refer\u00eancia no litoral paranaense, a cota\u00e7\u00e3o apresenta<strong> recuo de 0,95%, sendo negociada a R$129,71<\/strong>.<\/p>\n<p><strong>INDICADOR DA SOJA CEPEA\/ESALQ &#8211; PARAN\u00c1<\/strong><\/p>\n<table id=\"indicador-soja-interior\">\n<thead>\n<tr>\n<th>Data<\/th>\n<th>Valor R$*<\/th>\n<th>Var.\/Dia<\/th>\n<th>Var.\/M\u00eas<\/th>\n<th>Valor US$*<\/th>\n<\/tr>\n<\/thead>\n<tbody>\n<tr>\n<td>21\/01\/2026<\/td>\n<td>124,25<\/td>\n<td>0,49%<\/td>\n<td>-8,37%<\/td>\n<td>23,36<\/td>\n<\/tr>\n<tr>\n<td>20\/01\/2026<\/td>\n<td>123,64<\/td>\n<td>-1,02%<\/td>\n<td>-8,82%<\/td>\n<td>22,99<\/td>\n<\/tr>\n<tr>\n<td>19\/01\/2026<\/td>\n<td>124,92<\/td>\n<td>0,26%<\/td>\n<td>-7,88%<\/td>\n<td>23,29<\/td>\n<\/tr>\n<tr>\n<td>16\/01\/2026<\/td>\n<td>124,60<\/td>\n<td>0,18%<\/td>\n<td>-8,11%<\/td>\n<td>23,19<\/td>\n<\/tr>\n<tr>\n<td>15\/01\/2026<\/td>\n<td>124,38<\/td>\n<td>-0,05%<\/td>\n<td>-8,27%<\/td>\n<td>23,20<\/td>\n<\/tr>\n<\/tbody>\n<\/table>\n<p>\u00a0<\/p>\n<\/p>\n<p dir=\"ltr\"><b>INDICADOR DA SOJA CEPEA\/ESALQ &#8211; PARANAGU\u00c1<\/b><\/p>\n<table id=\"indicador-soja-paranagua\">\n<thead>\n<tr>\n<th>Data<\/th>\n<th>Valor R$*<\/th>\n<th>Var.\/Dia<\/th>\n<th>Var.\/M\u00eas<\/th>\n<th>Valor US$*<\/th>\n<\/tr>\n<\/thead>\n<tbody>\n<tr>\n<td>21\/01\/2026<\/td>\n<td>129,71<\/td>\n<td>-0,95%<\/td>\n<td>-8,01%<\/td>\n<td>24,39<\/td>\n<\/tr>\n<tr>\n<td>20\/01\/2026<\/td>\n<td>130,95<\/td>\n<td>-0,62%<\/td>\n<td>-7,13%<\/td>\n<td>24,35<\/td>\n<\/tr>\n<tr>\n<td>19\/01\/2026<\/td>\n<td>131,77<\/td>\n<td>0,24%<\/td>\n<td>-6,55%<\/td>\n<td>24,57<\/td>\n<\/tr>\n<tr>\n<td>16\/01\/2026<\/td>\n<td>131,45<\/td>\n<td>-0,11%<\/td>\n<td>-6,78%<\/td>\n<td>24,47<\/td>\n<\/tr>\n<tr>\n<td>15\/01\/2026<\/td>\n<td>131,60<\/td>\n<td>0,77%<\/td>\n<td>-6,67%<\/td>\n<td>24,54<\/td>\n<\/tr>\n<\/tbody>\n<\/table>\n<h2>Trigo<\/h2>\n<p>O pre\u00e7o do<b> trigo<\/b> apresenta <b>queda no Paran\u00e1 <\/b>e a tonelada \u00e9<b> negociada a R$1.185,27. <\/b>E no <b>Rio Grande do Sul, <\/b>a tonelada do gr\u00e3o registra<b> valoriza\u00e7\u00e3o de 0,25%, sendo cotada a R$1.053,84.<\/b><\/p>\n<p>\n<b>PRE\u00c7O M\u00c9DIO DO TRIGO CEPEA\/ESALQ &#8211; PARAN\u00c1<\/b><\/p>\n<table id=\"indicador-farelo\">\n<thead>\n<tr>\n<th>Data<\/th>\n<th>Valor R$\/t*<\/th>\n<th>Var.\/Dia<\/th>\n<th>Var.\/M\u00eas<\/th>\n<th>Valor US$\/t*<\/th>\n<\/tr>\n<\/thead>\n<tbody>\n<tr>\n<td>21\/01\/2026<\/td>\n<td>1.185,27<\/td>\n<td>-0,37%<\/td>\n<td>0,26%<\/td>\n<td>222,84<\/td>\n<\/tr>\n<tr>\n<td>20\/01\/2026<\/td>\n<td>1.189,70<\/td>\n<td>1,82%<\/td>\n<td>0,64%<\/td>\n<td>221,22<\/td>\n<\/tr>\n<tr>\n<td>19\/01\/2026<\/td>\n<td>1.168,39<\/td>\n<td>-0,26%<\/td>\n<td>-1,17%<\/td>\n<td>217,82<\/td>\n<\/tr>\n<tr>\n<td>16\/01\/2026<\/td>\n<td>1.171,48<\/td>\n<td>-0,49%<\/td>\n<td>-0,91%<\/td>\n<td>218,07<\/td>\n<\/tr>\n<tr>\n<td>15\/01\/2026<\/td>\n<td>1.177,22<\/td>\n<td>-0,09%<\/td>\n<td>-0,42%<\/td>\n<td>219,55<\/td>\n<\/tr>\n<\/tbody>\n<\/table>\n<p><strong>PRE\u00c7O M\u00c9DIO DO TRIGO CEPEA\/ESALQ &#8211; RIO GRANDE DO SUL<\/strong><\/p>\n<table id=\"indicador-oleo\">\n<thead>\n<tr>\n<th>Data<\/th>\n<th>Valor R$\/t*<\/th>\n<th>Var.\/Dia<\/th>\n<th>Var.\/M\u00eas<\/th>\n<th>Valor US$\/t*<\/th>\n<\/tr>\n<\/thead>\n<tbody>\n<tr>\n<td>21\/01\/2026<\/td>\n<td>1.053,84<\/td>\n<td>0,25%<\/td>\n<td>0,75%<\/td>\n<td>198,13<\/td>\n<\/tr>\n<tr>\n<td>20\/01\/2026<\/td>\n<td>1.051,18<\/td>\n<td>0,51%<\/td>\n<td>0,49%<\/td>\n<td>195,46<\/td>\n<\/tr>\n<tr>\n<td>19\/01\/2026<\/td>\n<td>1.045,84<\/td>\n<td>0,01%<\/td>\n<td>-0,02%<\/td>\n<td>194,97<\/td>\n<\/tr>\n<tr>\n<td>16\/01\/2026<\/td>\n<td>1.045,71<\/td>\n<td>-0,84%<\/td>\n<td>-0,03%<\/td>\n<td>194,66<\/td>\n<\/tr>\n<tr>\n<td>15\/01\/2026<\/td>\n<td>1.054,59<\/td>\n<td>0,00%<\/td>\n<td>0,82%<\/td>\n<td>196,68<\/td>\n<\/tr>\n<\/tbody>\n<\/table>\n<p>Os dados s\u00e3o do <a href=\"https:\/\/www.cepea.org.br\/br\/indicador\/trigo.aspx\" target=\"_blank\" rel=\"noopener\">Cepea<\/a>.<\/p>\n<h2>O que \u00e9 uma saca de soja ou de trigo? Entenda a unidade de medida no mercado de gr\u00e3os<\/h2>\n<p>A saca de soja e a saca de trigo s\u00e3o as principais unidades de comercializa\u00e7\u00e3o de gr\u00e3os no Brasil. Cada saca equivale a 60 quilos, padr\u00e3o adotado por \u00f3rg\u00e3os oficiais como a<strong> Companhia Nacional de Abastecimento<\/strong> (<a href=\"https:\/\/www.gov.br\/conab\/pt-br\" target=\"_blank\" rel=\"noopener\">Conab<\/a>), o <strong>Minist\u00e9rio da Agricultura<\/strong> (<a href=\"https:\/\/www.gov.br\/agricultura\/pt-br\" target=\"_blank\" rel=\"noopener\">MAPA<\/a>) e o <strong>Centro de Estudos Avan\u00e7ados em Economia Aplicada<\/strong> (<a href=\"https:\/\/www.cepea.org.br\/br\/indicador\/trigo.aspx\" target=\"_blank\" rel=\"noopener\">Cepea<\/a>).<\/p>\n<p>Esse formato padronizado facilita o com\u00e9rcio da soja e do trigo, al\u00e9m de permitir um acompanhamento mais preciso das cota\u00e7\u00f5es e varia\u00e7\u00f5es de pre\u00e7os no mercado nacional.<br \/>\n\u00a0<\/p>\n<p>\t\t\t\t\t\t\t\t\t\t<img decoding=\"async\" src=\"https:\/\/brasil61.com\/api\/v1\/serve_pixel\/22254\/87225\" alt=\"Pixel Brasil 61\" class=\"b61_pixel\" width=\"0\" height=\"0\"><\/p>\n<div class=\"br61_backlink\">\n<p>\n\t\t\t\tFonte: <a href=\"https:\/\/brasil61.com\/soja-e-trigo-confira-as-cotacoes-de-preco-para-esta-quinta-feira-22-pagr266057\" title=\"Artigo Original: Soja e trigo: confira as cota\u00e7\u00f5es de pre\u00e7o para esta quinta-feira (22)\" target=\"_blank\" rel=\"noopener\">Brasil 61<\/a>\n\t\t\t<\/p>\n<\/p><\/div>\n<input type=\"hidden\" id=\"baseurl\" value=\"https:\/\/noticiasregionais.com.br\"><input type=\"hidden\" id=\"audio_nonce\" value=\"5c13e0637f\">","protected":false},"excerpt":{"rendered":"<p>Em Paranagu\u00e1, a soja encerrou o per\u00edodo em baixa; no Rio Grande do Sul, o trigo apresenta alta<\/p>\n","protected":false},"author":1,"featured_media":12401,"comment_status":"","ping_status":"open","sticky":false,"template":"","format":"standard","meta":{"sfsi_plus_gutenberg_text_before_share":"","sfsi_plus_gutenberg_show_text_before_share":"","sfsi_plus_gutenberg_icon_type":"","sfsi_plus_gutenberg_icon_alignemt":"","sfsi_plus_gutenburg_max_per_row":"","footnotes":""},"categories":[8],"tags":[],"class_list":["post-12400","post","type-post","status-publish","format-standard","has-post-thumbnail","hentry","category-brasil"],"_links":{"self":[{"href":"https:\/\/noticiasregionais.com.br\/index.php?rest_route=\/wp\/v2\/posts\/12400","targetHints":{"allow":["GET"]}}],"collection":[{"href":"https:\/\/noticiasregionais.com.br\/index.php?rest_route=\/wp\/v2\/posts"}],"about":[{"href":"https:\/\/noticiasregionais.com.br\/index.php?rest_route=\/wp\/v2\/types\/post"}],"author":[{"embeddable":true,"href":"https:\/\/noticiasregionais.com.br\/index.php?rest_route=\/wp\/v2\/users\/1"}],"replies":[{"embeddable":true,"href":"https:\/\/noticiasregionais.com.br\/index.php?rest_route=%2Fwp%2Fv2%2Fcomments&post=12400"}],"version-history":[{"count":0,"href":"https:\/\/noticiasregionais.com.br\/index.php?rest_route=\/wp\/v2\/posts\/12400\/revisions"}],"wp:featuredmedia":[{"embeddable":true,"href":"https:\/\/noticiasregionais.com.br\/index.php?rest_route=\/wp\/v2\/media\/12401"}],"wp:attachment":[{"href":"https:\/\/noticiasregionais.com.br\/index.php?rest_route=%2Fwp%2Fv2%2Fmedia&parent=12400"}],"wp:term":[{"taxonomy":"category","embeddable":true,"href":"https:\/\/noticiasregionais.com.br\/index.php?rest_route=%2Fwp%2Fv2%2Fcategories&post=12400"},{"taxonomy":"post_tag","embeddable":true,"href":"https:\/\/noticiasregionais.com.br\/index.php?rest_route=%2Fwp%2Fv2%2Ftags&post=12400"}],"curies":[{"name":"wp","href":"https:\/\/api.w.org\/{rel}","templated":true}]}}