{"id":12402,"date":"2026-01-22T04:05:00","date_gmt":"2026-01-22T07:05:00","guid":{"rendered":"https:\/\/noticiasregionais.com.br\/?p=12402"},"modified":"2026-01-22T04:05:00","modified_gmt":"2026-01-22T07:05:00","slug":"boi-gordo-hoje-confira-as-cotacoes-para-quinta-feira-22","status":"publish","type":"post","link":"https:\/\/noticiasregionais.com.br\/?p=12402","title":{"rendered":"Boi gordo hoje: confira as cota\u00e7\u00f5es para quinta-feira (22)"},"content":{"rendered":"<p>\t\t\t\t\t\t\t\t\t\t\t<audio controls class=\"b61_audio_player\" data-noticia=\"87226\" src=\"https:\/\/brasil61.com\/rails\/active_storage\/blobs\/eyJfcmFpbHMiOnsibWVzc2FnZSI6IkJBaHBBOHZtQXc9PSIsImV4cCI6bnVsbCwicHVyIjoiYmxvYl9pZCJ9fQ==--dbbeaf64ea869931f84100d611dfa7045472fc03\/PAGR266058A\"><\/audio><\/p>\n<p>O pre\u00e7o do<b> boi gordo <\/b>nesta quinta-feira (22) apresenta <b>desvaloriza\u00e7\u00e3o; <\/b>a arroba est\u00e1 sendo negociada a <b>R$319,10, no estado de S\u00e3o Paulo.\u00a0<\/b><\/p>\n<\/p>\n<p>\n<b>INDICADOR DO BOI GORDO CEPEA\/ESALQ<\/b><\/p>\n<table id=\"imagenet-indicador1\">\n<thead>\n<tr>\n<th>Data<\/th>\n<th>Valor R$*<\/th>\n<th>Var.\/Dia<\/th>\n<th>Var.\/M\u00eas<\/th>\n<th>Valor US$*<\/th>\n<\/tr>\n<\/thead>\n<tbody>\n<tr>\n<td>21\/01\/2026<\/td>\n<td>319,10<\/td>\n<td>-0,59%<\/td>\n<td>-0,03%<\/td>\n<td>59,99<\/td>\n<\/tr>\n<tr>\n<td>20\/01\/2026<\/td>\n<td>321,00<\/td>\n<td>0,74%<\/td>\n<td>0,56%<\/td>\n<td>59,69<\/td>\n<\/tr>\n<tr>\n<td>19\/01\/2026<\/td>\n<td>318,65<\/td>\n<td>0,19%<\/td>\n<td>-0,17%<\/td>\n<td>59,41<\/td>\n<\/tr>\n<tr>\n<td>16\/01\/2026<\/td>\n<td>318,05<\/td>\n<td>0,06%<\/td>\n<td>-0,36%<\/td>\n<td>59,21<\/td>\n<\/tr>\n<tr>\n<td>15\/01\/2026<\/td>\n<td>317,85<\/td>\n<td>-0,22%<\/td>\n<td>-0,42%<\/td>\n<td>59,28<\/td>\n<\/tr>\n<\/tbody>\n<\/table>\n<p>Na Grande S\u00e3o Paulo, em S\u00e3o Jos\u00e9 do Rio Preto e em Descalvado, os pre\u00e7os do<b> frango apresentaram estabilidade pelo segundo dia consecutivo. O frango congelado <\/b>\u00e9 negociado a<b> R$7,25, <\/b>enquanto o<b> resfriado <\/b>est\u00e1 cotado a<b> R$7,32.<\/b><\/p>\n<p>\n<b>PRE\u00c7OS DO FRANGO CONGELADO CEPEA\/ESALQ &#8211; ESTADO SP<\/b><\/p>\n<table id=\"imagenet-indicador2\">\n<thead>\n<tr>\n<th>Data<\/th>\n<th>Valor R$<\/th>\n<th>Var.\/Dia<\/th>\n<th>Var.\/M\u00eas<\/th>\n<\/tr>\n<\/thead>\n<tbody>\n<tr>\n<td>21\/01\/2026<\/td>\n<td>7,25<\/td>\n<td>0,00%<\/td>\n<td>-10,71%<\/td>\n<\/tr>\n<tr>\n<td>20\/01\/2026<\/td>\n<td>7,25<\/td>\n<td>0,00%<\/td>\n<td>-10,71%<\/td>\n<\/tr>\n<tr>\n<td>19\/01\/2026<\/td>\n<td>7,25<\/td>\n<td>-0,41%<\/td>\n<td>-10,71%<\/td>\n<\/tr>\n<tr>\n<td>16\/01\/2026<\/td>\n<td>7,28<\/td>\n<td>-0,82%<\/td>\n<td>-10,34%<\/td>\n<\/tr>\n<tr>\n<td>15\/01\/2026<\/td>\n<td>7,34<\/td>\n<td>0,00%<\/td>\n<td>-9,61%<\/td>\n<\/tr>\n<\/tbody>\n<\/table>\n<p><strong>PRE\u00c7OS DO FRANGO RESFRIADO CEPEA\/ESALQ &#8211; ESTADO SP<\/strong><\/p>\n<table id=\"imagenet-indicador2\">\n<thead>\n<tr>\n<th>Data<\/th>\n<th>Valor R$<\/th>\n<th>Var.\/Dia<\/th>\n<th>Var.\/M\u00eas<\/th>\n<\/tr>\n<\/thead>\n<tbody>\n<tr>\n<td>21\/01\/2026<\/td>\n<td>7,32<\/td>\n<td>0,00%<\/td>\n<td>-10,07%<\/td>\n<\/tr>\n<tr>\n<td>20\/01\/2026<\/td>\n<td>7,32<\/td>\n<td>0,00%<\/td>\n<td>-10,07%<\/td>\n<\/tr>\n<tr>\n<td>19\/01\/2026<\/td>\n<td>7,32<\/td>\n<td>-0,27%<\/td>\n<td>-10,07%<\/td>\n<\/tr>\n<tr>\n<td>16\/01\/2026<\/td>\n<td>7,34<\/td>\n<td>-0,94%<\/td>\n<td>-9,83%<\/td>\n<\/tr>\n<tr>\n<td>15\/01\/2026<\/td>\n<td>7,41<\/td>\n<td>0,00%<\/td>\n<td>-8,97%<\/td>\n<\/tr>\n<\/tbody>\n<\/table>\n<h2>Pre\u00e7o da carca\u00e7a su\u00edna especial e su\u00edno vivo<\/h2>\n<p>A <b>carca\u00e7a su\u00edna especial <\/b>apresenta<b> estabilidade, <\/b>sendo negociada a<b> R$11,68, <\/b>por quilo, nos atacados da Grande S\u00e3o Paulo.<\/p>\n<p>O<b> su\u00edno vivo <\/b>registra <b>queda <\/b>na maior parte dos estados, com destaque <b>para Rio Grande do Sul, <\/b>onde o animal \u00e9 comercializado a<b> R$7,72.<\/b><\/p>\n<p>\n<b>PRE\u00c7OS DA CARCA\u00c7A SU\u00cdNA ESPECIAL (R$\/kg)<\/b><\/p>\n<table id=\"imagenet-indicador3\">\n<thead>\n<tr>\n<th>Data<\/th>\n<th>M\u00e9dia<\/th>\n<th>Var.\/Dia<\/th>\n<th>Var.\/M\u00eas<\/th>\n<\/tr>\n<\/thead>\n<tbody>\n<tr>\n<td>21\/01\/2026<\/td>\n<td>11,68<\/td>\n<td>0,00%<\/td>\n<td>-9,18%<\/td>\n<\/tr>\n<tr>\n<td>20\/01\/2026<\/td>\n<td>11,68<\/td>\n<td>-5,35%<\/td>\n<td>-9,18%<\/td>\n<\/tr>\n<tr>\n<td>19\/01\/2026<\/td>\n<td>12,34<\/td>\n<td>0,65%<\/td>\n<td>-4,04%<\/td>\n<\/tr>\n<tr>\n<td>16\/01\/2026<\/td>\n<td>12,26<\/td>\n<td>-1,53%<\/td>\n<td>-4,67%<\/td>\n<\/tr>\n<tr>\n<td>15\/01\/2026<\/td>\n<td>12,45<\/td>\n<td>0,00%<\/td>\n<td>-3,19%<\/td>\n<\/tr>\n<\/tbody>\n<\/table>\n<p>\u00a0<\/p>\n<\/p>\n<p dir=\"ltr\"><b>INDICADOR DO SU\u00cdNO VIVO CEPEA\/ESALQ (R$\/kg)<\/b><\/p>\n<table id=\"imagenet-indicador4\">\n<thead>\n<tr>\n<th>Data<\/th>\n<th>Estado<\/th>\n<th>Valor R$*<\/th>\n<th>Var.\/Dia<\/th>\n<th>Var.\/M\u00eas<\/th>\n<\/tr>\n<\/thead>\n<tbody>\n<tr>\n<td>21\/01\/2026<\/td>\n<td>MG &#8211; posto<\/td>\n<td>7,76<\/td>\n<td>0,13%<\/td>\n<td>-7,95%<\/td>\n<\/tr>\n<tr>\n<td>21\/01\/2026<\/td>\n<td>PR &#8211; a retirar<\/td>\n<td>7,60<\/td>\n<td>-1,68%<\/td>\n<td>-8,10%<\/td>\n<\/tr>\n<tr>\n<td>21\/01\/2026<\/td>\n<td>RS &#8211; a retirar<\/td>\n<td>7,72<\/td>\n<td>-0,77%<\/td>\n<td>-6,99%<\/td>\n<\/tr>\n<tr>\n<td>21\/01\/2026<\/td>\n<td>SC &#8211; a retirar<\/td>\n<td>7,66<\/td>\n<td>-0,52%<\/td>\n<td>-8,26%<\/td>\n<\/tr>\n<tr>\n<td>21\/01\/2026<\/td>\n<td>SP &#8211; posto<\/td>\n<td>7,92<\/td>\n<td>0,00%<\/td>\n<td>-11,11%<\/td>\n<\/tr>\n<\/tbody>\n<\/table>\n<p>Os valores s\u00e3o do <a href=\"https:\/\/www.cepea.org.br\/br\/indicador\/frango.aspx\" target=\"_blank\" rel=\"noopener\">Cepea<\/a>.<\/p>\n<h2>O que \u00e9 o boi gordo? Entenda o termo do mercado bovino<\/h2>\n<p>O boi gordo \u00e9 o bovino macho pronto para o abate, com peso m\u00ednimo de 16 arrobas l\u00edquidas de carca\u00e7a (aproximadamente 240 kg) e at\u00e9 42 meses de idade. Atende aos padr\u00f5es do mercado nacional e internacional, incluindo exporta\u00e7\u00f5es para Europa, China e cota Hilton.<\/p>\n<h2>Diferen\u00e7as entre frango congelado e frango resfriado<\/h2>\n<p>O frango congelado passa por congelamento r\u00e1pido, com temperaturas abaixo de -12\u00b0C, garantindo maior vida \u00fatil para armazenamento e transporte a longas dist\u00e2ncias. J\u00e1 o frango resfriado \u00e9 mantido entre 0\u00b0C e 4\u00b0C, com validade de 5 a 7 dias, oferecendo textura e sabor mais pr\u00f3ximos do fresco, ideal para consumidores exigentes e restaurantes.<\/p>\n<p>\t\t\t\t\t\t\t\t\t\t<img decoding=\"async\" src=\"https:\/\/brasil61.com\/api\/v1\/serve_pixel\/22254\/87226\" alt=\"Pixel Brasil 61\" class=\"b61_pixel\" width=\"0\" height=\"0\"><\/p>\n<div class=\"br61_backlink\">\n<p>\n\t\t\t\tFonte: <a href=\"https:\/\/brasil61.com\/boi-gordo-hoje-confira-as-cotacoes-para-quinta-feira-22-pagr266058\" title=\"Artigo Original: Boi gordo hoje: confira as cota\u00e7\u00f5es para quinta-feira (22)\" target=\"_blank\" rel=\"noopener\">Brasil 61<\/a>\n\t\t\t<\/p>\n<\/p><\/div>\n<input type=\"hidden\" id=\"baseurl\" value=\"https:\/\/noticiasregionais.com.br\"><input type=\"hidden\" id=\"audio_nonce\" value=\"5c13e0637f\">","protected":false},"excerpt":{"rendered":"<p>As cota\u00e7\u00f5es do frango congelado e do frango resfriado apresentam estabilidade; carme su\u00edna registra a mesma tend\u00eancia<\/p>\n","protected":false},"author":1,"featured_media":12403,"comment_status":"","ping_status":"open","sticky":false,"template":"","format":"standard","meta":{"sfsi_plus_gutenberg_text_before_share":"","sfsi_plus_gutenberg_show_text_before_share":"","sfsi_plus_gutenberg_icon_type":"","sfsi_plus_gutenberg_icon_alignemt":"","sfsi_plus_gutenburg_max_per_row":"","footnotes":""},"categories":[8],"tags":[],"class_list":["post-12402","post","type-post","status-publish","format-standard","has-post-thumbnail","hentry","category-brasil"],"_links":{"self":[{"href":"https:\/\/noticiasregionais.com.br\/index.php?rest_route=\/wp\/v2\/posts\/12402","targetHints":{"allow":["GET"]}}],"collection":[{"href":"https:\/\/noticiasregionais.com.br\/index.php?rest_route=\/wp\/v2\/posts"}],"about":[{"href":"https:\/\/noticiasregionais.com.br\/index.php?rest_route=\/wp\/v2\/types\/post"}],"author":[{"embeddable":true,"href":"https:\/\/noticiasregionais.com.br\/index.php?rest_route=\/wp\/v2\/users\/1"}],"replies":[{"embeddable":true,"href":"https:\/\/noticiasregionais.com.br\/index.php?rest_route=%2Fwp%2Fv2%2Fcomments&post=12402"}],"version-history":[{"count":0,"href":"https:\/\/noticiasregionais.com.br\/index.php?rest_route=\/wp\/v2\/posts\/12402\/revisions"}],"wp:featuredmedia":[{"embeddable":true,"href":"https:\/\/noticiasregionais.com.br\/index.php?rest_route=\/wp\/v2\/media\/12403"}],"wp:attachment":[{"href":"https:\/\/noticiasregionais.com.br\/index.php?rest_route=%2Fwp%2Fv2%2Fmedia&parent=12402"}],"wp:term":[{"taxonomy":"category","embeddable":true,"href":"https:\/\/noticiasregionais.com.br\/index.php?rest_route=%2Fwp%2Fv2%2Fcategories&post=12402"},{"taxonomy":"post_tag","embeddable":true,"href":"https:\/\/noticiasregionais.com.br\/index.php?rest_route=%2Fwp%2Fv2%2Ftags&post=12402"}],"curies":[{"name":"wp","href":"https:\/\/api.w.org\/{rel}","templated":true}]}}