{"id":12404,"date":"2026-01-22T04:10:00","date_gmt":"2026-01-22T07:10:00","guid":{"rendered":"https:\/\/noticiasregionais.com.br\/?p=12404"},"modified":"2026-01-22T04:10:00","modified_gmt":"2026-01-22T07:10:00","slug":"cafe-hoje-confira-as-cotacoes-para-quinta-feira-22","status":"publish","type":"post","link":"https:\/\/noticiasregionais.com.br\/?p=12404","title":{"rendered":"Caf\u00e9 hoje: confira as cota\u00e7\u00f5es para quinta-feira (22)"},"content":{"rendered":"<p>\t\t\t\t\t\t\t\t\t\t\t<audio controls class=\"b61_audio_player\" data-noticia=\"87224\" src=\"https:\/\/brasil61.com\/rails\/active_storage\/blobs\/eyJfcmFpbHMiOnsibWVzc2FnZSI6IkJBaHBBOHptQXc9PSIsImV4cCI6bnVsbCwicHVyIjoiYmxvYl9pZCJ9fQ==--3f2907c237fb25101a6a3ac548161df7c0c86fe3\/PAGR266056A\"><\/audio><\/p>\n<p>O pre\u00e7o do<strong> caf\u00e9 ar\u00e1bica<\/strong> nesta <strong>quinta-feira (22)<\/strong> registra <strong>baixa de 0,49%<\/strong> e a saca de 60 kg \u00e9 negociada por <strong>R$2.135,90<\/strong>, na cidade de S\u00e3o Paulo.<\/p>\n<p><strong>INDICADOR DO CAF\u00c9 AR\u00c1BICA CEPEA\/ESALQ<\/strong><\/p>\n<table id=\"indicador1\">\n<thead>\n<tr>\n<th>Data<\/th>\n<th>Valor R$<\/th>\n<th>Var.\/Dia<\/th>\n<th>Var.\/M\u00eas<\/th>\n<th>Valor US$<\/th>\n<\/tr>\n<\/thead>\n<tbody>\n<tr>\n<td>21\/01\/2026<\/td>\n<td>2.135,90<\/td>\n<td>-0,49%<\/td>\n<td>-1,79%<\/td>\n<td>401,56<\/td>\n<\/tr>\n<tr>\n<td>20\/01\/2026<\/td>\n<td>2.146,33<\/td>\n<td>-1,73%<\/td>\n<td>-1,31%<\/td>\n<td>399,09<\/td>\n<\/tr>\n<tr>\n<td>19\/01\/2026<\/td>\n<td>2.184,18<\/td>\n<td>0,18%<\/td>\n<td>0,43%<\/td>\n<td>407,19<\/td>\n<\/tr>\n<tr>\n<td>16\/01\/2026<\/td>\n<td>2.180,20<\/td>\n<td>-0,98%<\/td>\n<td>0,25%<\/td>\n<td>405,84<\/td>\n<\/tr>\n<tr>\n<td>15\/01\/2026<\/td>\n<td>2.201,88<\/td>\n<td>0,22%<\/td>\n<td>1,25%<\/td>\n<td>410,65<\/td>\n<\/tr>\n<\/tbody>\n<\/table>\n<p>\u00a0<\/p>\n<p>O <b>caf\u00e9 robusta <\/b>apresentou<b> valoriza\u00e7\u00e3o de 0,17% <\/b>e est\u00e1 sendo negociado a<b> R$1.283,65.<\/b><\/p>\n<p>\n<b>INDICADOR DO CAF\u00c9 ROBUSTA CEPEA\/ESALQ<\/b><\/p>\n<table id=\"indicador2\">\n<thead>\n<tr>\n<th>Data<\/th>\n<th>Valor R$<\/th>\n<th>Var.\/Dia<\/th>\n<th>Var.\/M\u00eas<\/th>\n<th>Valor US$<\/th>\n<\/tr>\n<\/thead>\n<tbody>\n<tr>\n<td>21\/01\/2026<\/td>\n<td>1.283,65<\/td>\n<td>0,17%<\/td>\n<td>1,56%<\/td>\n<td>241,33<\/td>\n<\/tr>\n<tr>\n<td>20\/01\/2026<\/td>\n<td>1.281,48<\/td>\n<td>-1,54%<\/td>\n<td>1,39%<\/td>\n<td>238,28<\/td>\n<\/tr>\n<tr>\n<td>19\/01\/2026<\/td>\n<td>1.301,47<\/td>\n<td>0,07%<\/td>\n<td>2,97%<\/td>\n<td>242,63<\/td>\n<\/tr>\n<tr>\n<td>16\/01\/2026<\/td>\n<td>1.300,57<\/td>\n<td>0,95%<\/td>\n<td>2,90%<\/td>\n<td>242,10<\/td>\n<\/tr>\n<tr>\n<td>15\/01\/2026<\/td>\n<td>1.288,37<\/td>\n<td>-0,78%<\/td>\n<td>1,94%<\/td>\n<td>240,28<\/td>\n<\/tr>\n<\/tbody>\n<\/table>\n<h2>A\u00e7\u00facar<\/h2>\n<p>O pre\u00e7o do<b> a\u00e7\u00facar cristal apresenta valoriza\u00e7\u00e3o <\/b>nas principais pra\u00e7as do estado de S\u00e3o Paulo. Na <strong>capital<\/strong>, a saca de 50 kg registra<b> alta, <\/b>cotada a<b> R$104,66.<\/b><\/p>\n<p><b>INDICADOR DO A\u00c7\u00daCAR CRISTAL BRANCO CEPEA\/ESALQ &#8211; S\u00c3O PAULO<\/b><\/p>\n<table id=\"indicador3\">\n<thead>\n<tr>\n<th>Data<\/th>\n<th>Valor R$*<\/th>\n<th>Var.\/Dia<\/th>\n<th>Var.\/M\u00eas<\/th>\n<th>Valor US$*<\/th>\n<\/tr>\n<\/thead>\n<tbody>\n<tr>\n<td>21\/01\/2026<\/td>\n<td>104,66<\/td>\n<td>1,18%<\/td>\n<td>-4,85%<\/td>\n<td>19,68<\/td>\n<\/tr>\n<tr>\n<td>20\/01\/2026<\/td>\n<td>103,44<\/td>\n<td>-0,89%<\/td>\n<td>-5,96%<\/td>\n<td>19,23<\/td>\n<\/tr>\n<tr>\n<td>19\/01\/2026<\/td>\n<td>104,37<\/td>\n<td>0,38%<\/td>\n<td>-5,11%<\/td>\n<td>19,46<\/td>\n<\/tr>\n<tr>\n<td>16\/01\/2026<\/td>\n<td>103,97<\/td>\n<td>-2,81%<\/td>\n<td>-5,47%<\/td>\n<td>19,35<\/td>\n<\/tr>\n<tr>\n<td>15\/01\/2026<\/td>\n<td>106,98<\/td>\n<td>0,25%<\/td>\n<td>-2,74%<\/td>\n<td>19,95<\/td>\n<\/tr>\n<\/tbody>\n<\/table>\n<p>Em <b>Santos (SP),<\/b> a mercadoria \u00e9 negociada a<b> R$112,93; <\/b>a cota\u00e7\u00e3o m\u00e9dia apresenta <b>aumento de 0,27%.<\/b><\/p>\n<p><b>INDICADOR A\u00c7\u00daCAR CRISTAL &#8211; SANTOS\u00a0<\/b><\/p>\n<table id=\"indicador4\">\n<thead>\n<tr>\n<th>Data<\/th>\n<th>Valor R$*<\/th>\n<th>Var.\/Dia<\/th>\n<th>Var.\/M\u00eas<\/th>\n<th>Valor US$*<\/th>\n<\/tr>\n<\/thead>\n<tbody>\n<tr>\n<td>21\/01\/2026<\/td>\n<td>112,93<\/td>\n<td>0,27%<\/td>\n<td>-3,34%<\/td>\n<td>21,16<\/td>\n<\/tr>\n<tr>\n<td>20\/01\/2026<\/td>\n<td>112,63<\/td>\n<td>-1,20%<\/td>\n<td>-3,59%<\/td>\n<td>20,94<\/td>\n<\/tr>\n<tr>\n<td>19\/01\/2026<\/td>\n<td>114,00<\/td>\n<td>-0,38%<\/td>\n<td>-2,42%<\/td>\n<td>21,25<\/td>\n<\/tr>\n<tr>\n<td>16\/01\/2026<\/td>\n<td>114,43<\/td>\n<td>2,07%<\/td>\n<td>-2,05%<\/td>\n<td>21,27<\/td>\n<\/tr>\n<tr>\n<td>15\/01\/2026<\/td>\n<td>112,11<\/td>\n<td>-0,49%<\/td>\n<td>-4,04%<\/td>\n<td>20,82<\/td>\n<\/tr>\n<\/tbody>\n<\/table>\n<h2>Milho<\/h2>\n<p>A saca de 60 kg do <strong>milho <\/strong>\u00e9 negociada a <strong>R$67,04, com baixa de 0,62%<\/strong>.<\/p>\n<p><b>INDICADOR DO MILHO ESALQ\/BM&amp;FBOVESPA<\/b><\/p>\n<table id=\"indicador5\">\n<thead>\n<tr>\n<th>Data<\/th>\n<th>Valor R$*<\/th>\n<th>Var.\/Dia<\/th>\n<th>Var.\/M\u00eas<\/th>\n<th>Valor US$*<\/th>\n<\/tr>\n<\/thead>\n<tbody>\n<tr>\n<td>21\/01\/2026<\/td>\n<td>67,04<\/td>\n<td>-0,62%<\/td>\n<td>-3,54%<\/td>\n<td>12,60<\/td>\n<\/tr>\n<tr>\n<td>20\/01\/2026<\/td>\n<td>67,46<\/td>\n<td>-0,97%<\/td>\n<td>-2,94%<\/td>\n<td>12,54<\/td>\n<\/tr>\n<tr>\n<td>19\/01\/2026<\/td>\n<td>68,12<\/td>\n<td>-0,42%<\/td>\n<td>-1,99%<\/td>\n<td>12,70<\/td>\n<\/tr>\n<tr>\n<td>16\/01\/2026<\/td>\n<td>68,41<\/td>\n<td>0,06%<\/td>\n<td>-1,57%<\/td>\n<td>12,73<\/td>\n<\/tr>\n<tr>\n<td>15\/01\/2026<\/td>\n<td>68,37<\/td>\n<td>-0,09%<\/td>\n<td>-1,63%<\/td>\n<td>12,75<\/td>\n<\/tr>\n<\/tbody>\n<\/table>\n<p>Os dados s\u00e3o do <a href=\"https:\/\/www.cepea.org.br\/br\/indicador\/milho.aspx\" target=\"_blank\" rel=\"noopener\">Cepea<\/a>.<\/p>\n<h2>Diferen\u00e7a entre caf\u00e9 ar\u00e1bica e caf\u00e9 robusta: caracter\u00edsticas, uso e regi\u00f5es produtoras<\/h2>\n<p>Caf\u00e9 ar\u00e1bica e caf\u00e9 robusta s\u00e3o as duas principais variedades cultivadas e comercializadas no Brasil, ambas medidas em sacas de 60 kg.<\/p>\n<\/p>\n<ul>\n<li>O caf\u00e9 ar\u00e1bica (conhecido tamb\u00e9m como caf\u00e9 Conilon, em algumas regi\u00f5es) tem sabor mais suave, menor teor de cafe\u00edna e alta qualidade sensorial, sendo preferido em cafeterias especializadas e nas exporta\u00e7\u00f5es de caf\u00e9s premium. Representa cerca de 70% da produ\u00e7\u00e3o brasileira, com destaque para estados como Minas Gerais e S\u00e3o Paulo.<\/li>\n<li>O caf\u00e9 robusta, por sua vez, possui sabor mais amargo, maior concentra\u00e7\u00e3o de cafe\u00edna e corpo mais intenso. \u00c9 amplamente utilizado na produ\u00e7\u00e3o de caf\u00e9 sol\u00favel e blends comerciais. Seus principais polos produtores s\u00e3o o Esp\u00edrito Santo e Rond\u00f4nia, e seu pre\u00e7o costuma ser mais baixo em compara\u00e7\u00e3o ao ar\u00e1bica, por conta do perfil mais industrial.<\/li>\n<\/ul>\n<h2>Como \u00e9 calculada a saca de a\u00e7\u00facar cristal?<\/h2>\n<p>A saca de a\u00e7\u00facar cristal no Brasil \u00e9 padronizada em 50 quilos, especialmente para comercializa\u00e7\u00e3o no mercado atacadista e para uso na ind\u00fastria aliment\u00edcia. Essa unidade de medida \u00e9 adotada pelo <a href=\"https:\/\/www.cepea.org.br\/br\/indicador\/milho.aspx\" target=\"_blank\" rel=\"noopener\">Cepea\/Esalq-USP<\/a>, principal fonte de cota\u00e7\u00f5es di\u00e1rias do a\u00e7\u00facar cristal no pa\u00eds.<\/p>\n<h2>Qual o peso da saca de milho no Brasil?<\/h2>\n<p>A saca de milho equivale a 60 kg de gr\u00e3os, mesmo padr\u00e3o utilizado para soja e trigo. Essa medida \u00e9 oficializada por institui\u00e7\u00f5es como a<strong> Companhia Nacional de Abastecimento<\/strong> (<a href=\"https:\/\/www.gov.br\/conab\/pt-br\" target=\"_blank\" rel=\"noopener\">Conab<\/a>), o <strong>Minist\u00e9rio da Agricultura<\/strong> (<a href=\"https:\/\/www.gov.br\/agricultura\/pt-br\" target=\"_blank\" rel=\"noopener\">MAPA<\/a>) e o <a href=\"https:\/\/www.cepea.org.br\/br\/indicador\/milho.aspx\" target=\"_blank\" rel=\"noopener\">Cepea<\/a>, sendo amplamente usada em negocia\u00e7\u00f5es e relat\u00f3rios de pre\u00e7o do milho.<\/p>\n<p>\u00a0<\/p>\n<p>\t\t\t\t\t\t\t\t\t\t<img decoding=\"async\" src=\"https:\/\/brasil61.com\/api\/v1\/serve_pixel\/22254\/87224\" alt=\"Pixel Brasil 61\" class=\"b61_pixel\" width=\"0\" height=\"0\"><\/p>\n<div class=\"br61_backlink\">\n<p>\n\t\t\t\tFonte: <a href=\"https:\/\/brasil61.com\/cafe-hoje-confira-as-cotacoes-para-quinta-feira-22-pagr266056\" title=\"Artigo Original: Caf\u00e9 hoje: confira as cota\u00e7\u00f5es para quinta-feira (22)\" target=\"_blank\" rel=\"noopener\">Brasil 61<\/a>\n\t\t\t<\/p>\n<\/p><\/div>\n<input type=\"hidden\" id=\"baseurl\" value=\"https:\/\/noticiasregionais.com.br\"><input type=\"hidden\" id=\"audio_nonce\" value=\"533fbb67b1\">","protected":false},"excerpt":{"rendered":"<p>Veja os valores do caf\u00e9 ar\u00e1bica, caf\u00e9 robusta, a\u00e7\u00facar cristal e do milho no mercado<\/p>\n","protected":false},"author":1,"featured_media":12405,"comment_status":"","ping_status":"open","sticky":false,"template":"","format":"standard","meta":{"sfsi_plus_gutenberg_text_before_share":"","sfsi_plus_gutenberg_show_text_before_share":"","sfsi_plus_gutenberg_icon_type":"","sfsi_plus_gutenberg_icon_alignemt":"","sfsi_plus_gutenburg_max_per_row":"","footnotes":""},"categories":[8],"tags":[],"class_list":["post-12404","post","type-post","status-publish","format-standard","has-post-thumbnail","hentry","category-brasil"],"_links":{"self":[{"href":"https:\/\/noticiasregionais.com.br\/index.php?rest_route=\/wp\/v2\/posts\/12404","targetHints":{"allow":["GET"]}}],"collection":[{"href":"https:\/\/noticiasregionais.com.br\/index.php?rest_route=\/wp\/v2\/posts"}],"about":[{"href":"https:\/\/noticiasregionais.com.br\/index.php?rest_route=\/wp\/v2\/types\/post"}],"author":[{"embeddable":true,"href":"https:\/\/noticiasregionais.com.br\/index.php?rest_route=\/wp\/v2\/users\/1"}],"replies":[{"embeddable":true,"href":"https:\/\/noticiasregionais.com.br\/index.php?rest_route=%2Fwp%2Fv2%2Fcomments&post=12404"}],"version-history":[{"count":0,"href":"https:\/\/noticiasregionais.com.br\/index.php?rest_route=\/wp\/v2\/posts\/12404\/revisions"}],"wp:featuredmedia":[{"embeddable":true,"href":"https:\/\/noticiasregionais.com.br\/index.php?rest_route=\/wp\/v2\/media\/12405"}],"wp:attachment":[{"href":"https:\/\/noticiasregionais.com.br\/index.php?rest_route=%2Fwp%2Fv2%2Fmedia&parent=12404"}],"wp:term":[{"taxonomy":"category","embeddable":true,"href":"https:\/\/noticiasregionais.com.br\/index.php?rest_route=%2Fwp%2Fv2%2Fcategories&post=12404"},{"taxonomy":"post_tag","embeddable":true,"href":"https:\/\/noticiasregionais.com.br\/index.php?rest_route=%2Fwp%2Fv2%2Ftags&post=12404"}],"curies":[{"name":"wp","href":"https:\/\/api.w.org\/{rel}","templated":true}]}}