{"id":12406,"date":"2026-01-22T04:30:00","date_gmt":"2026-01-22T07:30:00","guid":{"rendered":"https:\/\/noticiasregionais.com.br\/?p=12406"},"modified":"2026-01-22T04:30:00","modified_gmt":"2026-01-22T07:30:00","slug":"prouni-1o-semestre-de-2026-oferece-quase-600-mil-bolsas-inscricoes-vao-ate-29-de-janeiro","status":"publish","type":"post","link":"https:\/\/noticiasregionais.com.br\/?p=12406","title":{"rendered":"Prouni 1\u00ba semestre de 2026 oferece quase 600 mil bolsas; inscri\u00e7\u00f5es v\u00e3o at\u00e9 29 de janeiro"},"content":{"rendered":"<p>\t\t\t\t\t\t\t\t\t\t\t<audio controls class=\"b61_audio_player\" data-noticia=\"87223\" src=\"https:\/\/brasil61.com\/rails\/active_storage\/blobs\/eyJfcmFpbHMiOnsibWVzc2FnZSI6IkJBaHBBN1htQXc9PSIsImV4cCI6bnVsbCwicHVyIjoiYmxvYl9pZCJ9fQ==--e3b8e218b7050a604d68cc42fa1c6661f8a54e06\/BRAS2615629A\"><\/audio><\/p>\n<p>O <strong>Minist\u00e9rio da Educa\u00e7\u00e3o<\/strong> (<a href=\"https:\/\/www.gov.br\/mec\/pt-br\" target=\"_blank\" rel=\"noopener\">MEC<\/a>) divulgou nesta segunda-feira, 19 de janeiro, o n\u00famero de bolsas dispon\u00edveis para o <strong>Programa Universidade para Todos<\/strong> (<a href=\"https:\/\/www.gov.br\/mec\/pt-br\/prouni\" target=\"_blank\" rel=\"noopener\">Prouni<\/a>) no primeiro semestre de 2026. Ao todo, <strong>ser\u00e3o ofertadas 594.519 bolsas<\/strong>, o <strong>maior volume<\/strong> j\u00e1 registrado pelo programa.<\/p>\n<\/p>\n<p dir=\"ltr\">Desse total, <strong>274.819 bolsas s\u00e3o integrais, com cobertura de 100% da mensalidade<\/strong>, e 319.700 s\u00e3o parciais, com desconto de 50%. A maior parte das vagas \u00e9 destinada a cursos na modalidade educa\u00e7\u00e3o a dist\u00e2ncia, que concentram 393.119 bolsas, al\u00e9m de 16.408 vagas semipresenciais.<\/p>\n<p dir=\"ltr\">Em rela\u00e7\u00e3o ao tipo de forma\u00e7\u00e3o, 328.175 bolsas s\u00e3o para cursos de bacharelado, 253.597 para cursos tecnol\u00f3gicos e 12.747 para licenciaturas. Entre os cursos com maior oferta de vagas est\u00e3o Administra\u00e7\u00e3o, com 63.978 bolsas, e Ci\u00eancias Cont\u00e1beis, com 41.864.<\/p>\n<h2 dir=\"ltr\">Confira os 10 cursos com maior oferta de vagas no Prouni 1\u00ba\/2026: \u00a0<\/h2>\n<table>\n<thead>\n<tr>\n<th>Curso<\/th>\n<th>Bolsas<\/th>\n<\/tr>\n<\/thead>\n<tbody>\n<tr>\n<td>Administra\u00e7\u00e3o<\/td>\n<td>63.978<\/td>\n<\/tr>\n<tr>\n<td>Ci\u00eancias Cont\u00e1beis<\/td>\n<td>41.864<\/td>\n<\/tr>\n<tr>\n<td>An\u00e1lise e Desenvolvimento de Sistemas<\/td>\n<td>29.367<\/td>\n<\/tr>\n<tr>\n<td>Gest\u00e3o de Recursos Humanos<\/td>\n<td>22.969<\/td>\n<\/tr>\n<tr>\n<td>Direito<\/td>\n<td>21.558<\/td>\n<\/tr>\n<tr>\n<td>Engenharia de Software<\/td>\n<td>17.484<\/td>\n<\/tr>\n<tr>\n<td>Log\u00edstica<\/td>\n<td>14.714<\/td>\n<\/tr>\n<tr>\n<td>Criminologia<\/td>\n<td>13.978<\/td>\n<\/tr>\n<tr>\n<td>Investiga\u00e7\u00e3o e Per\u00edcia Criminal<\/td>\n<td>13.900<\/td>\n<\/tr>\n<tr>\n<td>Psicologia<\/td>\n<td>13.505<\/td>\n<\/tr>\n<\/tbody>\n<\/table>\n<p>As inscri\u00e7\u00f5es para o <a href=\"https:\/\/www.gov.br\/mec\/pt-br\/prouni\" target=\"_blank\" rel=\"noopener\">Prouni<\/a> <strong>estar\u00e3o abertas de 26 a 29 de janeiro<\/strong>, exclusivamente pelo <a href=\"https:\/\/acessounico.mec.gov.br\/\" target=\"_blank\" rel=\"noopener\">Portal \u00danico de Acesso ao Ensino Superior<\/a>. O MEC alerta para poss\u00edveis fraudes e golpes, refor\u00e7ando que a inscri\u00e7\u00e3o \u00e9 totalmente gratuita e deve ser feita apenas pelo portal oficial.<\/p>\n<p>Para participar do processo seletivo, o candidato precisa ter conclu\u00eddo o ensino m\u00e9dio, ter participado do Enem 2024 e\/ou 2025, ter alcan\u00e7ado m\u00ednimo de 450 pontos na m\u00e9dia das cinco provas e n\u00e3o ter zerado a reda\u00e7\u00e3o.<\/p>\n<p>O resultado da <strong>primeira chamada ser\u00e1 divulgado em 3 de fevereiro<\/strong>, e o da<strong> segunda chamada, em 2 de mar\u00e7o<\/strong>. J\u00e1 o per\u00edodo para manifesta\u00e7\u00e3o de interesse na lista de espera ocorre nos dias 25 e 26 de mar\u00e7o de 2026, tamb\u00e9m pelo Portal \u00danico. A lista estar\u00e1 dispon\u00edvel para consulta no dia 31 de mar\u00e7o.<\/p>\n<p>Criado em 2004, pela Lei n\u00ba 11.096\/2005, o<strong> Prouni oferece bolsas integrais e parciais em institui\u00e7\u00f5es privadas de ensino superior<\/strong>. O programa realiza sele\u00e7\u00f5es duas vezes ao ano e \u00e9 voltado a estudantes que ainda n\u00e3o possuem diploma de n\u00edvel superior.<\/p>\n<p>\u00a0<\/p>\n<\/p>\n<p>\t\t\t\t\t\t\t\t\t\t<img decoding=\"async\" src=\"https:\/\/brasil61.com\/api\/v1\/serve_pixel\/22254\/87223\" alt=\"Pixel Brasil 61\" class=\"b61_pixel\" width=\"0\" height=\"0\"><\/p>\n<div class=\"br61_backlink\">\n<p>\n\t\t\t\tFonte: <a href=\"https:\/\/brasil61.com\/prouni-1-semestre-de-2026-oferece-quase-600-mil-bolsas-inscricoes-vao-ate-29-de-janeiro-bras2615629\" title=\"Artigo Original: Prouni 1\u00ba semestre de 2026 oferece quase 600 mil bolsas; inscri\u00e7\u00f5es v\u00e3o at\u00e9 29 de janeiro\" target=\"_blank\" rel=\"noopener\">Brasil 61<\/a>\n\t\t\t<\/p>\n<\/p><\/div>\n<input type=\"hidden\" id=\"baseurl\" value=\"https:\/\/noticiasregionais.com.br\"><input type=\"hidden\" id=\"audio_nonce\" value=\"5c13e0637f\">","protected":false},"excerpt":{"rendered":"<p>Programa tem a maior oferta da hist\u00f3ria e re\u00fane vagas em cursos presenciais, semipresenciais e a dist\u00e2ncia<\/p>\n","protected":false},"author":1,"featured_media":12407,"comment_status":"","ping_status":"open","sticky":false,"template":"","format":"standard","meta":{"sfsi_plus_gutenberg_text_before_share":"","sfsi_plus_gutenberg_show_text_before_share":"","sfsi_plus_gutenberg_icon_type":"","sfsi_plus_gutenberg_icon_alignemt":"","sfsi_plus_gutenburg_max_per_row":"","footnotes":""},"categories":[8],"tags":[],"class_list":["post-12406","post","type-post","status-publish","format-standard","has-post-thumbnail","hentry","category-brasil"],"_links":{"self":[{"href":"https:\/\/noticiasregionais.com.br\/index.php?rest_route=\/wp\/v2\/posts\/12406","targetHints":{"allow":["GET"]}}],"collection":[{"href":"https:\/\/noticiasregionais.com.br\/index.php?rest_route=\/wp\/v2\/posts"}],"about":[{"href":"https:\/\/noticiasregionais.com.br\/index.php?rest_route=\/wp\/v2\/types\/post"}],"author":[{"embeddable":true,"href":"https:\/\/noticiasregionais.com.br\/index.php?rest_route=\/wp\/v2\/users\/1"}],"replies":[{"embeddable":true,"href":"https:\/\/noticiasregionais.com.br\/index.php?rest_route=%2Fwp%2Fv2%2Fcomments&post=12406"}],"version-history":[{"count":0,"href":"https:\/\/noticiasregionais.com.br\/index.php?rest_route=\/wp\/v2\/posts\/12406\/revisions"}],"wp:featuredmedia":[{"embeddable":true,"href":"https:\/\/noticiasregionais.com.br\/index.php?rest_route=\/wp\/v2\/media\/12407"}],"wp:attachment":[{"href":"https:\/\/noticiasregionais.com.br\/index.php?rest_route=%2Fwp%2Fv2%2Fmedia&parent=12406"}],"wp:term":[{"taxonomy":"category","embeddable":true,"href":"https:\/\/noticiasregionais.com.br\/index.php?rest_route=%2Fwp%2Fv2%2Fcategories&post=12406"},{"taxonomy":"post_tag","embeddable":true,"href":"https:\/\/noticiasregionais.com.br\/index.php?rest_route=%2Fwp%2Fv2%2Ftags&post=12406"}],"curies":[{"name":"wp","href":"https:\/\/api.w.org\/{rel}","templated":true}]}}