{"id":12408,"date":"2026-01-22T04:40:00","date_gmt":"2026-01-22T07:40:00","guid":{"rendered":"https:\/\/noticiasregionais.com.br\/?p=12408"},"modified":"2026-01-23T23:01:30","modified_gmt":"2026-01-24T02:01:30","slug":"brasil-e-angola-negociam-parceria-agricola-com-apoio-da-ifc","status":"publish","type":"post","link":"https:\/\/noticiasregionais.com.br\/?p=12408","title":{"rendered":"Brasil e Angola negociam parceria agr\u00edcola com apoio da IFC"},"content":{"rendered":"<p>\t\t\t\t\t\t\t\t\t\t<audio controls class=\"b61_audio_player\" data-noticia=\"87229\" src=\"https:\/\/brasil61.com\/rails\/active_storage\/blobs\/eyJfcmFpbHMiOnsibWVzc2FnZSI6IkJBaHBBN1BtQXc9PSIsImV4cCI6bnVsbCwicHVyIjoiYmxvYl9pZCJ9fQ==--4abd29fa6f81483a4ee72ee8a60a37f7eeb3c740\/MAPA260032A\"><\/audio><\/p>\n<p>Em busca de avan\u00e7ar em um <strong>acordo bilateral Brasil-Angola voltado \u00e0 produ\u00e7\u00e3o agr\u00edcola<\/strong>, o ministro da <a href=\"https:\/\/www.gov.br\/agricultura\/pt-br\" target=\"_blank\" rel=\"noopener\">Agricultura e Pecu\u00e1ria<\/a>, Carlos F\u00e1varo, esteve em Angola, nesta ter\u00e7a-feira (20), para reuni\u00f5es com representantes do governo angolano e de institui\u00e7\u00f5es financeiras. <strong>A iniciativa re\u00fane o interesse de mais de 30 produtores brasileiros<\/strong>, que j\u00e1 formalizaram disposi\u00e7\u00e3o para investir no setor agr\u00edcola no pa\u00eds africano.<\/p>\n<p>O acordo bilateral j\u00e1 conta com o interesse da <a href=\"https:\/\/www.ifc.org\/en\/home\" target=\"_blank\" rel=\"noopener\">Corpora\u00e7\u00e3o Financeira Internacional (IFC)<\/a> \u2013 bra\u00e7o do <a href=\"https:\/\/www.worldbank.org\/ext\/pt\/country\/brazil\" target=\"_blank\" rel=\"noopener\">Grupo Banco Mundial<\/a> voltado ao setor privado em mercados emergentes \u2013 em financiar as opera\u00e7\u00f5es previstas.<\/p>\n<p>Para o ministro F\u00e1varo, <strong>o acordo traz ganhos concretos para ambos os lados<\/strong>. O Brasil amplia oportunidades de venda de m\u00e1quinas, equipamentos, sementes, insumos e transfer\u00eancia de tecnologia, enquanto Angola avan\u00e7a na produ\u00e7\u00e3o de alimentos e na seguran\u00e7a alimentar.<\/p>\n<p>F\u00e1varo destacou ainda que a coopera\u00e7\u00e3o refor\u00e7a la\u00e7os hist\u00f3ricos e amplia oportunidades. &#8220;Estamos dando um passo importante. <strong>O Brasil tem muito a contribuir com sua experi\u00eancia em pesquisa agropecu\u00e1ria e em tecnologias de baixo carbono<\/strong>. Avan\u00e7ar nessa parceria \u00e9 beneficiar ambos os pa\u00edses e promover oportunidades para os nossos produtores\u201d, disse.<\/p>\n<p><strong>Corpora\u00e7\u00e3o Financeira Internacional<\/strong><\/p>\n<p>A IFC atua em Angola no fortalecimento de parcerias estrat\u00e9gicas voltadas \u00e0 diversifica\u00e7\u00e3o econ\u00f4mica, com investimentos e apoio t\u00e9cnico em \u00e1reas como agricultura, energia, infraestrutura, log\u00edstica, turismo e finan\u00e7as. A institui\u00e7\u00e3o possui planos de ampliar significativamente seu portf\u00f3lio de investimentos no pa\u00eds nos pr\u00f3ximos anos, com foco no desenvolvimento econ\u00f4mico e na gera\u00e7\u00e3o de empregos.<br \/>\n\u00a0<\/p>\n<p>\t\t\t\t\t\t\t\t\t<img decoding=\"async\" src=\"https:\/\/brasil61.com\/api\/v1\/serve_pixel\/22254\/87229\" alt=\"Pixel Brasil 61\" class=\"b61_pixel\" width=\"0\" height=\"0\"><\/p>\n<div class=\"br61_backlink\">\n<p>\n\t\t\t\tFonte: <a href=\"https:\/\/brasil61.com\/brasil-e-angola-negociam-parceria-agricola-com-apoio-da-ifc-mapa260032\" title=\"Artigo Original: Brasil e Angola negociam parceria agr\u00edcola com apoio da IFC\" target=\"_blank\" rel=\"noopener\">Brasil 61<\/a>\n\t\t\t<\/p>\n<\/p><\/div>\n<input type=\"hidden\" id=\"baseurl\" value=\"https:\/\/noticiasregionais.com.br\"><input type=\"hidden\" id=\"audio_nonce\" value=\"533fbb67b1\">","protected":false},"excerpt":{"rendered":"<p>Na \u00c1frica, ministro Carlos F\u00e1varo prop\u00f5e coopera\u00e7\u00e3o t\u00e9cnica e seguran\u00e7a alimentar<\/p>\n","protected":false},"author":1,"featured_media":12490,"comment_status":"closed","ping_status":"open","sticky":false,"template":"","format":"standard","meta":{"sfsi_plus_gutenberg_text_before_share":"","sfsi_plus_gutenberg_show_text_before_share":"","sfsi_plus_gutenberg_icon_type":"","sfsi_plus_gutenberg_icon_alignemt":"","sfsi_plus_gutenburg_max_per_row":"","footnotes":""},"categories":[8],"tags":[],"class_list":["post-12408","post","type-post","status-publish","format-standard","has-post-thumbnail","hentry","category-brasil"],"_links":{"self":[{"href":"https:\/\/noticiasregionais.com.br\/index.php?rest_route=\/wp\/v2\/posts\/12408","targetHints":{"allow":["GET"]}}],"collection":[{"href":"https:\/\/noticiasregionais.com.br\/index.php?rest_route=\/wp\/v2\/posts"}],"about":[{"href":"https:\/\/noticiasregionais.com.br\/index.php?rest_route=\/wp\/v2\/types\/post"}],"author":[{"embeddable":true,"href":"https:\/\/noticiasregionais.com.br\/index.php?rest_route=\/wp\/v2\/users\/1"}],"replies":[{"embeddable":true,"href":"https:\/\/noticiasregionais.com.br\/index.php?rest_route=%2Fwp%2Fv2%2Fcomments&post=12408"}],"version-history":[{"count":1,"href":"https:\/\/noticiasregionais.com.br\/index.php?rest_route=\/wp\/v2\/posts\/12408\/revisions"}],"predecessor-version":[{"id":12489,"href":"https:\/\/noticiasregionais.com.br\/index.php?rest_route=\/wp\/v2\/posts\/12408\/revisions\/12489"}],"wp:featuredmedia":[{"embeddable":true,"href":"https:\/\/noticiasregionais.com.br\/index.php?rest_route=\/wp\/v2\/media\/12490"}],"wp:attachment":[{"href":"https:\/\/noticiasregionais.com.br\/index.php?rest_route=%2Fwp%2Fv2%2Fmedia&parent=12408"}],"wp:term":[{"taxonomy":"category","embeddable":true,"href":"https:\/\/noticiasregionais.com.br\/index.php?rest_route=%2Fwp%2Fv2%2Fcategories&post=12408"},{"taxonomy":"post_tag","embeddable":true,"href":"https:\/\/noticiasregionais.com.br\/index.php?rest_route=%2Fwp%2Fv2%2Ftags&post=12408"}],"curies":[{"name":"wp","href":"https:\/\/api.w.org\/{rel}","templated":true}]}}