{"id":12461,"date":"2026-01-23T04:15:00","date_gmt":"2026-01-23T07:15:00","guid":{"rendered":"https:\/\/noticiasregionais.com.br\/?p=12461"},"modified":"2026-01-23T23:31:37","modified_gmt":"2026-01-24T02:31:37","slug":"bahia-lidera-ranking-de-casos-de-mortes-violentas-em-2025-com-quase-4-mil-vitimas","status":"publish","type":"post","link":"https:\/\/noticiasregionais.com.br\/?p=12461","title":{"rendered":"Bahia lidera ranking de casos de mortes violentas em 2025, com quase 4 mil v\u00edtimas"},"content":{"rendered":"<p>\t\t\t\t\t\t\t\t\t\t<audio controls class=\"b61_audio_player\" data-noticia=\"87254\" src=\"https:\/\/brasil61.com\/rails\/active_storage\/blobs\/eyJfcmFpbHMiOnsibWVzc2FnZSI6IkJBaHBBOEhuQXc9PSIsImV4cCI6bnVsbCwicHVyIjoiYmxvYl9pZCJ9fQ==--fdc45e908a3ac7e6c0ae027cf4db2b570473fcb7\/BRAS2615647A\"><\/audio><\/p>\n<p>O <strong>Brasil registrou 34.086 mortes violentas em 2025<\/strong>, o que representa um<strong>a redu\u00e7\u00e3o de 11,1% em rela\u00e7\u00e3o aos casos registrados em 2024<\/strong>. No ranking nacional, a <strong>Bahia lidera com o maior n\u00famero de v\u00edtimas, sendo 3,9 mil.<\/strong> Os <a href=\"https:\/\/app.powerbi.com\/view?r=eyJrIjoiYThmMDBkNTYtOGU0Zi00MjUxLWJiMzAtZjFlMmYzYTgwOTBlIiwidCI6ImViMDkwNDIwLTQ0NGMtNDNmNy05MWYyLTRiOGRhNmJmZThlMSJ9\" target=\"_blank\" rel=\"noopener\">dados <\/a>s\u00e3o do <a href=\"https:\/\/www.gov.br\/mj\/pt-br\" target=\"_blank\" rel=\"noopener\">Minist\u00e9rio da Justi\u00e7a e Seguran\u00e7a P\u00fablica<\/a>, computados at\u00e9 ter\u00e7a-feira (20), e consideram indicadores de feminic\u00eddio, homic\u00eddio doloso, latroc\u00ednio e les\u00e3o corporal seguida de morte.<\/p>\n<p>Os n\u00fameros mostram que a queda nacional nas mortes violentas ocorreu em 21 das 27 unidades federativas. O estado d<strong>o Amazonas encabe\u00e7a a redu\u00e7\u00e3o, registrando recuo de 33% em rela\u00e7\u00e3o a 2024.<\/strong> <strong>Mato Grosso do Sul aparece em seguida, com &#8211; 28% e Paran\u00e1 e Rio Grande do Sul \u2013 ambos com recuo de 24%.<\/strong><\/p>\n<p>Apesar de a Bahia liderar com o maior n\u00famero de mortes violentas no pa\u00eds, o <strong>Rio de Janeiro<\/strong> aparece logo em seguida, com <strong>3.581 \u00f3bitos violentos<\/strong>. J\u00e1 <strong>Pernambuco <\/strong>ficou em terceiro lugar, com pouco <strong>mais de 3 mil v\u00edtimas.<\/strong><\/p>\n<h2>Confira o ranking de casos de mortes violentas por estado em 2025<\/h2>\n<ul>\n<li>BA \u2013 3.900<\/li>\n<li>RJ \u2013 3.581<\/li>\n<li>PE \u2013 3.023<\/li>\n<li>CE \u2013 3.022<\/li>\n<li>MG \u2013 2.663<\/li>\n<li>SP \u2013 2.508<\/li>\n<li>MA \u2013 1.940<\/li>\n<li>PA \u2013 1.820<\/li>\n<li>PR \u2013 1.343<\/li>\n<li>RS \u2013 1.190<\/li>\n<li>AL \u2013 946<\/li>\n<li>PB \u2013 869<\/li>\n<li>GO \u2013 837<\/li>\n<li>ES \u2013 834<\/li>\n<li>RN \u2013 853<\/li>\n<li>AM \u2013 759<\/li>\n<li>MT \u2013 748<\/li>\n<li>PI \u2013 544<\/li>\n<li>SC \u2013 522<\/li>\n<li>RO \u2013 445<\/li>\n<li>MS \u2013 353<\/li>\n<li>SE \u2013 315<\/li>\n<li>TO \u2013 283<\/li>\n<li>DF \u2013 266<\/li>\n<li>AP \u2013 204<\/li>\n<li>AC \u2013 179<\/li>\n<li>RR \u2013 139<\/li>\n<\/ul>\n<p>Os dados s\u00e3o disponibilizados pelo <a href=\"https:\/\/app.powerbi.com\/view?r=eyJrIjoiYThmMDBkNTYtOGU0Zi00MjUxLWJiMzAtZjFlMmYzYTgwOTBlIiwidCI6ImViMDkwNDIwLTQ0NGMtNDNmNy05MWYyLTRiOGRhNmJmZThlMSJ9\" target=\"_blank\" rel=\"noopener\">Sistema Nacional de Informa\u00e7\u00f5es de Seguran\u00e7a P\u00fablica, Prisionais, de Rastreabilidade de Armas e Muni\u00e7\u00f5es, de Material Gen\u00e9tico, de Digitais e de Drogas (Sinesp)<\/a>, uma plataforma do Minist\u00e9rio da Justi\u00e7a e Seguran\u00e7a P\u00fablica.\u00a0<\/p>\n<p>Os n\u00fameros por UF n\u00e3o consideram a atualiza\u00e7\u00e3o de informa\u00e7\u00f5es de quatro estados, sendo: S\u00e3o Paulo, Alagoas, Para\u00edba e Pernambuco. De acordo com o painel do Minist\u00e9rio da Justi\u00e7a, essas UFs n\u00e3o haviam encaminhado os dados completos at\u00e9 a data de extra\u00e7\u00e3o das informa\u00e7\u00f5es.<\/p>\n<h2>Taxa de morte a cada grupo de 100 mil habitantes<\/h2>\n<p><strong>Considerando a taxa de morte para cada grupo de 100 mil habitantes, Cear\u00e1, Pernambuco e Alagoas aparecem no topo.<\/strong><\/p>\n<p>A taxa nacional, levando em conta os 26 estados e o Distrito Federal, ficou em 15,97 no ano passado. Apesar disso, a taxa registrada pelo Cear\u00e1 foi de 32,6. Em seguida aparece Pernambuco, com 31,61. Na terceira posi\u00e7\u00e3o, Alagoas registrou uma taxa de 29,37.<\/p>\n<p><strong>Em contrapartida, S\u00e3o Paulo (5,44), Santa Catarina (6,38) e Distrito Federal (8,88) registraram as menores taxas.<\/strong><\/p>\n<p>\t\t\t\t\t\t\t\t\t<img decoding=\"async\" src=\"https:\/\/brasil61.com\/api\/v1\/serve_pixel\/22254\/87254\" alt=\"Pixel Brasil 61\" class=\"b61_pixel\" width=\"0\" height=\"0\"><\/p>\n<div class=\"br61_backlink\">\n<p>\n\t\t\t\tFonte: <a href=\"https:\/\/brasil61.com\/bahia-lidera-ranking-de-casos-de-mortes-violentas-em-2025-com-quase-4-mil-vitimas-bras2615647\" title=\"Artigo Original: Bahia lidera ranking de casos de mortes violentas em 2025, com quase 4 mil v\u00edtimas\" target=\"_blank\" rel=\"noopener\">Brasil 61<\/a>\n\t\t\t<\/p>\n<\/p><\/div>\n<input type=\"hidden\" id=\"baseurl\" value=\"https:\/\/noticiasregionais.com.br\"><input type=\"hidden\" id=\"audio_nonce\" value=\"533fbb67b1\">","protected":false},"excerpt":{"rendered":"<p>Dados do Minist\u00e9rio da Justi\u00e7a consideram feminic\u00eddio, homic\u00eddio doloso, latroc\u00ednio e les\u00e3o corporal seguida de morte; considerando mortes por 100 mil habitantes Cear\u00e1 lidera com taxa de 32,6<\/p>\n","protected":false},"author":1,"featured_media":12492,"comment_status":"closed","ping_status":"open","sticky":false,"template":"","format":"standard","meta":{"sfsi_plus_gutenberg_text_before_share":"","sfsi_plus_gutenberg_show_text_before_share":"","sfsi_plus_gutenberg_icon_type":"","sfsi_plus_gutenberg_icon_alignemt":"","sfsi_plus_gutenburg_max_per_row":"","footnotes":""},"categories":[8],"tags":[],"class_list":["post-12461","post","type-post","status-publish","format-standard","has-post-thumbnail","hentry","category-brasil"],"_links":{"self":[{"href":"https:\/\/noticiasregionais.com.br\/index.php?rest_route=\/wp\/v2\/posts\/12461","targetHints":{"allow":["GET"]}}],"collection":[{"href":"https:\/\/noticiasregionais.com.br\/index.php?rest_route=\/wp\/v2\/posts"}],"about":[{"href":"https:\/\/noticiasregionais.com.br\/index.php?rest_route=\/wp\/v2\/types\/post"}],"author":[{"embeddable":true,"href":"https:\/\/noticiasregionais.com.br\/index.php?rest_route=\/wp\/v2\/users\/1"}],"replies":[{"embeddable":true,"href":"https:\/\/noticiasregionais.com.br\/index.php?rest_route=%2Fwp%2Fv2%2Fcomments&post=12461"}],"version-history":[{"count":1,"href":"https:\/\/noticiasregionais.com.br\/index.php?rest_route=\/wp\/v2\/posts\/12461\/revisions"}],"predecessor-version":[{"id":12491,"href":"https:\/\/noticiasregionais.com.br\/index.php?rest_route=\/wp\/v2\/posts\/12461\/revisions\/12491"}],"wp:featuredmedia":[{"embeddable":true,"href":"https:\/\/noticiasregionais.com.br\/index.php?rest_route=\/wp\/v2\/media\/12492"}],"wp:attachment":[{"href":"https:\/\/noticiasregionais.com.br\/index.php?rest_route=%2Fwp%2Fv2%2Fmedia&parent=12461"}],"wp:term":[{"taxonomy":"category","embeddable":true,"href":"https:\/\/noticiasregionais.com.br\/index.php?rest_route=%2Fwp%2Fv2%2Fcategories&post=12461"},{"taxonomy":"post_tag","embeddable":true,"href":"https:\/\/noticiasregionais.com.br\/index.php?rest_route=%2Fwp%2Fv2%2Ftags&post=12461"}],"curies":[{"name":"wp","href":"https:\/\/api.w.org\/{rel}","templated":true}]}}