{"id":12463,"date":"2026-01-23T04:25:00","date_gmt":"2026-01-23T07:25:00","guid":{"rendered":"https:\/\/noticiasregionais.com.br\/?p=12463"},"modified":"2026-01-24T23:32:05","modified_gmt":"2026-01-25T02:32:05","slug":"meis-excluidos-do-simples-nacional-tem-ate-31-de-janeiro-para-regularizar-pendencias","status":"publish","type":"post","link":"https:\/\/noticiasregionais.com.br\/?p=12463","title":{"rendered":"MEIs exclu\u00eddos do Simples Nacional t\u00eam at\u00e9 31 de janeiro para regularizar pend\u00eancias"},"content":{"rendered":"<p>\t\t\t\t\t\t\t\t\t\t<audio controls class=\"b61_audio_player\" data-noticia=\"87248\" src=\"https:\/\/brasil61.com\/rails\/active_storage\/blobs\/eyJfcmFpbHMiOnsibWVzc2FnZSI6IkJBaHBBNXJuQXc9PSIsImV4cCI6bnVsbCwicHVyIjoiYmxvYl9pZCJ9fQ==--78fac1dd6af3ac2fc328fa27980f45b53e6a4556\/BRAS2615641A\"><\/audio><\/p>\n<p>Os microempreendedores individuais que tiveram o<strong> registro exclu\u00eddo do Simples Nacional<\/strong> e deixaram de ser enquadrados no <strong>Simei <\/strong>devem ficar atentos ao prazo. At\u00e9 o dia <strong>31 de janeiro<\/strong>, \u00e9 poss\u00edvel regularizar pend\u00eancias e solicitar a volta ao regime simplificado, garantindo a perman\u00eancia como MEI no ano-calend\u00e1rio atual.<\/p>\n<\/p>\n<p dir=\"ltr\">Para iniciar o processo, o empreendedor deve acessar o <a href=\"https:\/\/www8.receita.fazenda.gov.br\/simplesnacional\/\" target=\"_blank\" rel=\"noopener\">Portal do Simples Nacional<\/a> e consultar a situa\u00e7\u00e3o do CNPJ. Caso apare\u00e7a a indica\u00e7\u00e3o de que n\u00e3o \u00e9 optante pelo Simples Nacional e n\u00e3o est\u00e1 enquadrado no Simei, ser\u00e1 necess\u00e1rio verificar as causas do desenquadramento. Na maioria dos casos, a exclus\u00e3o ocorre em raz\u00e3o de <strong>d\u00e9bitos fiscais ou irregularidades junto \u00e0 Receita Federal, aos governos estaduais ou municipais<\/strong>.<\/p>\n<p dir=\"ltr\">Ap\u00f3s identificar as pend\u00eancias, o pr\u00f3ximo passo \u00e9 a <strong>regulariza\u00e7\u00e3o fiscal<\/strong>, que pode ser feita por meio do pagamento integral dos valores devidos ou pela ades\u00e3o a parcelamentos. Essa etapa deve ser realizada no <a href=\"https:\/\/cav.receita.fazenda.gov.br\/autenticacao\/login\" target=\"_blank\" rel=\"noopener\">e-CAC da Receita Federal<\/a>, com acesso pela conta <a href=\"https:\/\/www.gov.br\/pt-br\" target=\"_blank\" rel=\"noopener\">Gov.br<\/a>.<\/p>\n<p dir=\"ltr\">Com a situa\u00e7\u00e3o fiscal regularizada, o microempreendedor deve formalizar o<strong> pedido de ades\u00e3o ao Simples Nacional no portal oficial<\/strong>. Somente ap\u00f3s a aprova\u00e7\u00e3o dessa solicita\u00e7\u00e3o \u00e9 que ser\u00e1 poss\u00edvel requerer o <strong>reenquadramento <\/strong>no <a href=\"https:\/\/www8.receita.fazenda.gov.br\/simplesnacional\/documentos\/pagina.aspx?id=4\" target=\"_blank\" rel=\"noopener\">Simei<\/a>. As an\u00e1lises ocorrem de forma sequencial, e a condi\u00e7\u00e3o de MEI depende, obrigatoriamente, da aceita\u00e7\u00e3o no Simples Nacional.<\/p>\n<p dir=\"ltr\">O <a href=\"https:\/\/www.gov.br\/memp\/pt-br\" target=\"_blank\" rel=\"noopener\">Minist\u00e9rio do Empreendedorismo<\/a> destaca a import\u00e2ncia de acompanhar diariamente o andamento do pedido nos sistemas oficiais, j\u00e1 que eventuais exig\u00eancias podem surgir durante a an\u00e1lise e precisam ser resolvidas dentro do prazo. Caso a solicita\u00e7\u00e3o n\u00e3o seja feita at\u00e9 31 de janeiro, o retorno ao Simples Nacional e ao Simei s\u00f3 poder\u00e1 ocorrer no pr\u00f3ximo ano.<\/p>\n<p>\t\t\t\t\t\t\t\t\t<img decoding=\"async\" src=\"https:\/\/brasil61.com\/api\/v1\/serve_pixel\/22254\/87248\" alt=\"Pixel Brasil 61\" class=\"b61_pixel\" width=\"0\" height=\"0\"><\/p>\n<div class=\"br61_backlink\">\n<p>\n\t\t\t\tFonte: <a href=\"https:\/\/brasil61.com\/meis-excluidos-do-simples-nacional-tem-ate-31-de-janeiro-para-regularizar-pendencias-bras2615641\" title=\"Artigo Original: MEIs exclu\u00eddos do Simples Nacional t\u00eam at\u00e9 31 de janeiro para regularizar pend\u00eancias\" target=\"_blank\" rel=\"noopener\">Brasil 61<\/a>\n\t\t\t<\/p>\n<\/p><\/div>\n<input type=\"hidden\" id=\"baseurl\" value=\"https:\/\/noticiasregionais.com.br\"><input type=\"hidden\" id=\"audio_nonce\" value=\"533fbb67b1\">","protected":false},"excerpt":{"rendered":"<p>Microempreendedores individuais devem verificar situa\u00e7\u00e3o no Portal do Simples Nacional, regularizar d\u00e9bitos e solicitar reenquadramento para continuar atuando como MEI em 2026<\/p>\n","protected":false},"author":1,"featured_media":12502,"comment_status":"closed","ping_status":"open","sticky":false,"template":"","format":"standard","meta":{"sfsi_plus_gutenberg_text_before_share":"","sfsi_plus_gutenberg_show_text_before_share":"","sfsi_plus_gutenberg_icon_type":"","sfsi_plus_gutenberg_icon_alignemt":"","sfsi_plus_gutenburg_max_per_row":"","footnotes":""},"categories":[8],"tags":[],"class_list":["post-12463","post","type-post","status-publish","format-standard","has-post-thumbnail","hentry","category-brasil"],"_links":{"self":[{"href":"https:\/\/noticiasregionais.com.br\/index.php?rest_route=\/wp\/v2\/posts\/12463","targetHints":{"allow":["GET"]}}],"collection":[{"href":"https:\/\/noticiasregionais.com.br\/index.php?rest_route=\/wp\/v2\/posts"}],"about":[{"href":"https:\/\/noticiasregionais.com.br\/index.php?rest_route=\/wp\/v2\/types\/post"}],"author":[{"embeddable":true,"href":"https:\/\/noticiasregionais.com.br\/index.php?rest_route=\/wp\/v2\/users\/1"}],"replies":[{"embeddable":true,"href":"https:\/\/noticiasregionais.com.br\/index.php?rest_route=%2Fwp%2Fv2%2Fcomments&post=12463"}],"version-history":[{"count":1,"href":"https:\/\/noticiasregionais.com.br\/index.php?rest_route=\/wp\/v2\/posts\/12463\/revisions"}],"predecessor-version":[{"id":12501,"href":"https:\/\/noticiasregionais.com.br\/index.php?rest_route=\/wp\/v2\/posts\/12463\/revisions\/12501"}],"wp:featuredmedia":[{"embeddable":true,"href":"https:\/\/noticiasregionais.com.br\/index.php?rest_route=\/wp\/v2\/media\/12502"}],"wp:attachment":[{"href":"https:\/\/noticiasregionais.com.br\/index.php?rest_route=%2Fwp%2Fv2%2Fmedia&parent=12463"}],"wp:term":[{"taxonomy":"category","embeddable":true,"href":"https:\/\/noticiasregionais.com.br\/index.php?rest_route=%2Fwp%2Fv2%2Fcategories&post=12463"},{"taxonomy":"post_tag","embeddable":true,"href":"https:\/\/noticiasregionais.com.br\/index.php?rest_route=%2Fwp%2Fv2%2Ftags&post=12463"}],"curies":[{"name":"wp","href":"https:\/\/api.w.org\/{rel}","templated":true}]}}