{"id":12465,"date":"2026-01-23T04:00:00","date_gmt":"2026-01-23T07:00:00","guid":{"rendered":"https:\/\/noticiasregionais.com.br\/?p=12465"},"modified":"2026-01-23T04:00:00","modified_gmt":"2026-01-23T07:00:00","slug":"boi-gordo-hoje-confira-as-cotacoes-para-esta-sexta-feira-23","status":"publish","type":"post","link":"https:\/\/noticiasregionais.com.br\/?p=12465","title":{"rendered":"Boi gordo hoje: confira as cota\u00e7\u00f5es para esta\u00a0sexta-feira (23)"},"content":{"rendered":"<p>\t\t\t\t\t\t\t\t\t\t\t<audio controls class=\"b61_audio_player\" data-noticia=\"87240\" src=\"https:\/\/brasil61.com\/rails\/active_storage\/blobs\/eyJfcmFpbHMiOnsibWVzc2FnZSI6IkJBaHBBOHpuQXc9PSIsImV4cCI6bnVsbCwicHVyIjoiYmxvYl9pZCJ9fQ==--58f0d647ca429e2b35eb4d39ea3eea9c09eb76ef\/PAGR266059A\"><\/audio><\/p>\n<p>O pre\u00e7o do <strong>boi gordo<\/strong> abre esta <strong>sexta-feira (23)<\/strong> em\u00a0<strong>alta<\/strong> de<strong> 0,66%.\u00a0<\/strong>A arroba \u00e9 negociada a<strong> R$ 321,20<\/strong>, no estado de S\u00e3o Paulo.<\/p>\n<p><strong>INDICADOR DO BOI GORDO CEPEA\/ESALQ<\/strong><\/p>\n<\/p>\n<\/p>\n<\/p>\n<\/p>\n<\/p>\n<\/p>\n<\/p>\n<\/p>\n<\/p>\n<\/p>\n<\/p>\n<\/p>\n<table id=\"imagenet-indicador1\">\n<thead>\n<tr>\n<th>DATA<\/th>\n<th>VALOR R$*<\/th>\n<th>VAR.\/DIA<\/th>\n<th>VAR.\/M\u00caS<\/th>\n<th>VALOR US$*<\/th>\n<\/tr>\n<\/thead>\n<tbody>\n<tr>\n<td>22\/01\/2026<\/td>\n<td>321,20<\/td>\n<td>0,66%<\/td>\n<td>0,63%<\/td>\n<td>60,80<\/td>\n<\/tr>\n<tr>\n<td>21\/01\/2026<\/td>\n<td>319,10<\/td>\n<td>-0,59%<\/td>\n<td>-0,03%<\/td>\n<td>59,99<\/td>\n<\/tr>\n<tr>\n<td>20\/01\/2026<\/td>\n<td>321,00<\/td>\n<td>0,74%<\/td>\n<td>0,56%<\/td>\n<td>59,69<\/td>\n<\/tr>\n<tr>\n<td>19\/01\/2026<\/td>\n<td>318,65<\/td>\n<td>0,19%<\/td>\n<td>-0,17%<\/td>\n<td>59,41<\/td>\n<\/tr>\n<tr>\n<td>16\/01\/2026<\/td>\n<td>318,05<\/td>\n<td>0,06%<\/td>\n<td>-0,36%<\/td>\n<td>59,21<\/td>\n<\/tr>\n<\/tbody>\n<\/table>\n<p>\u00a0<\/p>\n<h2>Pre\u00e7o do frango congelado e resfriado<\/h2>\n<p>Nos atacados da Grande S\u00e3o Paulo, S\u00e3o Jos\u00e9 do Rio Preto e Descalvado, os pre\u00e7os do <strong>frango congelado<\/strong>\u00a0apresentaram <b>estabilidade<\/b>, assim como os do\u00a0<strong>frango resfriado.<\/strong>\u00a0A primeira mercadoria \u00e9 vendida a<strong> R$ 7,25<\/strong>, enquanto a segunda \u00e9 comercializada a <strong>R$ 7,32<\/strong>.<\/p>\n<p><strong>PRE\u00c7OS DO FRANGO CONGELADO CEPEA\/ESALQ &#8211; ESTADO SP\u00a0<\/strong><\/p>\n<\/p>\n<\/p>\n<\/p>\n<\/p>\n<\/p>\n<\/p>\n<\/p>\n<\/p>\n<\/p>\n<\/p>\n<\/p>\n<\/p>\n<\/p>\n<table id=\"imagenet-indicador1\">\n<thead>\n<tr>\n<th>DATA<\/th>\n<th>VALOR R$<\/th>\n<th>VAR.\/DIA<\/th>\n<th>VAR.\/M\u00caS<\/th>\n<\/tr>\n<\/thead>\n<tbody>\n<tr>\n<td>22\/01\/2026<\/td>\n<td>7,25<\/td>\n<td>0,00%<\/td>\n<td>-10,71%<\/td>\n<\/tr>\n<tr>\n<td>21\/01\/2026<\/td>\n<td>7,25<\/td>\n<td>0,00%<\/td>\n<td>-10,71%<\/td>\n<\/tr>\n<tr>\n<td>20\/01\/2026<\/td>\n<td>7,25<\/td>\n<td>0,00%<\/td>\n<td>-10,71%<\/td>\n<\/tr>\n<tr>\n<td>19\/01\/2026<\/td>\n<td>7,25<\/td>\n<td>-0,41%<\/td>\n<td>-10,71%<\/td>\n<\/tr>\n<tr>\n<td>16\/01\/2026<\/td>\n<td>7,28<\/td>\n<td>-0,82%<\/td>\n<td>-10,34%<\/td>\n<\/tr>\n<\/tbody>\n<\/table>\n<p>\u00a0<\/p>\n<p><strong>PRE\u00c7OS DO FRANGO RESFRIADO CEPEA\/ESALQ &#8211; ESTADO SP<\/strong><\/p>\n<\/p>\n<\/p>\n<\/p>\n<\/p>\n<\/p>\n<\/p>\n<\/p>\n<\/p>\n<\/p>\n<\/p>\n<\/p>\n<table id=\"imagenet-indicador2\">\n<thead>\n<tr>\n<th>DATA<\/th>\n<th>VALOR R$<\/th>\n<th>VAR.\/DIA<\/th>\n<th>VAR.\/M\u00caS<\/th>\n<\/tr>\n<\/thead>\n<tbody>\n<tr>\n<td>22\/01\/2026<\/td>\n<td>7,32<\/td>\n<td>0,00%<\/td>\n<td>-10,07%<\/td>\n<\/tr>\n<tr>\n<td>21\/01\/2026<\/td>\n<td>7,32<\/td>\n<td>0,00%<\/td>\n<td>-10,07%<\/td>\n<\/tr>\n<tr>\n<td>20\/01\/2026<\/td>\n<td>7,32<\/td>\n<td>0,00%<\/td>\n<td>-10,07%<\/td>\n<\/tr>\n<tr>\n<td>19\/01\/2026<\/td>\n<td>7,32<\/td>\n<td>-0,27%<\/td>\n<td>-10,07%<\/td>\n<\/tr>\n<tr>\n<td>16\/01\/2026<\/td>\n<td>7,34<\/td>\n<td>-0,94%<\/td>\n<td>-9,83%<\/td>\n<\/tr>\n<\/tbody>\n<\/table>\n<p>\u00a0<\/p>\n<h2>Pre\u00e7o da carca\u00e7a su\u00edna especial e do su\u00edno vivo<\/h2>\n<p>A <b>carca\u00e7a su\u00edna especial <\/b>tamb\u00e9m volta a apontar<b>\u00a0estabilidade<\/b>\u00a0no pre\u00e7o<b>,<\/b>\u00a0sendo negociada a <b>R$ 11,68\u00a0<\/b>por quilo nos atacados da Grande S\u00e3o Paulo.<\/p>\n<p><strong>PRE\u00c7OS DA CARCA\u00c7A SU\u00cdNA ESPECIAL (R$\/kg)<\/strong><\/p>\n<\/p>\n<\/p>\n<\/p>\n<\/p>\n<\/p>\n<\/p>\n<\/p>\n<\/p>\n<\/p>\n<\/p>\n<\/p>\n<\/p>\n<table id=\"imagenet-indicador3\">\n<thead>\n<tr>\n<th>DATA<\/th>\n<th>M\u00c9DIA<\/th>\n<th>VAR.\/DIA<\/th>\n<th>VAR.\/M\u00caS<\/th>\n<\/tr>\n<\/thead>\n<tbody>\n<tr>\n<td>22\/01\/2026<\/td>\n<td>11,68<\/td>\n<td>0,00%<\/td>\n<td>-9,18%<\/td>\n<\/tr>\n<tr>\n<td>21\/01\/2026<\/td>\n<td>11,68<\/td>\n<td>0,00%<\/td>\n<td>-9,18%<\/td>\n<\/tr>\n<tr>\n<td>20\/01\/2026<\/td>\n<td>11,68<\/td>\n<td>-5,35%<\/td>\n<td>-9,18%<\/td>\n<\/tr>\n<tr>\n<td>19\/01\/2026<\/td>\n<td>12,34<\/td>\n<td>0,65%<\/td>\n<td>-4,04%<\/td>\n<\/tr>\n<tr>\n<td>16\/01\/2026<\/td>\n<td>12,26<\/td>\n<td>-1,53%<\/td>\n<td>-4,67%<\/td>\n<\/tr>\n<\/tbody>\n<\/table>\n<p>\u00a0<\/p>\n<p>O pre\u00e7o do <strong>su\u00edno vivo<\/strong> registra\u00a0<strong>estabilidade <\/strong>em\u00a0<strong>Minas Gerais,\u00a0<\/strong>no\u00a0<strong>Rio Grande do Sul\u00a0<\/strong>e em\u00a0<strong>S\u00e3o<\/strong> <strong>Paulo<\/strong>,\u00a0 <strong>desvaloriza\u00e7\u00e3o de 1,83%<\/strong>\u00a0em <strong>Santa Catarina<\/strong>\u00a0e <strong>valoriza\u00e7\u00e3o de 0,53%<\/strong>\u00a0no\u00a0<strong>Paran\u00e1<\/strong>. As mercadorias variam entre <strong>R$ 7,52<\/strong>\u00a0e <strong>R$ 7,92<\/strong>.<\/p>\n<p><strong>INDICADOR DO SU\u00cdNO VIVO CEPEA\/ESALQ (R$\/kg)\u00a0<\/strong><\/p>\n<\/p>\n<\/p>\n<\/p>\n<\/p>\n<\/p>\n<\/p>\n<\/p>\n<\/p>\n<\/p>\n<\/p>\n<\/p>\n<\/p>\n<table id=\"imagenet-indicador2\">\n<thead>\n<tr>\n<th>DATA<\/th>\n<th>ESTADO<\/th>\n<th>VALOR R$*<\/th>\n<th>VAR.\/DIA<\/th>\n<th>VAR.\/M\u00caS<\/th>\n<\/tr>\n<\/thead>\n<tbody>\n<tr>\n<td>22\/01\/2026<\/td>\n<td>MG &#8211; posto<\/td>\n<td>7,76<\/td>\n<td>0,00%<\/td>\n<td>-7,95%<\/td>\n<\/tr>\n<tr>\n<td>22\/01\/2026<\/td>\n<td>PR &#8211; a retirar<\/td>\n<td>7,64<\/td>\n<td>0,53%<\/td>\n<td>-7,62%<\/td>\n<\/tr>\n<tr>\n<td>22\/01\/2026<\/td>\n<td>RS &#8211; a retirar<\/td>\n<td>7,72<\/td>\n<td>0,00%<\/td>\n<td>-6,99%<\/td>\n<\/tr>\n<tr>\n<td>22\/01\/2026<\/td>\n<td>SC &#8211; a retirar<\/td>\n<td>7,52<\/td>\n<td>-1,83%<\/td>\n<td>-9,94%<\/td>\n<\/tr>\n<tr>\n<td>22\/01\/2026<\/td>\n<td>SP &#8211; posto<\/td>\n<td>7,92<\/td>\n<td>0,00%<\/td>\n<td>-11,11%<\/td>\n<\/tr>\n<\/tbody>\n<\/table>\n<p>\u00a0<\/p>\n<p>Os valores s\u00e3o do <a href=\"http:\/\/www.cepea.org.br\" target=\"_blank\" rel=\"noopener\"><strong>Cepea<\/strong><\/a>.<\/p>\n<h2>O que \u00e9 o boi gordo? Entenda o termo do mercado bovino<\/h2>\n<p>O <strong>boi gordo \u00e9 o bovino macho pronto para o abate, com peso m\u00ednimo de 16 arrobas l\u00edquidas de carca\u00e7a (aproximadamente 240 kg) e at\u00e9 42 meses de idade<\/strong>. Atende aos padr\u00f5es do mercado nacional e internacional, incluindo exporta\u00e7\u00f5es para Europa, China e cota Hilton.<\/p>\n<h2>Diferen\u00e7as entre frango congelado e frango resfriado<\/h2>\n<p>O<strong> frango congelado passa por congelamento r\u00e1pido, com temperaturas abaixo de -12\u00b0C<\/strong>, garantindo maior vida \u00fatil para armazenamento e transporte a longas dist\u00e2ncias. J\u00e1 o<strong> frango resfriado \u00e9 mantido entre 0\u00b0C e 4\u00b0C, com validade de 5 a 7 dias<\/strong>, oferecendo textura e sabor mais pr\u00f3ximos do fresco, ideal para consumidores exigentes e restaurantes.<\/p>\n<p>\t\t\t\t\t\t\t\t\t\t<img decoding=\"async\" src=\"https:\/\/brasil61.com\/api\/v1\/serve_pixel\/22254\/87240\" alt=\"Pixel Brasil 61\" class=\"b61_pixel\" width=\"0\" height=\"0\"><\/p>\n<div class=\"br61_backlink\">\n<p>\n\t\t\t\tFonte: <a href=\"https:\/\/brasil61.com\/boi-gordo-hoje-confira-as-cotacoes-para-esta-sexta-feira-23-pagr266059\" title=\"Artigo Original: Boi gordo hoje: confira as cota\u00e7\u00f5es para esta\u00a0sexta-feira (23)\" target=\"_blank\" rel=\"noopener\">Brasil 61<\/a>\n\t\t\t<\/p>\n<\/p><\/div>\n<input type=\"hidden\" id=\"baseurl\" value=\"https:\/\/noticiasregionais.com.br\"><input type=\"hidden\" id=\"audio_nonce\" value=\"533fbb67b1\">","protected":false},"excerpt":{"rendered":"<p>O pre\u00e7o do su\u00edno vivo apresenta estabilidade em MG, RS e SP; o frango resfriado e o congelado apresentam estabilidade<\/p>\n","protected":false},"author":1,"featured_media":12466,"comment_status":"","ping_status":"open","sticky":false,"template":"","format":"standard","meta":{"sfsi_plus_gutenberg_text_before_share":"","sfsi_plus_gutenberg_show_text_before_share":"","sfsi_plus_gutenberg_icon_type":"","sfsi_plus_gutenberg_icon_alignemt":"","sfsi_plus_gutenburg_max_per_row":"","footnotes":""},"categories":[8],"tags":[],"class_list":["post-12465","post","type-post","status-publish","format-standard","has-post-thumbnail","hentry","category-brasil"],"_links":{"self":[{"href":"https:\/\/noticiasregionais.com.br\/index.php?rest_route=\/wp\/v2\/posts\/12465","targetHints":{"allow":["GET"]}}],"collection":[{"href":"https:\/\/noticiasregionais.com.br\/index.php?rest_route=\/wp\/v2\/posts"}],"about":[{"href":"https:\/\/noticiasregionais.com.br\/index.php?rest_route=\/wp\/v2\/types\/post"}],"author":[{"embeddable":true,"href":"https:\/\/noticiasregionais.com.br\/index.php?rest_route=\/wp\/v2\/users\/1"}],"replies":[{"embeddable":true,"href":"https:\/\/noticiasregionais.com.br\/index.php?rest_route=%2Fwp%2Fv2%2Fcomments&post=12465"}],"version-history":[{"count":0,"href":"https:\/\/noticiasregionais.com.br\/index.php?rest_route=\/wp\/v2\/posts\/12465\/revisions"}],"wp:featuredmedia":[{"embeddable":true,"href":"https:\/\/noticiasregionais.com.br\/index.php?rest_route=\/wp\/v2\/media\/12466"}],"wp:attachment":[{"href":"https:\/\/noticiasregionais.com.br\/index.php?rest_route=%2Fwp%2Fv2%2Fmedia&parent=12465"}],"wp:term":[{"taxonomy":"category","embeddable":true,"href":"https:\/\/noticiasregionais.com.br\/index.php?rest_route=%2Fwp%2Fv2%2Fcategories&post=12465"},{"taxonomy":"post_tag","embeddable":true,"href":"https:\/\/noticiasregionais.com.br\/index.php?rest_route=%2Fwp%2Fv2%2Ftags&post=12465"}],"curies":[{"name":"wp","href":"https:\/\/api.w.org\/{rel}","templated":true}]}}