{"id":12471,"date":"2026-01-23T04:55:00","date_gmt":"2026-01-23T07:55:00","guid":{"rendered":"https:\/\/noticiasregionais.com.br\/?p=12471"},"modified":"2026-01-23T04:55:00","modified_gmt":"2026-01-23T07:55:00","slug":"ano-eleitoral-nao-e-desculpa-para-interrupcao-de-politicas-publicas-avalia-especialista","status":"publish","type":"post","link":"https:\/\/noticiasregionais.com.br\/?p=12471","title":{"rendered":"Ano eleitoral n\u00e3o \u00e9 desculpa para interrup\u00e7\u00e3o de pol\u00edticas p\u00fablicas, avalia especialista"},"content":{"rendered":"<p>\t\t\t\t\t\t\t\t\t\t\t<audio controls class=\"b61_audio_player\" data-noticia=\"87259\" src=\"https:\/\/brasil61.com\/rails\/active_storage\/blobs\/eyJfcmFpbHMiOnsibWVzc2FnZSI6IkJBaHBBOUxuQXc9PSIsImV4cCI6bnVsbCwicHVyIjoiYmxvYl9pZCJ9fQ==--574ae39e2df0ac4363b70fa41a613b6dba96897b\/BRAS2615649A\"><\/audio><\/p>\n<p>A cada quatro anos, tudo se repete. A afirma\u00e7\u00e3o \u00e9 v\u00e1lida tanto pelo fanatismo da torcida brasileira com a Copa do Mundo de futebol masculino quanto pelas consequ\u00eancias das elei\u00e7\u00f5es gerais.<\/p>\n<p>Em 2026, os brasileiros ir\u00e3o \u00e0s urnas no dia 4 de outubro para eleger presidente da Rep\u00fablica, governadores, senadores, deputados federais, estaduais e distritais no primeiro turno das elei\u00e7\u00f5es. Se necess\u00e1rio, o segundo turno est\u00e1 previsto para o dia 25 de outubro.\u00a0<\/p>\n<p>Assim como os cidad\u00e3os votantes, os votados tamb\u00e9m t\u00eam obriga\u00e7\u00f5es diferenciadas quadrienalmente. A maior parte delas constam na <a href=\"https:\/\/www.planalto.gov.br\/ccivil_03\/leis\/l9504.htm\" target=\"_blank\" rel=\"noopener\">Lei 9.504\/97<\/a>, a Lei das Elei\u00e7\u00f5es, e tem o objetivo de deixar a disputa mais ison\u00f4mica entre quem ocupa cargos na administra\u00e7\u00e3o p\u00fablica e quem n\u00e3o.<\/p>\n<p>\u201cQuem \u00e9 governador vai ter mais vantagem de quem est\u00e1 fora. Quem \u00e9 presidente, sem nenhuma d\u00favida, vai ter mais vantagem de quem t\u00e1 fora. Tamb\u00e9m n\u00e3o d\u00e1 para dizer que a reelei\u00e7\u00e3o \u00e9 autom\u00e1tica. N\u00e3o, n\u00e3o \u00e9. Pode ser que n\u00e3o aconte\u00e7a, mas o objetivo da lei, e o objetivo do judici\u00e1rio ao aplicar a lei, \u00e9 garantir o equil\u00edbrio\u201d, afirma o advogado especialista em direito eleitoral, Alberto Rollo.<\/p>\n<p>Uma dessas regras \u00e9 a desincompatibiliza\u00e7\u00e3o. Candidatos com cargos na Administra\u00e7\u00e3o P\u00fablica ou em empresas com contratos com o Poder P\u00fablico devem deixar as fun\u00e7\u00f5es entre tr\u00eas e seis meses antes do primeiro turno, a depender do of\u00edcio.<\/p>\n<p>Essa imposi\u00e7\u00e3o gera descontentamento em alguns pol\u00edticos. A reclama\u00e7\u00e3o \u00e9 devido \u00e0 proibi\u00e7\u00e3o de candidatos de comparecerem em a\u00e7\u00f5es de an\u00fancio e execu\u00e7\u00e3o de pol\u00edticas p\u00fablicas, que muitas vezes t\u00eam de ser aceleradas para que a entrega ocorra durante o exerc\u00edcio da fun\u00e7\u00e3o p\u00fablica e antes do per\u00edodo eleitoral.<\/p>\n<p>Rollo avalia que o planejamento estrat\u00e9gico da gest\u00e3o deve considerar todo o per\u00edodo de mandato e n\u00e3o concentrar a\u00e7\u00f5es \u00e0s v\u00e9speras da elei\u00e7\u00e3o. \u201cO governo \u00e9 um per\u00edodo de 4 anos. Ent\u00e3o, n\u00e3o \u00e9 voc\u00ea deixar para fazer no \u00faltimo ano porque \u00e9 eleitoral. Voc\u00ea tem que se programar para fazer ao longo de 4 anos\u201d, pondera.<\/p>\n<p>Segundo Rollo, as iniciativas podem ter continuidade com os gestores que n\u00e3o se lan\u00e7am na disputa e a maior parte das veda\u00e7\u00f5es foca na conduta dos candidatos e na forma de comunicar as entregas.<\/p>\n<h2>Proibi\u00e7\u00f5es<\/h2>\n<p>Uma das principais limita\u00e7\u00f5es definida pela Lei das Elei\u00e7\u00f5es \u00e9 a cria\u00e7\u00e3o de aux\u00edlios sociais com repasse de verbas. A partir do dia 1\u00ba de janeiro de qualquer ano eleitoral, fica proibida a distribui\u00e7\u00e3o gratuita de bens, valores ou benef\u00edcios pelos governos, e a gest\u00e3o de programas em execu\u00e7\u00e3o por por entidade vinculada a candidato. A exce\u00e7\u00e3o \u00e9 para pol\u00edticas voltadas para o enfrentamento de calamidades ou aquelas j\u00e1 autorizadas e previstas no exerc\u00edcio or\u00e7ament\u00e1rio anterior.<\/p>\n<p>A maioria das proibi\u00e7\u00f5es t\u00eam in\u00edcio a 3 meses antes do pleito:<\/p>\n<ul>\n<li>Shows art\u00edsticos pagos com recursos p\u00fablicos;<\/li>\n<li>Propaganda institucional de programas, servi\u00e7os e \u00f3rg\u00e3os p\u00fablicos, exceto para casos de urgente necessidade p\u00fablica;<\/li>\n<li>Transfer\u00eancia de recursos entre Uni\u00e3o, estados e munic\u00edpios, ressalvadas a\u00e7\u00f5es planejadas anteriormente e em andamento, ou em caso de emerg\u00eancia ou calamidade p\u00fablica;<\/li>\n<li>Nomea\u00e7\u00e3o, remo\u00e7\u00e3o, transfer\u00eancia e demiss\u00e3o de servidores p\u00fablicos, e \u00a0supress\u00e3o ou readapta\u00e7\u00e3o de fun\u00e7\u00f5es.<\/li>\n<\/ul>\n<p>\t\t\t\t\t\t\t\t\t\t<img decoding=\"async\" src=\"https:\/\/brasil61.com\/api\/v1\/serve_pixel\/22254\/87259\" alt=\"Pixel Brasil 61\" class=\"b61_pixel\" width=\"0\" height=\"0\"><\/p>\n<div class=\"br61_backlink\">\n<p>\n\t\t\t\tFonte: <a href=\"https:\/\/brasil61.com\/ano-eleitoral-nao-e-desculpa-para-interrupcao-de-politicas-publicas-avalia-especialista-bras2615649\" title=\"Artigo Original: Ano eleitoral n\u00e3o \u00e9 desculpa para interrup\u00e7\u00e3o de pol\u00edticas p\u00fablicas, avalia especialista\" target=\"_blank\" rel=\"noopener\">Brasil 61<\/a>\n\t\t\t<\/p>\n<\/p><\/div>\n<input type=\"hidden\" id=\"baseurl\" value=\"https:\/\/noticiasregionais.com.br\"><input type=\"hidden\" id=\"audio_nonce\" value=\"533fbb67b1\">","protected":false},"excerpt":{"rendered":"<p>Alberto Rollo afirma que veda\u00e7\u00f5es da Lei das Elei\u00e7\u00f5es t\u00eam objetivo de tornar as disputas mais equilibradas e proteger os cofres p\u00fablicos de poss\u00edveis excessos<\/p>\n","protected":false},"author":1,"featured_media":12472,"comment_status":"","ping_status":"open","sticky":false,"template":"","format":"standard","meta":{"sfsi_plus_gutenberg_text_before_share":"","sfsi_plus_gutenberg_show_text_before_share":"","sfsi_plus_gutenberg_icon_type":"","sfsi_plus_gutenberg_icon_alignemt":"","sfsi_plus_gutenburg_max_per_row":"","footnotes":""},"categories":[8],"tags":[],"class_list":["post-12471","post","type-post","status-publish","format-standard","has-post-thumbnail","hentry","category-brasil"],"_links":{"self":[{"href":"https:\/\/noticiasregionais.com.br\/index.php?rest_route=\/wp\/v2\/posts\/12471","targetHints":{"allow":["GET"]}}],"collection":[{"href":"https:\/\/noticiasregionais.com.br\/index.php?rest_route=\/wp\/v2\/posts"}],"about":[{"href":"https:\/\/noticiasregionais.com.br\/index.php?rest_route=\/wp\/v2\/types\/post"}],"author":[{"embeddable":true,"href":"https:\/\/noticiasregionais.com.br\/index.php?rest_route=\/wp\/v2\/users\/1"}],"replies":[{"embeddable":true,"href":"https:\/\/noticiasregionais.com.br\/index.php?rest_route=%2Fwp%2Fv2%2Fcomments&post=12471"}],"version-history":[{"count":0,"href":"https:\/\/noticiasregionais.com.br\/index.php?rest_route=\/wp\/v2\/posts\/12471\/revisions"}],"wp:featuredmedia":[{"embeddable":true,"href":"https:\/\/noticiasregionais.com.br\/index.php?rest_route=\/wp\/v2\/media\/12472"}],"wp:attachment":[{"href":"https:\/\/noticiasregionais.com.br\/index.php?rest_route=%2Fwp%2Fv2%2Fmedia&parent=12471"}],"wp:term":[{"taxonomy":"category","embeddable":true,"href":"https:\/\/noticiasregionais.com.br\/index.php?rest_route=%2Fwp%2Fv2%2Fcategories&post=12471"},{"taxonomy":"post_tag","embeddable":true,"href":"https:\/\/noticiasregionais.com.br\/index.php?rest_route=%2Fwp%2Fv2%2Ftags&post=12471"}],"curies":[{"name":"wp","href":"https:\/\/api.w.org\/{rel}","templated":true}]}}