{"id":12473,"date":"2026-01-23T04:40:00","date_gmt":"2026-01-23T07:40:00","guid":{"rendered":"https:\/\/noticiasregionais.com.br\/?p=12473"},"modified":"2026-01-23T04:40:00","modified_gmt":"2026-01-23T07:40:00","slug":"precos-de-repelentes-tem-variacao-de-ate-110-entre-sites-de-comercio-online-segundo-procon-sp","status":"publish","type":"post","link":"https:\/\/noticiasregionais.com.br\/?p=12473","title":{"rendered":"Pre\u00e7os de repelentes t\u00eam varia\u00e7\u00e3o de at\u00e9 110% entre sites de com\u00e9rcio online, segundo Procon-SP"},"content":{"rendered":"<p>\t\t\t\t\t\t\t\t\t\t\t<audio controls class=\"b61_audio_player\" data-noticia=\"87255\" src=\"https:\/\/brasil61.com\/rails\/active_storage\/blobs\/eyJfcmFpbHMiOnsibWVzc2FnZSI6IkJBaHBBOG5uQXc9PSIsImV4cCI6bnVsbCwicHVyIjoiYmxvYl9pZCJ9fQ==--f008cf1c830f2bcfd9c365a9740f508bcb4b91f0\/BRAS2615648A\"><\/audio><\/p>\n<p>Os pre\u00e7os dos repelentes de insetos no com\u00e9rcio eletr\u00f4nico apresentaram <strong>disparidades expressivas de at\u00e9 110%<\/strong> entre estabelecimentos analisados pelo <a href=\"https:\/\/www.procon.sp.gov.br\/wp-content\/uploads\/2026\/01\/Relatorio-Repelentes-NP-2026.pdf\" target=\"_blank\" rel=\"noopener\"><b>levantamento divulgado pelo Procon-SP<\/b><\/a><b> <\/b>na \u00faltima quarta-feira (21). O item com a <strong>maior disparidade<\/strong> foi o <strong>Repelente Exposis Infantil 100ml (Spray)<\/strong>, encontrado por <strong>R$83,95<\/strong> em um site e<strong> R$39,90<\/strong> em outro, o que representa uma<strong> diferen\u00e7a de 110,40%<\/strong> \u2014 o equivalente \u00e0 <strong>economia de R$44,05 por unidade<\/strong>.<\/p>\n<p>Outras varia\u00e7\u00f5es que chamaram a aten\u00e7\u00e3o foram as do <strong>Repelente OFF Family 200ml (Lo\u00e7\u00e3o)<\/strong>, com <strong>pre\u00e7os entre R$16,89 e R$34,90<\/strong> \u2014 varia\u00e7\u00e3o de <strong>106,63%<\/strong> \u2014, e do <strong>Repelente Exposis Extreme 100ml (Spray)<\/strong>, com <strong>valores de R$ 39,90 a R$ 81,90<\/strong> \u2014 varia\u00e7\u00e3o de <strong>105,26%<\/strong>.<\/p>\n<p>Durante o ver\u00e3o, a prolifera\u00e7\u00e3o do mosquito <em>Aedes aegypti,<\/em> transmissor de dengue, zika e chikungunya, tende a aumentar consideravelmente, assim como a procura pelo uso de repelentes. Visando tornar essa uma forma de prote\u00e7\u00e3o mais acess\u00edvel para a popula\u00e7\u00e3o, o Procon-SP realiza a pesquisa de pre\u00e7os dos produtos anualmente.<\/p>\n<p>O levantamento, realizado pelo terceiro ano consecutivo, comparou um total de<strong> 32 itens<\/strong> das marcas Johnson &amp; Johnson, Reckitt Benckiser, Ceras Johnson, Cimed, Universal Chemical e Amoveri Farma, analisados nos nove sites pesquisados. Os pre\u00e7os foram coletados no dia <strong>15 de janeiro de 2026 <\/strong>nos portais Promofarma, Nissei, Drogaria S\u00e3o Paulo, Droga Leste, Drogasil, Pague Menos, Ultrafarma, Droga Raia e Farma Conde.<\/p>\n<p>Al\u00e9m de levar em conta para a compara\u00e7\u00e3o somente os itens comercializados em, pelo menos, tr\u00eas dos sites visitados, o Procon-SP adverte que, em alguns deles, mais de um pre\u00e7o poderia ser encontrado para o mesmo produto por se tratarem de marketplaces, casos nos quais foram escolhidos os menores pre\u00e7os pagos \u00e0 vista no cart\u00e3o de cr\u00e9dito.<\/p>\n<p>Confira a <a href=\"https:\/\/www.procon.sp.gov.br\/wp-content\/uploads\/2026\/01\/Relatorio-Repelentes-NP-2026.pdf\" target=\"_blank\" rel=\"noopener\">\u00edntegra da pesquisa<\/a>.<\/p>\n<p>As informa\u00e7\u00f5es s\u00e3o do Procon-SP.<\/p>\n<p>\t\t\t\t\t\t\t\t\t\t<img decoding=\"async\" src=\"https:\/\/brasil61.com\/api\/v1\/serve_pixel\/22254\/87255\" alt=\"Pixel Brasil 61\" class=\"b61_pixel\" width=\"0\" height=\"0\"><\/p>\n<div class=\"br61_backlink\">\n<p>\n\t\t\t\tFonte: <a href=\"https:\/\/brasil61.com\/precos-de-repelentes-tem-variacao-de-ate-110-entre-sites-de-comercio-online-segundo-procon-sp-bras2615648\" title=\"Artigo Original: Pre\u00e7os de repelentes t\u00eam varia\u00e7\u00e3o de at\u00e9 110% entre sites de com\u00e9rcio online, segundo Procon-SP\" target=\"_blank\" rel=\"noopener\">Brasil 61<\/a>\n\t\t\t<\/p>\n<\/p><\/div>\n<input type=\"hidden\" id=\"baseurl\" value=\"https:\/\/noticiasregionais.com.br\"><input type=\"hidden\" id=\"audio_nonce\" value=\"533fbb67b1\">","protected":false},"excerpt":{"rendered":"<p>Levantamento comparou pre\u00e7os de 32 itens de seis marcas entre nove estabelecimentos de com\u00e9rcio eletr\u00f4nico no dia 15 de janeiro, em meio ao per\u00edodo de alta dos mosquitos<\/p>\n","protected":false},"author":1,"featured_media":12474,"comment_status":"","ping_status":"open","sticky":false,"template":"","format":"standard","meta":{"sfsi_plus_gutenberg_text_before_share":"","sfsi_plus_gutenberg_show_text_before_share":"","sfsi_plus_gutenberg_icon_type":"","sfsi_plus_gutenberg_icon_alignemt":"","sfsi_plus_gutenburg_max_per_row":"","footnotes":""},"categories":[8],"tags":[],"class_list":["post-12473","post","type-post","status-publish","format-standard","has-post-thumbnail","hentry","category-brasil"],"_links":{"self":[{"href":"https:\/\/noticiasregionais.com.br\/index.php?rest_route=\/wp\/v2\/posts\/12473","targetHints":{"allow":["GET"]}}],"collection":[{"href":"https:\/\/noticiasregionais.com.br\/index.php?rest_route=\/wp\/v2\/posts"}],"about":[{"href":"https:\/\/noticiasregionais.com.br\/index.php?rest_route=\/wp\/v2\/types\/post"}],"author":[{"embeddable":true,"href":"https:\/\/noticiasregionais.com.br\/index.php?rest_route=\/wp\/v2\/users\/1"}],"replies":[{"embeddable":true,"href":"https:\/\/noticiasregionais.com.br\/index.php?rest_route=%2Fwp%2Fv2%2Fcomments&post=12473"}],"version-history":[{"count":0,"href":"https:\/\/noticiasregionais.com.br\/index.php?rest_route=\/wp\/v2\/posts\/12473\/revisions"}],"wp:featuredmedia":[{"embeddable":true,"href":"https:\/\/noticiasregionais.com.br\/index.php?rest_route=\/wp\/v2\/media\/12474"}],"wp:attachment":[{"href":"https:\/\/noticiasregionais.com.br\/index.php?rest_route=%2Fwp%2Fv2%2Fmedia&parent=12473"}],"wp:term":[{"taxonomy":"category","embeddable":true,"href":"https:\/\/noticiasregionais.com.br\/index.php?rest_route=%2Fwp%2Fv2%2Fcategories&post=12473"},{"taxonomy":"post_tag","embeddable":true,"href":"https:\/\/noticiasregionais.com.br\/index.php?rest_route=%2Fwp%2Fv2%2Ftags&post=12473"}],"curies":[{"name":"wp","href":"https:\/\/api.w.org\/{rel}","templated":true}]}}