{"id":12493,"date":"2026-01-24T04:00:00","date_gmt":"2026-01-24T07:00:00","guid":{"rendered":"https:\/\/noticiasregionais.com.br\/?p=12493"},"modified":"2026-01-24T04:00:00","modified_gmt":"2026-01-24T07:00:00","slug":"morte-de-pacientes-no-df-entidades-ligadas-ao-setor-hospitalar-se-manifestam-sobre-seguranca-nas-unidades-de-saude","status":"publish","type":"post","link":"https:\/\/noticiasregionais.com.br\/?p=12493","title":{"rendered":"Morte de pacientes no DF: entidades ligadas ao setor hospitalar se manifestam sobre seguran\u00e7a nas unidades de sa\u00fade"},"content":{"rendered":"<p>\t\t\t\t\t\t\t\t\t\t\t<audio controls class=\"b61_audio_player\" data-noticia=\"87286\" src=\"https:\/\/brasil61.com\/rails\/active_storage\/blobs\/eyJfcmFpbHMiOnsibWVzc2FnZSI6IkJBaHBBK0xvQXc9PSIsImV4cCI6bnVsbCwicHVyIjoiYmxvYl9pZCJ9fQ==--f9020ed5a7d511fca8ea012426e7b13a14996395\/BRAS2615660A\"><\/audio><\/p>\n<p>Em meio \u00e0 repercuss\u00e3o da investiga\u00e7\u00e3o que apura a suspeita de que ex-t\u00e9cnicos de enfermagem de um hospital particular no Distrito Federal tenham provocado a morte de ao menos tr\u00eas pacientes, entidades representativas do setor hospitalar se pronunciaram sobre os protocolos de controle e seguran\u00e7a adotados nas unidades de sa\u00fade.<\/p>\n<p><strong>Em nota enviada ao Brasil 61, a Associa\u00e7\u00e3o de Medicina Intensiva Brasileira <a href=\"https:\/\/amib.org.br\/\" target=\"_blank\" rel=\"noopener\">(AMIB)<\/a> considerou que epis\u00f3dios como os ocorridos no Hospital Anchieta de Taguatinga \u2013 onde as mortes foram registradas &#8211; configuram \u201ccondutas individuais grav\u00edssimas, incompat\u00edveis com os princ\u00edpios \u00e9ticos, legais e t\u00e9cnicos que regem a assist\u00eancia em sa\u00fade no pa\u00eds\u201d.\u00a0<\/strong><\/p>\n<p>Para a entidade, o caso n\u00e3o reflete a pr\u00e1tica cotidiana nas Unidades de Terapia Intensiva (UTIs) do pa\u00eds, nem o trabalho desenvolvido pela enfermagem e pelas equipes multiprofissionais.<\/p>\n<p>\u201cAs UTIs s\u00e3o ambientes altamente regulados por protocolos assistenciais rigorosos, possuem monitoriza\u00e7\u00e3o cont\u00ednua e contam com atua\u00e7\u00e3o integrada de equipes multiprofissionais, contribuindo para a recupera\u00e7\u00e3o da sa\u00fade e a preserva\u00e7\u00e3o da vida de milhares de pacientes diariamente\u201d, complementou a AMIB.<\/p>\n<p><strong>A Pol\u00edcia Civil segue com os procedimentos de investiga\u00e7\u00e3o do caso. Paralelamente, o Conselho Regional de Enfermagem do Distrito Federal <a href=\"https:\/\/www.coren-df.gov.br\/\" target=\"_blank\" rel=\"noopener\">(Coren-DF)<\/a> deu in\u00edcio a um Procedimento Preliminar de averigua\u00e7\u00e3o, etapa inicial da apura\u00e7\u00e3o de poss\u00edvel infra\u00e7\u00e3o \u00e9tica cometida pelos profissionais envolvidos.<\/strong><\/p>\n<p>O procurador-geral do Coren-DF, Jonathan Rodrigues, afirmou que, a princ\u00edpio, o objetivo \u00e9 realizar uma investiga\u00e7\u00e3o preliminar para identificar ind\u00edcios que sustentem a abertura de um processo \u00e9tico-disciplinar.<\/p>\n<p>\u201cO primeiro passo \u00e9 realizar uma investiga\u00e7\u00e3o pr\u00e9via para que possamos apurar ind\u00edcios m\u00ednimos e dar seguimento ao processo \u00e9tico em desfavor desses profissionais. Caso seja comprovada a infra\u00e7\u00e3o, pode haver a aplica\u00e7\u00e3o de suspens\u00e3o cautelar, afastando-os do exerc\u00edcio profissional. A partir disso, o processo \u00e9tico tramita sempre respeitando o princ\u00edpio da ampla defesa e do contradit\u00f3rio\u201d, explicou.<\/p>\n<p><a href=\"https:\/\/brasil61.com\/n\/cfm-avalia-uso-do-enamed-para-registro-profissional-e-defende-exame-de-proficiencia-bras2615646\" target=\"_blank\" rel=\"noopener\">CFM avalia uso do Enamed para registro profissional e defende exame de profici\u00eancia<\/a><\/p>\n<p><a href=\"https:\/\/brasil61.com\/n\/precos-de-repelentes-tem-variacao-de-ate-110-entre-sites-de-comercio-online-segundo-procon-sp-bras2615648\" target=\"_blank\" rel=\"noopener\">Pre\u00e7os de repelentes t\u00eam varia\u00e7\u00e3o de at\u00e9 110% entre sites de com\u00e9rcio online, segundo Procon-SP<\/a><\/p>\n<p><strong>Na sexta-feira (23), a assessoria de imprensa do Conselho informou que a entidade esteve no Hospital Anchieta e, posteriormente, reuniu-se com o delegado respons\u00e1vel pela investiga\u00e7\u00e3o. Em ambas as ocasi\u00f5es, foi esclarecido que o caso tramita sob segredo de justi\u00e7a e que o Coren-DF n\u00e3o teve acesso ao processo.<\/strong><\/p>\n<h2>Protocolos de controle e seguran\u00e7a nos hospitais<\/h2>\n<p><strong>Em nota ao Portal, a Federa\u00e7\u00e3o Brasileira de Hospitais <a href=\"https:\/\/fbh.com.br\/\" target=\"_blank\" rel=\"noopener\">(FBH)<\/a> informou que a seguran\u00e7a do paciente em ambiente hospitalar depende de um \u201csistema robusto de barreiras de defesa\u201d. <\/strong>A institui\u00e7\u00e3o explicou que as unidades de sa\u00fade devem seguir as Metas Internacionais de Seguran\u00e7a do Paciente (MISP), da Organiza\u00e7\u00e3o Mundial da Sa\u00fade (OMS), al\u00e9m de atender \u00e0s normativas da Ag\u00eancia Nacional de Vigil\u00e2ncia Sanit\u00e1ria (Anvisa), especialmente a Resolu\u00e7\u00e3o da Diretoria Colegiada (RDC) n\u00ba 36\/2013.<\/p>\n<p><strong>Entre os principais mecanismos de seguran\u00e7a est\u00e3o:<\/strong><\/p>\n<ul>\n<li>Protocolos de identifica\u00e7\u00e3o segura: uso de m\u00faltiplos identificadores, como nome completo, data de nascimento e n\u00famero do prontu\u00e1rio, antes de qualquer interven\u00e7\u00e3o;<\/li>\n<li>Seguran\u00e7a na cadeia medicamentosa: implementa\u00e7\u00e3o da dupla checagem, com dois profissionais conferindo a medica\u00e7\u00e3o antes da administra\u00e7\u00e3o, al\u00e9m do controle rigoroso de medicamentos de alta vigil\u00e2ncia;<\/li>\n<li>Comunica\u00e7\u00e3o efetiva: ado\u00e7\u00e3o de t\u00e9cnicas padronizadas, como o m\u00e9todo SBAR (Situa\u00e7\u00e3o, Hist\u00f3rico, Avalia\u00e7\u00e3o e Recomenda\u00e7\u00e3o), para evitar falhas na transmiss\u00e3o de informa\u00e7\u00f5es durante trocas de turno;<\/li>\n<li>Gest\u00e3o de acessos e tecnologia: utiliza\u00e7\u00e3o de prontu\u00e1rios eletr\u00f4nicos com alertas de intera\u00e7\u00f5es medicamentosas e controle biom\u00e9trico de acesso a \u00e1reas cr\u00edticas;<\/li>\n<li>Cultura de seguran\u00e7a: monitoramento cont\u00ednuo por meio de notifica\u00e7\u00f5es de incidentes, permitindo a an\u00e1lise de causas raiz e o fortalecimento do sistema para evitar falhas recorrentes.<\/li>\n<\/ul>\n<p>Segundo a FBH, no Brasil h\u00e1 uma padroniza\u00e7\u00e3o nacional dos protocolos de seguran\u00e7a do paciente, regida pelo Programa Nacional de Seguran\u00e7a do Paciente (PNSP).<\/p>\n<p>Conforme previsto na RDC n\u00ba 36\/2013, toda institui\u00e7\u00e3o de sa\u00fade deve dispor de um N\u00facleo de Seguran\u00e7a do Paciente (NSP), respons\u00e1vel por elaborar e implementar planos de seguran\u00e7a para os usu\u00e1rios.<\/p>\n<p>\u201cOs protocolos s\u00e3o revisados imediatamente sempre que h\u00e1 atualiza\u00e7\u00e3o de evid\u00eancias cient\u00edficas, altera\u00e7\u00f5es nas normas da Anvisa ou ap\u00f3s a an\u00e1lise de eventos adversos, seguindo o ciclo PDCA (Plan-Do-Check-Act) para a melhoria cont\u00ednua\u201d, destacou a Federa\u00e7\u00e3o.<\/p>\n<h2>Sa\u00fade mental dos colaboradores<\/h2>\n<p><strong>Do ponto de vista jur\u00eddico e t\u00e9cnico, os hospitais brasileiros seguem as Normas Regulamentadoras (NRs) n\u00ba 1 e n\u00ba 7 do Minist\u00e9rio do Trabalho, que incluem a gest\u00e3o de riscos psicossociais no Programa de Gerenciamento de Riscos (PGR).<\/strong><\/p>\n<p>As institui\u00e7\u00f5es devem promover exames m\u00e9dicos peri\u00f3dicos que contemplem a sa\u00fade mental dos colaboradores, al\u00e9m de disponibilizar canais de suporte psicol\u00f3gico e apoio em casos de estresse p\u00f3s-traum\u00e1tico ou s\u00edndrome de Burnout. Tamb\u00e9m \u00e9 obriga\u00e7\u00e3o das unidades oferecer ferramentas t\u00e9cnicas para identificar sobrecarga de trabalho e prevenir o comprometimento da capacidade t\u00e9cnica e emocional dos profissionais envolvidos diretamente na assist\u00eancia aos pacientes.<\/p>\n<p>\u201cEventos isolados, como os investigados em um hospital do Distrito Federal, embora lament\u00e1veis, devem servir como um chamado \u00e0 intensifica\u00e7\u00e3o do rigor t\u00e9cnico e \u00e9tico\u201d, avaliou a FBH.<\/p>\n<p><strong>A reportagem do Brasil 61 tentou contato com a administra\u00e7\u00e3o do Hospital Anchieta, em Taguatinga (DF), mas at\u00e9 a publica\u00e7\u00e3o desta mat\u00e9ria n\u00e3o obteve retorno. <\/strong>Em nota enviada \u00e0 Ag\u00eancia Brasil, o hospital informou que demitiu os tr\u00eas t\u00e9cnicos de enfermagem e acionou a Pol\u00edcia Civil ap\u00f3s um comit\u00ea interno identificar circunst\u00e2ncias at\u00edpicas nas mortes de pacientes internados na UTI.<\/p>\n<h2>Sobre as mortes<\/h2>\n<p><strong>As tr\u00eas mortes ocorreram no Hospital Anchieta, em Taguatinga, nos dias 19 de novembro e 1\u00ba de dezembro de 2025. No entanto, o caso s\u00f3 foi divulgado em 19 de janeiro de 2026.<\/strong><\/p>\n<p>Um homem e uma mulher suspeitos de envolvimento nos crimes foram detidos no dia 11 deste m\u00eas. Outra mulher foi presa na quinta-feira (15). At\u00e9 o momento, as autoridades n\u00e3o divulgaram os nomes dos investigados.<\/p>\n<p>Durante coletiva de imprensa, o delegado Wisllei Salom\u00e3o informou que as v\u00edtimas s\u00e3o uma professora aposentada de 75 anos, um servidor p\u00fablico de 63 anos e um homem de 33 anos. \u201cEles foram mortos pela a\u00e7\u00e3o de quem deveria estar cuidando deles\u201d, declarou.<\/p>\n<p>O delegado tamb\u00e9m afirmou que as investiga\u00e7\u00f5es indicam que os t\u00e9cnicos aplicaram de forma indevida um medicamento de uso comum em Unidades de Terapia Intensiva. Quando administrado diretamente na veia, o f\u00e1rmaco pode provocar parada card\u00edaca e levar \u00e0 morte.<br \/>\n\u00a0<\/p>\n<p>\t\t\t\t\t\t\t\t\t\t<img decoding=\"async\" src=\"https:\/\/brasil61.com\/api\/v1\/serve_pixel\/22254\/87286\" alt=\"Pixel Brasil 61\" class=\"b61_pixel\" width=\"0\" height=\"0\"><\/p>\n<div class=\"br61_backlink\">\n<p>\n\t\t\t\tFonte: <a href=\"https:\/\/brasil61.com\/morte-de-pacientes-no-df-entidades-ligadas-ao-setor-hospitalar-se-manifestam-sobre-seguranca-nas-unidades-de-saude-bras2615660\" title=\"Artigo Original: Morte de pacientes no DF: entidades ligadas ao setor hospitalar se manifestam sobre seguran\u00e7a nas unidades de sa\u00fade\" target=\"_blank\" rel=\"noopener\">Brasil 61<\/a>\n\t\t\t<\/p>\n<\/p><\/div>\n<input type=\"hidden\" id=\"baseurl\" value=\"https:\/\/noticiasregionais.com.br\"><input type=\"hidden\" id=\"audio_nonce\" value=\"533fbb67b1\">","protected":false},"excerpt":{"rendered":"<p>A Associa\u00e7\u00e3o de Medicina Intensiva Brasileira considerou que epis\u00f3dios como os ocorridos no Hospital Anchieta de Taguatinga configuram \u201ccondutas individuais grav\u00edssimas, incompat\u00edveis com os princ\u00edpios \u00e9ticos&#8221;<\/p>\n","protected":false},"author":1,"featured_media":12494,"comment_status":"","ping_status":"open","sticky":false,"template":"","format":"standard","meta":{"sfsi_plus_gutenberg_text_before_share":"","sfsi_plus_gutenberg_show_text_before_share":"","sfsi_plus_gutenberg_icon_type":"","sfsi_plus_gutenberg_icon_alignemt":"","sfsi_plus_gutenburg_max_per_row":"","footnotes":""},"categories":[8],"tags":[],"class_list":["post-12493","post","type-post","status-publish","format-standard","has-post-thumbnail","hentry","category-brasil"],"_links":{"self":[{"href":"https:\/\/noticiasregionais.com.br\/index.php?rest_route=\/wp\/v2\/posts\/12493","targetHints":{"allow":["GET"]}}],"collection":[{"href":"https:\/\/noticiasregionais.com.br\/index.php?rest_route=\/wp\/v2\/posts"}],"about":[{"href":"https:\/\/noticiasregionais.com.br\/index.php?rest_route=\/wp\/v2\/types\/post"}],"author":[{"embeddable":true,"href":"https:\/\/noticiasregionais.com.br\/index.php?rest_route=\/wp\/v2\/users\/1"}],"replies":[{"embeddable":true,"href":"https:\/\/noticiasregionais.com.br\/index.php?rest_route=%2Fwp%2Fv2%2Fcomments&post=12493"}],"version-history":[{"count":0,"href":"https:\/\/noticiasregionais.com.br\/index.php?rest_route=\/wp\/v2\/posts\/12493\/revisions"}],"wp:featuredmedia":[{"embeddable":true,"href":"https:\/\/noticiasregionais.com.br\/index.php?rest_route=\/wp\/v2\/media\/12494"}],"wp:attachment":[{"href":"https:\/\/noticiasregionais.com.br\/index.php?rest_route=%2Fwp%2Fv2%2Fmedia&parent=12493"}],"wp:term":[{"taxonomy":"category","embeddable":true,"href":"https:\/\/noticiasregionais.com.br\/index.php?rest_route=%2Fwp%2Fv2%2Fcategories&post=12493"},{"taxonomy":"post_tag","embeddable":true,"href":"https:\/\/noticiasregionais.com.br\/index.php?rest_route=%2Fwp%2Fv2%2Ftags&post=12493"}],"curies":[{"name":"wp","href":"https:\/\/api.w.org\/{rel}","templated":true}]}}