{"id":12495,"date":"2026-01-24T04:05:00","date_gmt":"2026-01-24T07:05:00","guid":{"rendered":"https:\/\/noticiasregionais.com.br\/?p=12495"},"modified":"2026-01-24T04:05:00","modified_gmt":"2026-01-24T07:05:00","slug":"cofen-regulamenta-prescricao-de-medicamentos-de-uso-continuo-por-enfermeiros","status":"publish","type":"post","link":"https:\/\/noticiasregionais.com.br\/?p=12495","title":{"rendered":"Cofen regulamenta prescri\u00e7\u00e3o de medicamentos de uso cont\u00ednuo por enfermeiros"},"content":{"rendered":"<p>\t\t\t\t\t\t\t\t\t\t\t<audio controls class=\"b61_audio_player\" data-noticia=\"87278\" src=\"https:\/\/brasil61.com\/rails\/active_storage\/blobs\/eyJfcmFpbHMiOnsibWVzc2FnZSI6IkJBaHBBK1RvQXc9PSIsImV4cCI6bnVsbCwicHVyIjoiYmxvYl9pZCJ9fQ==--c6b86f3716da3cc3af114a8d9fd93ee95e9d8fdf\/BRAS2615657A\"><\/audio><\/p>\n<p>A prescri\u00e7\u00e3o de medicamentos por enfermeiros, j\u00e1 prevista na legisla\u00e7\u00e3o brasileira desde 1986, foi refor\u00e7ada e detalhada com a <a href=\"https:\/\/www.cofen.gov.br\/resolucao-cofen-no-801-de-14-de-janeiro-de-2026\/\" target=\"_blank\" rel=\"noopener\">Resolu\u00e7\u00e3o n\u00ba 801\/2026<\/a>\u00a0do <strong>Conselho Federal de Enfermagem<\/strong> (<a href=\"https:\/\/www.cofen.gov.br\/\" target=\"_blank\" rel=\"noopener\">Cofen<\/a>). A norma n\u00e3o amplia o rol de prescri\u00e7\u00f5es, mas estabelece crit\u00e9rios t\u00e9cnicos, \u00e9ticos e legais, al\u00e9m de padronizar modelos de receitu\u00e1rio e exigir a identifica\u00e7\u00e3o dos protocolos que fundamentam a prescri\u00e7\u00e3o. A mudan\u00e7a t\u00eam respaldo do <strong>Minist\u00e9rio da Sa\u00fade<\/strong> (<a href=\"https:\/\/www.gov.br\/saude\/pt-br\" target=\"_blank\" rel=\"noopener\">MS<\/a>) e da <strong>Ag\u00eancia Nacional de Vigil\u00e2ncia Sanit\u00e1ria<\/strong> (<a href=\"https:\/\/www.gov.br\/anvisa\/pt-br\" target=\"_blank\" rel=\"noopener\">Anvisa<\/a>).<\/p>\n<p>A resolu\u00e7\u00e3o determina que a pr\u00e1tica ocorra no \u00e2mbito da consulta de enfermagem, com base em protocolos institucionais ou programas de sa\u00fade p\u00fablica, como os da <a href=\"https:\/\/www.gov.br\/saude\/pt-br\/composicao\/saps\" target=\"_blank\" rel=\"noopener\">Aten\u00e7\u00e3o Prim\u00e1ria do SUS<\/a>. O objetivo \u00e9 garantir maior seguran\u00e7a ao profissional e ao paciente, ampliar a resolutividade do atendimento e assegurar rastreabilidade das prescri\u00e7\u00f5es, inclusive com a possibilidade de receitas eletr\u00f4nicas.<\/p>\n<p>A norma tamb\u00e9m consolida a atua\u00e7\u00e3o do enfermeiro como profissional estrat\u00e9gico na gest\u00e3o do cuidado, especialmente na aten\u00e7\u00e3o b\u00e1sica. Al\u00e9m disso, a atualiza\u00e7\u00e3o do <strong>Sistema Nacional de Gerenciamento de Produtos Controlados<\/strong> (<a href=\"https:\/\/sngpc.anvisa.gov.br\/\" target=\"_blank\" rel=\"noopener\">SNGPC<\/a>) pela Anvisa permite o registro de prescri\u00e7\u00f5es feitas por enfermeiros em farm\u00e1cias p\u00fablicas e privadas, superando uma limita\u00e7\u00e3o hist\u00f3rica do setor.<\/p>\n<h2>O que traz a norma<\/h2>\n<ul>\n<li>Organiza e detalha regras j\u00e1 existentes;<\/li>\n<li>Exige identifica\u00e7\u00e3o do protocolo, institui\u00e7\u00e3o respons\u00e1vel e dados completos do profissional e do paciente;<\/li>\n<li>Padroniza modelos de receitu\u00e1rio comum e especial;<\/li>\n<li>Autoriza o uso de receitas eletr\u00f4nicas com certifica\u00e7\u00e3o digital;<\/li>\n<li>Refor\u00e7a a prescri\u00e7\u00e3o baseada em evid\u00eancias cient\u00edficas e protocolos institucionais;<\/li>\n<li>Garante maior seguran\u00e7a jur\u00eddica e t\u00e9cnica para o enfermeiro e mais acesso ao tratamento para o paciente.<\/li>\n<\/ul>\n<h2>Medicamentos e \u00e1reas contempladas<\/h2>\n<ul>\n<li><strong>Infec\u00e7\u00f5es sexualmente transmiss\u00edveis (ISTs):<\/strong> s\u00edfilis, gonorreia e clam\u00eddia;<\/li>\n<li><strong>HIV:<\/strong> profilaxia pr\u00e9 e p\u00f3s-exposi\u00e7\u00e3o (PrEP e PEP);<\/li>\n<li><strong>Sa\u00fade sexual e reprodutiva:<\/strong> contracep\u00e7\u00e3o;<\/li>\n<li><strong>Sa\u00fade da mulher:<\/strong> pr\u00e9-natal e puerp\u00e9rio;<\/li>\n<li><strong>Sa\u00fade da crian\u00e7a;<\/strong><\/li>\n<li><strong>Doen\u00e7as cr\u00f4nicas:<\/strong> diabetes, hipertens\u00e3o e cardiovasculares;<\/li>\n<li><strong>Tuberculose e hansen\u00edase;<\/strong><\/li>\n<li><strong>Tabagismo, dengue e arboviroses<\/strong>.<\/li>\n<\/ul>\n<p><strong>Classes de medicamentos:<\/strong> antibi\u00f3ticos, anticoncepcionais, antirretrovirais, insulinas, anti-hipertensivos e analg\u00e9sicos, sempre conforme protocolos oficiais.<\/p>\n<p>Mais informa\u00e7\u00f5es no <a href=\"https:\/\/www.cofen.gov.br\/\" target=\"_blank\" rel=\"noopener\">site do Cofen<\/a>.<\/p>\n<p>\t\t\t\t\t\t\t\t\t\t<img decoding=\"async\" src=\"https:\/\/brasil61.com\/api\/v1\/serve_pixel\/22254\/87278\" alt=\"Pixel Brasil 61\" class=\"b61_pixel\" width=\"0\" height=\"0\"><\/p>\n<div class=\"br61_backlink\">\n<p>\n\t\t\t\tFonte: <a href=\"https:\/\/brasil61.com\/cofen-regulamenta-prescricao-de-medicamentos-de-uso-continuo-por-enfermeiros-bras2615657\" title=\"Artigo Original: Cofen regulamenta prescri\u00e7\u00e3o de medicamentos de uso cont\u00ednuo por enfermeiros\" target=\"_blank\" rel=\"noopener\">Brasil 61<\/a>\n\t\t\t<\/p>\n<\/p><\/div>\n<input type=\"hidden\" id=\"baseurl\" value=\"https:\/\/noticiasregionais.com.br\"><input type=\"hidden\" id=\"audio_nonce\" value=\"533fbb67b1\">","protected":false},"excerpt":{"rendered":"<p>Resolu\u00e7\u00e3o do Cofen detalha regras, amplia rastreabilidade e refor\u00e7a a prescri\u00e7\u00e3o baseada em protocolos no SUS e na rede privada<\/p>\n","protected":false},"author":1,"featured_media":12496,"comment_status":"","ping_status":"open","sticky":false,"template":"","format":"standard","meta":{"sfsi_plus_gutenberg_text_before_share":"","sfsi_plus_gutenberg_show_text_before_share":"","sfsi_plus_gutenberg_icon_type":"","sfsi_plus_gutenberg_icon_alignemt":"","sfsi_plus_gutenburg_max_per_row":"","footnotes":""},"categories":[8],"tags":[],"class_list":["post-12495","post","type-post","status-publish","format-standard","has-post-thumbnail","hentry","category-brasil"],"_links":{"self":[{"href":"https:\/\/noticiasregionais.com.br\/index.php?rest_route=\/wp\/v2\/posts\/12495","targetHints":{"allow":["GET"]}}],"collection":[{"href":"https:\/\/noticiasregionais.com.br\/index.php?rest_route=\/wp\/v2\/posts"}],"about":[{"href":"https:\/\/noticiasregionais.com.br\/index.php?rest_route=\/wp\/v2\/types\/post"}],"author":[{"embeddable":true,"href":"https:\/\/noticiasregionais.com.br\/index.php?rest_route=\/wp\/v2\/users\/1"}],"replies":[{"embeddable":true,"href":"https:\/\/noticiasregionais.com.br\/index.php?rest_route=%2Fwp%2Fv2%2Fcomments&post=12495"}],"version-history":[{"count":0,"href":"https:\/\/noticiasregionais.com.br\/index.php?rest_route=\/wp\/v2\/posts\/12495\/revisions"}],"wp:featuredmedia":[{"embeddable":true,"href":"https:\/\/noticiasregionais.com.br\/index.php?rest_route=\/wp\/v2\/media\/12496"}],"wp:attachment":[{"href":"https:\/\/noticiasregionais.com.br\/index.php?rest_route=%2Fwp%2Fv2%2Fmedia&parent=12495"}],"wp:term":[{"taxonomy":"category","embeddable":true,"href":"https:\/\/noticiasregionais.com.br\/index.php?rest_route=%2Fwp%2Fv2%2Fcategories&post=12495"},{"taxonomy":"post_tag","embeddable":true,"href":"https:\/\/noticiasregionais.com.br\/index.php?rest_route=%2Fwp%2Fv2%2Ftags&post=12495"}],"curies":[{"name":"wp","href":"https:\/\/api.w.org\/{rel}","templated":true}]}}