{"id":12497,"date":"2026-01-24T04:10:00","date_gmt":"2026-01-24T07:10:00","guid":{"rendered":"https:\/\/noticiasregionais.com.br\/?p=12497"},"modified":"2026-01-24T04:10:00","modified_gmt":"2026-01-24T07:10:00","slug":"infogripe-influenza-a-eleva-hospitalizacoes-no-acre-e-amazonas","status":"publish","type":"post","link":"https:\/\/noticiasregionais.com.br\/?p=12497","title":{"rendered":"InfoGripe: Influenza A eleva hospitaliza\u00e7\u00f5es no Acre e Amazonas"},"content":{"rendered":"<p>\t\t\t\t\t\t\t\t\t\t\t<audio controls class=\"b61_audio_player\" data-noticia=\"87276\" src=\"https:\/\/brasil61.com\/rails\/active_storage\/blobs\/eyJfcmFpbHMiOnsibWVzc2FnZSI6IkJBaHBBN0RvQXc9PSIsImV4cCI6bnVsbCwicHVyIjoiYmxvYl9pZCJ9fQ==--9f0f6ea5776adca9360f182f975eb290ccf2b740\/BRAS2615655A\"><\/audio><\/p>\n<p><strong>Os estados do Acre e do Amazonas seguem com aumento nos casos de S\u00edndrome Respirat\u00f3ria Aguda Grave (SRAG)<\/strong>, impulsionado principalmente pela <strong>circula\u00e7\u00e3o do v\u00edrus influenza A<\/strong>. O crescimento da doen\u00e7a tem refletido em <strong>maior n\u00famero de hospitaliza\u00e7\u00f5es<\/strong> <strong>em todas as faixas et\u00e1rias<\/strong>, desde crian\u00e7as pequenas at\u00e9 jovens, adultos e idosos. As informa\u00e7\u00f5es constam na edi\u00e7\u00e3o mais recente do <strong><a href=\"https:\/\/agencia.fiocruz.br\/sites\/agencia.fiocruz.br\/files\/Resumo_InfoGripe_2026_02.pdf\" target=\"_blank\" rel=\"noopener\">Boletim InfoGripe<\/a><\/strong>, divulgada nesta sexta-feira (23) pela Funda\u00e7\u00e3o Oswaldo Cruz (Fiocruz).<\/p>\n<p>A pesquisadora do Programa de Computa\u00e7\u00e3o Cient\u00edfica da Fiocruz e do InfoGripe, <strong>Tatiana Portella<\/strong>, orienta que a popula\u00e7\u00e3o do Amazonas e do Acre <strong>redobre os cuidados<\/strong>, adotando <strong>medidas de prote\u00e7\u00e3o<\/strong>, como o <strong>uso de m\u00e1scaras<\/strong> em unidades de sa\u00fade e em ambientes fechados com grande circula\u00e7\u00e3o de pessoas.<\/p>\n<p>\u201c\u00c9 fundamental que as pessoas do grupo priorit\u00e1rio \u2014 a exemplo das crian\u00e7as, idosos, ind\u00edgenas e pessoas que apresentam comorbidade \u2014 <strong>tomem a vacina<\/strong> o quanto antes, que j\u00e1 come\u00e7ou na Regi\u00e3o Norte\u201d, recomenda Portella.<\/p>\n<h2>Cen\u00e1rio nacional<\/h2>\n<p>Em contrapartida, em n\u00edvel nacional, o boletim aponta <strong>tend\u00eancia de estabilidade ou leve queda nos casos de SRAG em todas as faixas et\u00e1rias<\/strong>, resultado da baixa circula\u00e7\u00e3o da maioria dos v\u00edrus respirat\u00f3rios.<\/p>\n<p>De forma geral, a<strong> incid\u00eancia da SRAG <\/strong>\u00e9 mais elevada entre <strong>crian\u00e7as pequenas<\/strong>, enquanto a <strong>mortalidade <\/strong>se concentra principalmente na <strong>popula\u00e7\u00e3o idosa<\/strong>. Considerando os casos causados por <strong>Sars-CoV-2 (Covid-19) e influenza A<\/strong>, a maior incid\u00eancia ocorre entre <strong>crian\u00e7as e idosos<\/strong>, sendo os mais velhos os mais impactados em termos de \u00f3bitos.<\/p>\n<p>Entre os estados, <strong>Cear\u00e1, Pernambuco e Sergipe <\/strong>j\u00e1 apresentam sinais de <strong>interrup\u00e7\u00e3o do crescimento ou in\u00edcio de queda nas hospitaliza\u00e7\u00f5es por influenza A<\/strong>. Na <strong>Para\u00edba<\/strong>, observa-se um <strong>leve aumento das interna\u00e7\u00f5es por v\u00edrus sincicial respirat\u00f3rio (VSR)<\/strong>, ainda sem repercuss\u00e3o no n\u00famero de casos de SRAG em crian\u00e7as pequenas.<\/p>\n<p>Nas capitais, apenas <strong>Manaus (AM), Cuiab\u00e1 (MT) e S\u00e3o Lu\u00eds (MA) <\/strong>registram n\u00edveis de incid\u00eancia de SRAG classificados como alerta, risco ou alto risco, com tend\u00eancia de crescimento no longo prazo.<\/p>\n<h2>Preval\u00eancia dos v\u00edrus<\/h2>\n<p>Nas \u00faltimas quatro semanas epidemiol\u00f3gicas, a distribui\u00e7\u00e3o dos v\u00edrus entre os casos positivos de SRAG foi a seguinte:<\/p>\n<ul>\n<li><strong>20,5%<\/strong> de influenza A<\/li>\n<li><strong>2,6%<\/strong> de influenza B<\/li>\n<li><strong>8,5%<\/strong> de VSR<\/li>\n<li><strong>33,2%<\/strong> de rinov\u00edrus<\/li>\n<li><strong>19,3% <\/strong>de Sars-CoV-2 (Covid-19)<\/li>\n<\/ul>\n<p>Entre os <strong>\u00f3bitos<\/strong>, a presen\u00e7a dos mesmos agentes foi:<\/p>\n<ul>\n<li><strong>29,4% <\/strong>de influenza A<\/li>\n<li><strong>3,2%<\/strong> de influenza B<\/li>\n<li><strong>4,8%<\/strong> de VSR<\/li>\n<li><strong>19%<\/strong> de rinov\u00edrus<\/li>\n<li><strong>32,5%<\/strong> de Sars-CoV-2 (Covid-19)<\/li>\n<\/ul>\n<p>O levantamento do <strong>InfoGripe<\/strong> tem como base os dados inseridos no Sistema de Informa\u00e7\u00e3o da Vigil\u00e2ncia Epidemiol\u00f3gica da Gripe, atualizados at\u00e9 17 de janeiro, e \u00e9 referente \u00e0 Semana Epidemiol\u00f3gica (SE) 2. Confira outros detalhes no <a href=\"https:\/\/fiocruz.br\/noticia\/2026\/01\/infogripe-acre-e-amazonas-tem-aumento-de-hospitalizacoes-por-influenza\" target=\"_blank\" rel=\"noopener\">link<\/a>.<\/p>\n<p><strong>VEJA MAIS:<\/strong><\/p>\n<ul>\n<li><a href=\"https:\/\/brasil61.com\/n\/caxumba-quando-a-doenca-desce-e-perigosa-blog260793\" target=\"_blank\" rel=\"noopener\">Caxumba: quando a doen\u00e7a \u201cdesce\u201d, \u00e9 perigosa?<\/a><\/li>\n<li><a href=\"https:\/\/brasil61.com\/n\/infogripe-avancam-casos-graves-de-influenza-a-no-norte-e-nordeste-bras2615591\" target=\"_blank\" rel=\"noopener\">Infogripe: avan\u00e7am casos graves de influenza A no Norte e Nordeste<\/a><\/li>\n<\/ul>\n<p>\t\t\t\t\t\t\t\t\t\t<img decoding=\"async\" src=\"https:\/\/brasil61.com\/api\/v1\/serve_pixel\/22254\/87276\" alt=\"Pixel Brasil 61\" class=\"b61_pixel\" width=\"0\" height=\"0\"><\/p>\n<div class=\"br61_backlink\">\n<p>\n\t\t\t\tFonte: <a href=\"https:\/\/brasil61.com\/infogripe-influenza-a-eleva-hospitalizacoes-no-acre-e-amazonas-bras2615655\" title=\"Artigo Original: InfoGripe: Influenza A eleva hospitaliza\u00e7\u00f5es no Acre e Amazonas\" target=\"_blank\" rel=\"noopener\">Brasil 61<\/a>\n\t\t\t<\/p>\n<\/p><\/div>\n<input type=\"hidden\" id=\"baseurl\" value=\"https:\/\/noticiasregionais.com.br\"><input type=\"hidden\" id=\"audio_nonce\" value=\"533fbb67b1\">","protected":false},"excerpt":{"rendered":"<p>Fiocruz recomenda vacina\u00e7\u00e3o nessas regi\u00f5es, enquanto o cen\u00e1rio nacional \u00e9 de estabilidade<\/p>\n","protected":false},"author":1,"featured_media":12498,"comment_status":"","ping_status":"open","sticky":false,"template":"","format":"standard","meta":{"sfsi_plus_gutenberg_text_before_share":"","sfsi_plus_gutenberg_show_text_before_share":"","sfsi_plus_gutenberg_icon_type":"","sfsi_plus_gutenberg_icon_alignemt":"","sfsi_plus_gutenburg_max_per_row":"","footnotes":""},"categories":[8],"tags":[],"class_list":["post-12497","post","type-post","status-publish","format-standard","has-post-thumbnail","hentry","category-brasil"],"_links":{"self":[{"href":"https:\/\/noticiasregionais.com.br\/index.php?rest_route=\/wp\/v2\/posts\/12497","targetHints":{"allow":["GET"]}}],"collection":[{"href":"https:\/\/noticiasregionais.com.br\/index.php?rest_route=\/wp\/v2\/posts"}],"about":[{"href":"https:\/\/noticiasregionais.com.br\/index.php?rest_route=\/wp\/v2\/types\/post"}],"author":[{"embeddable":true,"href":"https:\/\/noticiasregionais.com.br\/index.php?rest_route=\/wp\/v2\/users\/1"}],"replies":[{"embeddable":true,"href":"https:\/\/noticiasregionais.com.br\/index.php?rest_route=%2Fwp%2Fv2%2Fcomments&post=12497"}],"version-history":[{"count":0,"href":"https:\/\/noticiasregionais.com.br\/index.php?rest_route=\/wp\/v2\/posts\/12497\/revisions"}],"wp:featuredmedia":[{"embeddable":true,"href":"https:\/\/noticiasregionais.com.br\/index.php?rest_route=\/wp\/v2\/media\/12498"}],"wp:attachment":[{"href":"https:\/\/noticiasregionais.com.br\/index.php?rest_route=%2Fwp%2Fv2%2Fmedia&parent=12497"}],"wp:term":[{"taxonomy":"category","embeddable":true,"href":"https:\/\/noticiasregionais.com.br\/index.php?rest_route=%2Fwp%2Fv2%2Fcategories&post=12497"},{"taxonomy":"post_tag","embeddable":true,"href":"https:\/\/noticiasregionais.com.br\/index.php?rest_route=%2Fwp%2Fv2%2Ftags&post=12497"}],"curies":[{"name":"wp","href":"https:\/\/api.w.org\/{rel}","templated":true}]}}