{"id":1250,"date":"2023-11-21T06:39:05","date_gmt":"2023-11-21T09:39:05","guid":{"rendered":"https:\/\/noticiasregionais.com.br\/?p=1250"},"modified":"2023-11-21T06:39:17","modified_gmt":"2023-11-21T09:39:17","slug":"producao-atinge-r-1151-trilhao-na-estimativa-de-outubro","status":"publish","type":"post","link":"https:\/\/noticiasregionais.com.br\/?p=1250","title":{"rendered":"Produ\u00e7\u00e3o atinge R$ 1,151 trilh\u00e3o na estimativa de outubro"},"content":{"rendered":"\n<p class=\"has-text-align-center\"><strong>Apesar do resultado satisfat\u00f3rio, especialistas acreditam que o desempenho do pa\u00eds ainda n\u00e3o \u00e9 o ideal<\/strong><\/p>\n\n\n\n<p>O Valor Bruto da Produ\u00e7\u00e3o (VBP) atingiu um n\u00famero positivo no \u00faltimo m\u00eas. As estimativas de safra recorde em 2023 e os ganhos de produtividade foram determinantes para que esse resultado fosse satisfat\u00f3rio. De acordo com a Companhia Nacional de Abastecimento (Conab) e o Instituto Brasileiro de Geografia e Estatistica &nbsp;(IBGE), foram R$ 1,151 trilh\u00e3o s\u00f3 no m\u00eas de outubro. Um valor 2,2% acima do observado em 2022, que foi de R$ 1,126 trilh\u00e3o. Mas na opini\u00e3o de especialistas, ainda \u00e9 cedo para comemorar.<\/p>\n\n\n\n<p>O advogado especialista em direito do agroneg\u00f3cio e empresarial, Francisco Torma, entende que, em termos de valor e de quantidade, a produ\u00e7\u00e3o foi maior na safra de 2022-23 do que na 2021-22. Mas explica que esse valor deveria ser ainda maior.<\/p>\n\n\n\n<p>\u201cN\u00f3s temos na ordem de 20% a mais de produ\u00e7\u00e3o de gr\u00e3os. E o nosso VBP aqui do per\u00edodo cresceu 4,2% em termos de valores, em termos de dinheiro. Isso significa que n\u00f3s estamos com problema de valor das commodities. Nosso produto est\u00e1 valendo pouco, tanto \u00e9 que n\u00f3s produzimos 20% a mais e isso impacta em 4,2% a mais em termos financeiros\u201d, analisa.<\/p>\n\n\n\n<p>Para Torma, existe uma crise velada no setor. \u201cNa verdade n\u00f3s temos uma situa\u00e7\u00e3o em que se celebra um valor positivo que deveria ser muito maior, deveria ser pelo menos 20% de crescimento do valor bruto da produ\u00e7\u00e3o. Ent\u00e3o o crescimento de 4,2 na verdade implica em um decr\u00e9scimo em valor agregado na nossa produ\u00e7\u00e3o\u201d, explica.<\/p>\n\n\n\n<p>Segundo o especialista em agroneg\u00f3cios&nbsp;Marcelo Moura&nbsp;todo crescimento deve ser comemorado, mas acredita que na necessidade de analisar o cen\u00e1rio que aponta o resultado positivo.<\/p>\n\n\n\n<p>\u201c\u00c9 um resultado indiscutivelmente satisfat\u00f3rio, mas que n\u00e3o significa que o Brasil j\u00e1 tem condi\u00e7\u00f5es de deitar em ber\u00e7o espl\u00eandido, como dizem. Sempre v\u00e3o existir desafios, um deles \u00e9 clim\u00e1tico. O Brasil tem que ser estrat\u00e9gico, saber negociar no mercado internacional o cr\u00e9dito de carbono, por exemplo \u2014&nbsp;uma vez que as consequ\u00eancias da degrada\u00e7\u00e3o do meio ambiente s\u00e3o globais\u201d, avalia.<\/p>\n\n\n\n<h2 class=\"wp-block-heading\">Produtos em destaque<\/h2>\n\n\n\n<p>Amendoim com 17,6% de aumento real no VBP, arroz 17,8%, banana 15,9%, cacau 19,5%, cana de a\u00e7\u00facar 17,2%, laranja 18,0%, mandioca 42,4%, soja 2,9%, tomate 23,0% e uva 14,5% foram os produtos que tiveram melhor rendimento em outubro. Esse comportamento deve-se \u00e0 influ\u00eancia de pre\u00e7os, quantidades produzidas ou a ambos. Soja, milho, cana de a\u00e7\u00facar, caf\u00e9 e algod\u00e3o s\u00e3o os cinco que representam 81,9% do VBP das Lavouras.&nbsp;<\/p>\n\n\n\n<p>Na pecu\u00e1ria, os destaques positivos s\u00e3o para su\u00ednos, leite e ovos. Carne bovina e de frango n\u00e3o apresentaram bons resultados neste ano. Mato Grosso, S\u00e3o Paulo, Paran\u00e1, Minas Gerais e Goi\u00e1s foram as regi\u00f5es que mais se destacaram com 59,8% do VBP total.<\/p>\n\n\n\n<p>\u201cS\u00e3o estados tradicionalmente fortes no agro, com grande representatividade no que diz respeito tanto \u00e0 produ\u00e7\u00e3o quanto \u00e0 for\u00e7a operacional que tem, a for\u00e7a econ\u00f4mica e a for\u00e7a pol\u00edtica no segmento\u201d, destaca Marcelo Moura.<\/p>\n\n\n\n<h2 class=\"wp-block-heading\">Pecu\u00e1ria teve retra\u00e7\u00e3o<\/h2>\n\n\n\n<p>O VBP das lavouras cresceu 4,2% em valores reais e est\u00e1 estimado em R$ 811,7 bilh\u00f5es. J\u00e1 a pecu\u00e1ria obteve um faturamento de R$ 339,9 bilh\u00f5es e apresentou retra\u00e7\u00e3o de -2,1% em rela\u00e7\u00e3o ao ano.<\/p>\n\n\n\n<p>Na opini\u00e3o do analista e consultor de SAFRAS &amp; MERCADO&nbsp;Fernando Iglesias&nbsp;existe uma explica\u00e7\u00e3o para o resultado n\u00e3o ter sido t\u00e3o bom para a pecu\u00e1ria de corte em 2023. \u201cIsso acontece em fun\u00e7\u00e3o da queda dos pre\u00e7os m\u00e9dios das prote\u00ednas de origem animal no mercado internacional. Ent\u00e3o a exporta\u00e7\u00e3o trouxe receitas menores e isso acabou afetando no resultado da atividade\u201d, aponta.<\/p>\n\n\n\n<p>Advogado agrarista, Francisco Torma analisa: \u201cN\u00f3s estamos num ciclo de baixa&nbsp;porque n\u00f3s temos excesso de f\u00eameas hoje no Brasil. Ent\u00e3o n\u00f3s estamos abatendo muitas f\u00eameas&nbsp; \u2014&nbsp;e isso daqui a um ou dois anos vai impactar num valor muito maior da carne, quando n\u00f3s tivermos menos animais de corte dispon\u00edveis em fase adulta, prontos para o abatimento\u201d<\/p>\n\n\n\n<h2 class=\"wp-block-heading\">Investimentos<\/h2>\n\n\n\n<p>Na opini\u00e3o do especialista em meio ambiente e agroneg\u00f3cios&nbsp;Charles Dayer, o Brasil precisa prestar mais aten\u00e7\u00e3o na maior incid\u00eancia de eventos extremos. \u201cA gente vem enfrentando em alguns locais problemas de seca e em outros excessos de chuva. Ent\u00e3o a gente tem que preparar nossas lavouras para essas quest\u00f5es, porque a gente tem culturas que s\u00e3o mais sens\u00edveis \u00e0 falta d&#8217;\u00e1gua, por exemplo\u201d.<\/p>\n\n\n\n<p>Conforme Dayer, o pa\u00eds tem condi\u00e7\u00f5es de se preparar, mas \u00e9 preciso investir com mais seriedade. \u201cIsso pode ser buscado por meio de tecnologia de trato de cultivo, colhe antes da hora, ou plantar mais cedo e por a\u00ed vai, acompanhar melhor a quest\u00e3o do clima e tamb\u00e9m envolver na melhoria gen\u00e9tica dos cultivares. Isso vai ajudar a enfrentar esses eventos extremos que fogem ao controle do agricultor\u201d.<\/p>\n\n\n\n<p>O advogado Francisco Torma acredita que existem pol\u00edticas p\u00fablicas que n\u00e3o est\u00e3o sendo feitas a contento. \u201cPrecisamos ter pol\u00edticas p\u00fablicas que garantam o seguro, o seguro efetivo para o prontor rural. Temos um grande problema de seguro hoje no Brasil. O excesso de acionamento de seguros em dois anos fez com que o pre\u00e7o do seguro disparasse e fez com que muitas empresas seguradoras sa\u00edssem do mercado\u201d,relata.<\/p>\n\n\n\n<p>Torma refor\u00e7a a necessidade de mais aten\u00e7\u00e3o com o setor que mais movimenta a economia do pa\u00eds. \u201cO produtor, quando tem que contar s\u00f3 com a sorte, ele est\u00e1 colocando a sua produ\u00e7\u00e3o em risco, e quando n\u00f3s colocamos a nossa produ\u00e7\u00e3o em risco, n\u00f3s acabamos deixando todo o setor da economia muito inst\u00e1vel, muito suscet\u00edvel a grandes perdas\u201d, lamenta.<\/p>\n\n\n\n<p>Na opini\u00e3o do analista e consultor de SAFRAS &amp; MERCADO, Fernando Iglesias, a situa\u00e7\u00e3o pode melhorar, mas \u00e9 preciso observar o cen\u00e1rio e investir na preven\u00e7\u00e3o. \u201cN\u00f3s pr\u00f3ximos anos vamos ter desafios tamb\u00e9m, agora n\u00f3s temos desafios clim\u00e1ticos, tem que avaliar essas quest\u00f5es envolvendo o clima, os \u00edndices pluvium\u00e9tricos que podem trazer problemas\u201d,cita.<\/p>\n\n\n\n<p>Fonte: <a href=\"https:\/\/brasil61.com\/n\/producao-atinge-r-1-151-trilhao-na-estimativa-de-outubro-bras2310188\" target=\"_blank\" rel=\"noreferrer noopener\">Brasil 61<\/a><\/p>\n<input type=\"hidden\" id=\"baseurl\" value=\"https:\/\/noticiasregionais.com.br\"><input type=\"hidden\" id=\"audio_nonce\" value=\"533fbb67b1\">","protected":false},"excerpt":{"rendered":"<p>Apesar do resultado satisfat\u00f3rio, especialistas acreditam que o desempenho do pa\u00eds ainda n\u00e3o \u00e9 o ideal O Valor Bruto da&hellip;<\/p>\n","protected":false},"author":1,"featured_media":1251,"comment_status":"closed","ping_status":"open","sticky":false,"template":"","format":"standard","meta":{"sfsi_plus_gutenberg_text_before_share":"","sfsi_plus_gutenberg_show_text_before_share":"","sfsi_plus_gutenberg_icon_type":"","sfsi_plus_gutenberg_icon_alignemt":"","sfsi_plus_gutenburg_max_per_row":"","footnotes":""},"categories":[8,10,1],"tags":[],"class_list":["post-1250","post","type-post","status-publish","format-standard","has-post-thumbnail","hentry","category-brasil","category-destaques","category-noticias"],"_links":{"self":[{"href":"https:\/\/noticiasregionais.com.br\/index.php?rest_route=\/wp\/v2\/posts\/1250","targetHints":{"allow":["GET"]}}],"collection":[{"href":"https:\/\/noticiasregionais.com.br\/index.php?rest_route=\/wp\/v2\/posts"}],"about":[{"href":"https:\/\/noticiasregionais.com.br\/index.php?rest_route=\/wp\/v2\/types\/post"}],"author":[{"embeddable":true,"href":"https:\/\/noticiasregionais.com.br\/index.php?rest_route=\/wp\/v2\/users\/1"}],"replies":[{"embeddable":true,"href":"https:\/\/noticiasregionais.com.br\/index.php?rest_route=%2Fwp%2Fv2%2Fcomments&post=1250"}],"version-history":[{"count":1,"href":"https:\/\/noticiasregionais.com.br\/index.php?rest_route=\/wp\/v2\/posts\/1250\/revisions"}],"predecessor-version":[{"id":1252,"href":"https:\/\/noticiasregionais.com.br\/index.php?rest_route=\/wp\/v2\/posts\/1250\/revisions\/1252"}],"wp:featuredmedia":[{"embeddable":true,"href":"https:\/\/noticiasregionais.com.br\/index.php?rest_route=\/wp\/v2\/media\/1251"}],"wp:attachment":[{"href":"https:\/\/noticiasregionais.com.br\/index.php?rest_route=%2Fwp%2Fv2%2Fmedia&parent=1250"}],"wp:term":[{"taxonomy":"category","embeddable":true,"href":"https:\/\/noticiasregionais.com.br\/index.php?rest_route=%2Fwp%2Fv2%2Fcategories&post=1250"},{"taxonomy":"post_tag","embeddable":true,"href":"https:\/\/noticiasregionais.com.br\/index.php?rest_route=%2Fwp%2Fv2%2Ftags&post=1250"}],"curies":[{"name":"wp","href":"https:\/\/api.w.org\/{rel}","templated":true}]}}