{"id":12503,"date":"2026-01-25T04:10:00","date_gmt":"2026-01-25T07:10:00","guid":{"rendered":"https:\/\/noticiasregionais.com.br\/?p=12503"},"modified":"2026-01-25T04:10:00","modified_gmt":"2026-01-25T07:10:00","slug":"ceasas-ministerio-cria-comite-para-tratar-de-legislacao-das-centrais","status":"publish","type":"post","link":"https:\/\/noticiasregionais.com.br\/?p=12503","title":{"rendered":"Ceasas: Minist\u00e9rio cria comit\u00ea para tratar de legisla\u00e7\u00e3o das centrais"},"content":{"rendered":"<p>\t\t\t\t\t\t\t\t\t\t\t<audio controls class=\"b61_audio_player\" data-noticia=\"87277\" src=\"https:\/\/brasil61.com\/rails\/active_storage\/blobs\/eyJfcmFpbHMiOnsibWVzc2FnZSI6IkJBaHBBOUxvQXc9PSIsImV4cCI6bnVsbCwicHVyIjoiYmxvYl9pZCJ9fQ==--74ea0537ad58dee1701f9a3eb3b44f5fb668b22f\/BRAS2615656A\"><\/audio><\/p>\n<p>As Centrais de Abastecimento (Ceasas) ter\u00e3o um comit\u00ea t\u00e9cnico voltado a <strong>discutir a atualiza\u00e7\u00e3o das normas jur\u00eddicas relacionadas aos interesses do mercado<\/strong>. A cria\u00e7\u00e3o do grupo foi oficializada por meio de uma portaria (<a href=\"https:\/\/in.gov.br\/web\/dou\/-\/portaria-mda-n-66-de-21-de-janeiro-de-2026-682694015\" target=\"_blank\" rel=\"noopener\">MDA n\u00ba 66\/2026<\/a>) do Minist\u00e9rio do Desenvolvimento Agr\u00e1rio e Agricultura Familiar (MDA) publicada no Di\u00e1rio Oficial da Uni\u00e3o.<\/p>\n<p>Pela portaria, a <strong>finalidade do grupo \u00e9 elaborar estudos e apresentar propostas para modernizar o regime jur\u00eddico das Ceasas do pa\u00eds.<\/strong><\/p>\n<p>O comit\u00ea ter\u00e1 uma s\u00e9rie de compet\u00eancias, entre elas:<\/p>\n<ul>\n<li>Realizar an\u00e1lises t\u00e9cnicas e emitir pareceres;<\/li>\n<li>Elaborar relat\u00f3rios que auxiliem a tomada de decis\u00f5es;<\/li>\n<li>Identificar modelos de gest\u00e3o e governan\u00e7a adotados nos estados e munic\u00edpios;<\/li>\n<li>Propor melhorias dos processos internos;<\/li>\n<li>Levantar e analisar a legisla\u00e7\u00e3o vigente das Ceasas.<\/li>\n<\/ul>\n<p>Poder\u00e1, ainda, elaborar proposta legislativa com vistas a modernizar o marco legal das Ceasas.<\/p>\n<h2>Como o grupo ser\u00e1 formado<\/h2>\n<p>A medida estabelece que o Comit\u00ea\u00a0ser\u00e1 composto por representantes de diversos \u00f3rg\u00e3os internos e entidades, designados pelo MDA.<\/p>\n<p>Os membros, titulares e suplentes,\u00a0ser\u00e3o indicados pelos respectivos \u00f3rg\u00e3os e entidades e designados por ato do ministro de Estado do Desenvolvimento Agr\u00e1rio e Agricultura Familiar.<\/p>\n<p><strong>Integrar\u00e3o o Comit\u00ea:<\/strong><\/p>\n<ul>\n<li>Secretaria Executiva;<\/li>\n<li>Secretaria de Abastecimento, Cooperativismo e Soberania Alimentar;<\/li>\n<li>Assessoria Especial de Assuntos Parlamentares e Federativos;<\/li>\n<li>Consultoria Jur\u00eddica;<\/li>\n<li>Associa\u00e7\u00e3o Brasileira das Centrais (Abracen) e<\/li>\n<li>Confedera\u00e7\u00e3o Brasileira de Associa\u00e7\u00f5es, Sindicatos e Operadores de Mercado de Ceasa e Afins (BR-BRASTECE).<\/li>\n<\/ul>\n<p>O grupo dever\u00e1 se reunir a cada dois meses, sendo poss\u00edvel solicitar reuni\u00e3o em car\u00e1ter extraordin\u00e1rio, mediante convoca\u00e7\u00e3o da Coordena\u00e7\u00e3o ou por solicita\u00e7\u00e3o de qualquer um de seus membros.\u00a0<\/p>\n<p>Pela publica\u00e7\u00e3o, <strong>a participa\u00e7\u00e3o no grupo ser\u00e1 considerada presta\u00e7\u00e3o de servi\u00e7o p\u00fablico relevante, de car\u00e1ter n\u00e3o remunerado.<\/strong><\/p>\n<p>A portaria j\u00e1 est\u00e1 em vigor.<br \/>\n\u00a0<\/p>\n<p>\t\t\t\t\t\t\t\t\t\t<img decoding=\"async\" src=\"https:\/\/brasil61.com\/api\/v1\/serve_pixel\/22254\/87277\" alt=\"Pixel Brasil 61\" class=\"b61_pixel\" width=\"0\" height=\"0\"><\/p>\n<div class=\"br61_backlink\">\n<p>\n\t\t\t\tFonte: <a href=\"https:\/\/brasil61.com\/ceasas-ministerio-cria-comite-para-tratar-de-legislacao-das-centrais-bras2615656\" title=\"Artigo Original: Ceasas: Minist\u00e9rio cria comit\u00ea para tratar de legisla\u00e7\u00e3o das centrais\" target=\"_blank\" rel=\"noopener\">Brasil 61<\/a>\n\t\t\t<\/p>\n<\/p><\/div>\n<input type=\"hidden\" id=\"baseurl\" value=\"https:\/\/noticiasregionais.com.br\"><input type=\"hidden\" id=\"audio_nonce\" value=\"533fbb67b1\">","protected":false},"excerpt":{"rendered":"<p>Objetivo \u00e9 elaborar estudos e apresentar propostas para modernizar o regime jur\u00eddico do mercado atacadista de hortigranjeiros do pa\u00eds<\/p>\n","protected":false},"author":1,"featured_media":12504,"comment_status":"","ping_status":"open","sticky":false,"template":"","format":"standard","meta":{"sfsi_plus_gutenberg_text_before_share":"","sfsi_plus_gutenberg_show_text_before_share":"","sfsi_plus_gutenberg_icon_type":"","sfsi_plus_gutenberg_icon_alignemt":"","sfsi_plus_gutenburg_max_per_row":"","footnotes":""},"categories":[8],"tags":[],"class_list":["post-12503","post","type-post","status-publish","format-standard","has-post-thumbnail","hentry","category-brasil"],"_links":{"self":[{"href":"https:\/\/noticiasregionais.com.br\/index.php?rest_route=\/wp\/v2\/posts\/12503","targetHints":{"allow":["GET"]}}],"collection":[{"href":"https:\/\/noticiasregionais.com.br\/index.php?rest_route=\/wp\/v2\/posts"}],"about":[{"href":"https:\/\/noticiasregionais.com.br\/index.php?rest_route=\/wp\/v2\/types\/post"}],"author":[{"embeddable":true,"href":"https:\/\/noticiasregionais.com.br\/index.php?rest_route=\/wp\/v2\/users\/1"}],"replies":[{"embeddable":true,"href":"https:\/\/noticiasregionais.com.br\/index.php?rest_route=%2Fwp%2Fv2%2Fcomments&post=12503"}],"version-history":[{"count":0,"href":"https:\/\/noticiasregionais.com.br\/index.php?rest_route=\/wp\/v2\/posts\/12503\/revisions"}],"wp:featuredmedia":[{"embeddable":true,"href":"https:\/\/noticiasregionais.com.br\/index.php?rest_route=\/wp\/v2\/media\/12504"}],"wp:attachment":[{"href":"https:\/\/noticiasregionais.com.br\/index.php?rest_route=%2Fwp%2Fv2%2Fmedia&parent=12503"}],"wp:term":[{"taxonomy":"category","embeddable":true,"href":"https:\/\/noticiasregionais.com.br\/index.php?rest_route=%2Fwp%2Fv2%2Fcategories&post=12503"},{"taxonomy":"post_tag","embeddable":true,"href":"https:\/\/noticiasregionais.com.br\/index.php?rest_route=%2Fwp%2Fv2%2Ftags&post=12503"}],"curies":[{"name":"wp","href":"https:\/\/api.w.org\/{rel}","templated":true}]}}