{"id":12505,"date":"2026-01-25T04:10:00","date_gmt":"2026-01-25T07:10:00","guid":{"rendered":"https:\/\/noticiasregionais.com.br\/?p=12505"},"modified":"2026-01-25T04:10:00","modified_gmt":"2026-01-25T07:10:00","slug":"desastres-nos-municipios-prejuizos-por-chuvas-de-verao-ja-somam-r-447-milhoes","status":"publish","type":"post","link":"https:\/\/noticiasregionais.com.br\/?p=12505","title":{"rendered":"Desastres nos munic\u00edpios: preju\u00edzos por chuvas de ver\u00e3o j\u00e1 somam R$ 447 milh\u00f5es"},"content":{"rendered":"<p>\t\t\t\t\t\t\t\t\t\t\t<audio controls class=\"b61_audio_player\" data-noticia=\"87279\" src=\"https:\/\/brasil61.com\/rails\/active_storage\/blobs\/eyJfcmFpbHMiOnsibWVzc2FnZSI6IkJBaHBBK1BvQXc9PSIsImV4cCI6bnVsbCwicHVyIjoiYmxvYl9pZCJ9fQ==--55998357f3ef64da27609ec47c51d0d003f7a2a3\/BRAS2615658A\"><\/audio><\/p>\n<p>Os<strong> preju\u00edzos aos cofres p\u00fablicos por conta das chuvas intensas do ver\u00e3o de 2026 j\u00e1 somam R$ 447,1 milh\u00f5es em apenas 30 dias.<\/strong> Um levantamento da <a href=\"https:\/\/cnm.org.br\/https:\/\/cnm.org.br\/\" target=\"_blank\" rel=\"noopener\">Confedera\u00e7\u00e3o Nacional de Munic\u00edpios (CNM) <\/a>aponta que 188 cidades brasileiras decretaram situa\u00e7\u00e3o de emerg\u00eancia devido a tempestades e inunda\u00e7\u00f5es.<\/p>\n<p>As chuvas intensas t\u00edpicas da esta\u00e7\u00e3o come\u00e7aram em 21 de dezembro de 2025 e atingiram 451,1 mil pessoas. Desse total, 2,7 mil ficaram desalojadas ou desabrigadas. No entanto, n\u00e3o houve registros de mortes at\u00e9 ent\u00e3o, segundo a CNM.<\/p>\n<p>Para a confedera\u00e7\u00e3o, os munic\u00edpios devem se precaver para esses fen\u00f4menos, considerando que o agravamento das mudan\u00e7as do clima tem acentuado a ocorr\u00eancia de tempestades, inunda\u00e7\u00f5es, enchentes, alagamentos e movimentos de massa.<\/p>\n<h2>Regi\u00f5es afetadas<\/h2>\n<p><strong>Os dados da CNM mostram que os danos ambientais est\u00e3o concentradas em munic\u00edpios da Regi\u00e3o Sudeste. As principais ocorr\u00eancias foram registradas em S\u00e3o Paulo, Minas Gerais (Zona da Mata e na Regi\u00e3o Metropolitana de Belo Horizonte), Rio de Janeiro (regi\u00f5es Serrana e Metropolitana), e Esp\u00edrito Santo (Regi\u00e3o Serrana, Capixaba e a Grande Vit\u00f3ria).\u00a0<\/strong><\/p>\n<p>No Norte do pa\u00eds tamb\u00e9m houve casos significativos, especialmente no Alto Solim\u00f5es (AC) e no sul do Amazonas.<\/p>\n<h2>Fragilidades na Defesa Civil dos munic\u00edpios<\/h2>\n<p><strong>Na avalia\u00e7\u00e3o da entidade, os desastres exp\u00f5em fragilidades estruturais na gest\u00e3o municipal de riscos. <a href=\"https:\/\/cnm.org.br\/biblioteca\/exibe\/16223\" target=\"_blank\" rel=\"noopener\">Dados da CNM<\/a> revelam que apenas 12% das cidades possuem Defesa Civil estruturada em secretaria espec\u00edfica.\u00a0<\/strong><\/p>\n<p>O levantamento identificou que em<strong> 49% dos casos, a fun\u00e7\u00e3o \u00e9 acumulada por outros setores da administra\u00e7\u00e3o. J\u00e1 32% possuem estrutura vinculada diretamente ao gabinete do prefeito, o que evidencia a insufici\u00eancia de pol\u00edticas preventivas.<\/strong><\/p>\n<p><strong>O estudo teve a participa\u00e7\u00e3o de 2.871 cidades, o equivalente a 50,6% do total nacional.<\/strong><\/p>\n<p>Considerando o cen\u00e1rio, a entidade destaca a import\u00e2ncia de uma atua\u00e7\u00e3o federativa articulada, com apoio t\u00e9cnico e financeiro cont\u00ednuo, voltada ao fortalecimento da preven\u00e7\u00e3o e da capacidade de resposta dos munic\u00edpios.\u00a0<\/p>\n<p>De acordo com a CNM, 67% das prefeituras afirmam precisar de aux\u00edlio financeiro para a\u00e7\u00f5es preventivas, e mais de 70% informam que os gastos mensais com Defesa Civil n\u00e3o ultrapassam R$ 50 mil.<\/p>\n<h2>Conclima<\/h2>\n<p><strong>A CNM lidera a cria\u00e7\u00e3o do Cons\u00f3rcio Nacional para Gest\u00e3o Clim\u00e1tica e Preven\u00e7\u00e3o de Desastres (<a href=\"https:\/\/conclima.org.br\/\" target=\"_blank\" rel=\"noopener\">Conclima<\/a>), com vistas a contribuir com a mudan\u00e7a dessa realidade.<\/strong><\/p>\n<p>A medida deve oferecer orienta\u00e7\u00e3o t\u00e9cnica, apoiar a capta\u00e7\u00e3o de recursos e viabilizar a elabora\u00e7\u00e3o de planos setoriais. A ideia \u00e9 atuar na amplia\u00e7\u00e3o da capacidade dos munic\u00edpios na preven\u00e7\u00e3o e resposta a desastres, al\u00e9m de promover a adapta\u00e7\u00e3o \u00e0s mudan\u00e7as do clima.<\/p>\n<p>\t\t\t\t\t\t\t\t\t\t<img decoding=\"async\" src=\"https:\/\/brasil61.com\/api\/v1\/serve_pixel\/22254\/87279\" alt=\"Pixel Brasil 61\" class=\"b61_pixel\" width=\"0\" height=\"0\"><\/p>\n<div class=\"br61_backlink\">\n<p>\n\t\t\t\tFonte: <a href=\"https:\/\/brasil61.com\/desastres-nos-municipios-prejuizos-por-chuvas-de-verao-ja-somam-r-447-milhoes-bras2615658\" title=\"Artigo Original: Desastres nos munic\u00edpios: preju\u00edzos por chuvas de ver\u00e3o j\u00e1 somam R$ 447 milh\u00f5es\" target=\"_blank\" rel=\"noopener\">Brasil 61<\/a>\n\t\t\t<\/p>\n<\/p><\/div>\n<input type=\"hidden\" id=\"baseurl\" value=\"https:\/\/noticiasregionais.com.br\"><input type=\"hidden\" id=\"audio_nonce\" value=\"5c13e0637f\">","protected":false},"excerpt":{"rendered":"<p>Levantamento da Confedera\u00e7\u00e3o Nacional de Munic\u00edpios (CNM) aponta que 188 cidades brasileiras decretaram situa\u00e7\u00e3o de emerg\u00eancia em fun\u00e7\u00e3o de tempestades e inunda\u00e7\u00f5es<\/p>\n","protected":false},"author":1,"featured_media":12506,"comment_status":"","ping_status":"open","sticky":false,"template":"","format":"standard","meta":{"sfsi_plus_gutenberg_text_before_share":"","sfsi_plus_gutenberg_show_text_before_share":"","sfsi_plus_gutenberg_icon_type":"","sfsi_plus_gutenberg_icon_alignemt":"","sfsi_plus_gutenburg_max_per_row":"","footnotes":""},"categories":[8],"tags":[],"class_list":["post-12505","post","type-post","status-publish","format-standard","has-post-thumbnail","hentry","category-brasil"],"_links":{"self":[{"href":"https:\/\/noticiasregionais.com.br\/index.php?rest_route=\/wp\/v2\/posts\/12505","targetHints":{"allow":["GET"]}}],"collection":[{"href":"https:\/\/noticiasregionais.com.br\/index.php?rest_route=\/wp\/v2\/posts"}],"about":[{"href":"https:\/\/noticiasregionais.com.br\/index.php?rest_route=\/wp\/v2\/types\/post"}],"author":[{"embeddable":true,"href":"https:\/\/noticiasregionais.com.br\/index.php?rest_route=\/wp\/v2\/users\/1"}],"replies":[{"embeddable":true,"href":"https:\/\/noticiasregionais.com.br\/index.php?rest_route=%2Fwp%2Fv2%2Fcomments&post=12505"}],"version-history":[{"count":0,"href":"https:\/\/noticiasregionais.com.br\/index.php?rest_route=\/wp\/v2\/posts\/12505\/revisions"}],"wp:featuredmedia":[{"embeddable":true,"href":"https:\/\/noticiasregionais.com.br\/index.php?rest_route=\/wp\/v2\/media\/12506"}],"wp:attachment":[{"href":"https:\/\/noticiasregionais.com.br\/index.php?rest_route=%2Fwp%2Fv2%2Fmedia&parent=12505"}],"wp:term":[{"taxonomy":"category","embeddable":true,"href":"https:\/\/noticiasregionais.com.br\/index.php?rest_route=%2Fwp%2Fv2%2Fcategories&post=12505"},{"taxonomy":"post_tag","embeddable":true,"href":"https:\/\/noticiasregionais.com.br\/index.php?rest_route=%2Fwp%2Fv2%2Ftags&post=12505"}],"curies":[{"name":"wp","href":"https:\/\/api.w.org\/{rel}","templated":true}]}}