{"id":12515,"date":"2026-01-26T20:56:49","date_gmt":"2026-01-26T23:56:49","guid":{"rendered":"https:\/\/noticiasregionais.com.br\/?p=12515"},"modified":"2026-01-26T20:56:53","modified_gmt":"2026-01-26T23:56:53","slug":"animal-resgatado-em-estado-grave-mobiliza-protetores-e-comunidade-em-ourinhos","status":"publish","type":"post","link":"https:\/\/noticiasregionais.com.br\/?p=12515","title":{"rendered":"Animal resgatado em estado grave mobiliza protetores e comunidade em Ourinhos"},"content":{"rendered":"\n<p>Um cachorro resgatado em estado cr\u00edtico no \u00faltimo dia&nbsp;<strong>21 de janeiro<\/strong>&nbsp;tem mobilizado a solidariedade de moradores de&nbsp;<strong>Ourinhos<\/strong>&nbsp;e regi\u00e3o. A a\u00e7\u00e3o foi coordenada pela&nbsp;<strong>protetora independente Eide Raphanhin<\/strong>, que recebeu um pedido de socorro e, com o apoio do tamb\u00e9m protetor&nbsp;<strong>Diego<\/strong>, conseguiu realizar o resgate do animal, apelidado carinhosamente de&nbsp;<strong>\u201cGuerreiro\u201d<\/strong>.<\/p>\n\n\n\n<p>Segundo Eide, o cachorro foi imediatamente encaminhado ao&nbsp;<strong>Hospital Veterin\u00e1rio Bicho da Gente<\/strong>, onde permanece internado. O quadro \u00e9 considerado grave: o animal apresentava&nbsp;<strong>bernes por todo o corpo<\/strong>, precisou passar por&nbsp;<strong>transfus\u00f5es de sangue<\/strong>&nbsp;e ainda enfrenta uma&nbsp;<strong>longa recupera\u00e7\u00e3o<\/strong>.<\/p>\n\n\n\n<blockquote class=\"wp-block-quote is-layout-flow wp-block-quote-is-layout-flow\">\n<p>\u201cA situa\u00e7\u00e3o dele \u00e9 bastante cr\u00edtica. Ele est\u00e1 recebendo todos os cuidados poss\u00edveis, mas vai precisar de tratamento prolongado. Pe\u00e7o com humildade a ajuda de quem puder contribuir. N\u00e3o t\u00ednhamos como virar as costas para ele\u201d, explicou a protetora.<\/p>\n<\/blockquote>\n\n\n\n<p>As contribui\u00e7\u00f5es podem ser feitas&nbsp;<strong>diretamente para o hospital veterin\u00e1rio<\/strong>, atrav\u00e9s da chave&nbsp;<strong>PIX 53709071968 (Isabel Cristina Munhoz)<\/strong>. Eide solicita que os comprovantes sejam enviados para seu&nbsp;<strong>WhatsApp (14) 99704-6495<\/strong>&nbsp;para que possa confirmar que o valor foi destinado ao tratamento do animal.<\/p>\n\n\n\n<p>Nos \u00faltimos dias, o estado cl\u00ednico do \u201cGuerreiro\u201d segue inspirando cuidados. No dia&nbsp;<strong>26 de janeiro<\/strong>, ele foi submetido a uma&nbsp;<strong>nova transfus\u00e3o de sangue<\/strong>, mas continua reagindo positivamente ao tratamento.<\/p>\n\n\n\n<blockquote class=\"wp-block-quote is-layout-flow wp-block-quote-is-layout-flow\">\n<p>\u201cAinda est\u00e1 bastante debilitado, mas firme e forte, na luta pela recupera\u00e7\u00e3o. Cada dia \u00e9 uma vit\u00f3ria\u201d, relatou Eide.<\/p>\n<\/blockquote>\n\n\n\n<p>A protetora refor\u00e7a o pedido de\u00a0<strong>ora\u00e7\u00f5es e apoio<\/strong>\u00a0para que \u201cGuerreiro\u201d supere essa etapa e possa, no futuro, encontrar um lar cheio de amor e cuidados.<\/p>\n\n\n\n<figure class=\"wp-block-gallery has-nested-images columns-4 is-cropped wp-block-gallery-1 is-layout-flex wp-block-gallery-is-layout-flex\">\n<figure class=\"wp-block-image size-large\"><a href=\"https:\/\/noticiasregionais.com.br\/wp-content\/uploads\/2026\/01\/WhatsApp-Image-2026-01-23-at-12.16.41.jpeg\"><img decoding=\"async\" width=\"768\" height=\"1024\" data-id=\"12519\" src=\"https:\/\/noticiasregionais.com.br\/wp-content\/uploads\/2026\/01\/WhatsApp-Image-2026-01-23-at-12.16.41-768x1024.jpeg\" alt=\"\" class=\"wp-image-12519\" srcset=\"https:\/\/noticiasregionais.com.br\/wp-content\/uploads\/2026\/01\/WhatsApp-Image-2026-01-23-at-12.16.41-768x1024.jpeg 768w, https:\/\/noticiasregionais.com.br\/wp-content\/uploads\/2026\/01\/WhatsApp-Image-2026-01-23-at-12.16.41-225x300.jpeg 225w, https:\/\/noticiasregionais.com.br\/wp-content\/uploads\/2026\/01\/WhatsApp-Image-2026-01-23-at-12.16.41.jpeg 900w\" sizes=\"(max-width: 768px) 100vw, 768px\" \/><\/a><\/figure>\n\n\n\n<figure class=\"wp-block-image size-large\"><a href=\"https:\/\/noticiasregionais.com.br\/wp-content\/uploads\/2026\/01\/WhatsApp-Image-2026-01-22-at-14.44.59.jpeg\"><img decoding=\"async\" width=\"768\" height=\"1024\" data-id=\"12516\" src=\"https:\/\/noticiasregionais.com.br\/wp-content\/uploads\/2026\/01\/WhatsApp-Image-2026-01-22-at-14.44.59-768x1024.jpeg\" alt=\"\" class=\"wp-image-12516\" srcset=\"https:\/\/noticiasregionais.com.br\/wp-content\/uploads\/2026\/01\/WhatsApp-Image-2026-01-22-at-14.44.59-768x1024.jpeg 768w, https:\/\/noticiasregionais.com.br\/wp-content\/uploads\/2026\/01\/WhatsApp-Image-2026-01-22-at-14.44.59-225x300.jpeg 225w, https:\/\/noticiasregionais.com.br\/wp-content\/uploads\/2026\/01\/WhatsApp-Image-2026-01-22-at-14.44.59.jpeg 900w\" sizes=\"(max-width: 768px) 100vw, 768px\" \/><\/a><\/figure>\n\n\n\n<figure class=\"wp-block-image size-large\"><a href=\"https:\/\/noticiasregionais.com.br\/wp-content\/uploads\/2026\/01\/WhatsApp-Image-2026-01-22-at-14.44.57.jpeg\"><img decoding=\"async\" width=\"719\" height=\"1024\" data-id=\"12517\" src=\"https:\/\/noticiasregionais.com.br\/wp-content\/uploads\/2026\/01\/WhatsApp-Image-2026-01-22-at-14.44.57-719x1024.jpeg\" alt=\"\" class=\"wp-image-12517\" srcset=\"https:\/\/noticiasregionais.com.br\/wp-content\/uploads\/2026\/01\/WhatsApp-Image-2026-01-22-at-14.44.57-719x1024.jpeg 719w, https:\/\/noticiasregionais.com.br\/wp-content\/uploads\/2026\/01\/WhatsApp-Image-2026-01-22-at-14.44.57-211x300.jpeg 211w, https:\/\/noticiasregionais.com.br\/wp-content\/uploads\/2026\/01\/WhatsApp-Image-2026-01-22-at-14.44.57-768x1095.jpeg 768w, https:\/\/noticiasregionais.com.br\/wp-content\/uploads\/2026\/01\/WhatsApp-Image-2026-01-22-at-14.44.57.jpeg 842w\" sizes=\"(max-width: 719px) 100vw, 719px\" \/><\/a><\/figure>\n\n\n\n<figure class=\"wp-block-image size-large\"><a href=\"https:\/\/noticiasregionais.com.br\/wp-content\/uploads\/2026\/01\/WhatsApp-Image-2026-01-22-at-14.44.25.jpeg\"><img decoding=\"async\" width=\"768\" height=\"1024\" data-id=\"12518\" src=\"https:\/\/noticiasregionais.com.br\/wp-content\/uploads\/2026\/01\/WhatsApp-Image-2026-01-22-at-14.44.25-768x1024.jpeg\" alt=\"\" class=\"wp-image-12518\" srcset=\"https:\/\/noticiasregionais.com.br\/wp-content\/uploads\/2026\/01\/WhatsApp-Image-2026-01-22-at-14.44.25-768x1024.jpeg 768w, https:\/\/noticiasregionais.com.br\/wp-content\/uploads\/2026\/01\/WhatsApp-Image-2026-01-22-at-14.44.25-225x300.jpeg 225w, https:\/\/noticiasregionais.com.br\/wp-content\/uploads\/2026\/01\/WhatsApp-Image-2026-01-22-at-14.44.25.jpeg 900w\" sizes=\"(max-width: 768px) 100vw, 768px\" \/><\/a><\/figure>\n<\/figure>\n\n\n\n<p><\/p>\n<input type=\"hidden\" id=\"baseurl\" value=\"https:\/\/noticiasregionais.com.br\"><input type=\"hidden\" id=\"audio_nonce\" value=\"51537c5ade\">","protected":false},"excerpt":{"rendered":"<p>Um cachorro resgatado em estado cr\u00edtico no \u00faltimo dia&nbsp;21 de janeiro&nbsp;tem mobilizado a solidariedade de moradores de&nbsp;Ourinhos&nbsp;e regi\u00e3o. A a\u00e7\u00e3o&hellip;<\/p>\n","protected":false},"author":1,"featured_media":12520,"comment_status":"closed","ping_status":"open","sticky":false,"template":"","format":"standard","meta":{"sfsi_plus_gutenberg_text_before_share":"","sfsi_plus_gutenberg_show_text_before_share":"","sfsi_plus_gutenberg_icon_type":"","sfsi_plus_gutenberg_icon_alignemt":"","sfsi_plus_gutenburg_max_per_row":"","footnotes":""},"categories":[12,1,5],"tags":[],"class_list":["post-12515","post","type-post","status-publish","format-standard","has-post-thumbnail","hentry","category-capa","category-noticias","category-ourinhos"],"_links":{"self":[{"href":"https:\/\/noticiasregionais.com.br\/index.php?rest_route=\/wp\/v2\/posts\/12515","targetHints":{"allow":["GET"]}}],"collection":[{"href":"https:\/\/noticiasregionais.com.br\/index.php?rest_route=\/wp\/v2\/posts"}],"about":[{"href":"https:\/\/noticiasregionais.com.br\/index.php?rest_route=\/wp\/v2\/types\/post"}],"author":[{"embeddable":true,"href":"https:\/\/noticiasregionais.com.br\/index.php?rest_route=\/wp\/v2\/users\/1"}],"replies":[{"embeddable":true,"href":"https:\/\/noticiasregionais.com.br\/index.php?rest_route=%2Fwp%2Fv2%2Fcomments&post=12515"}],"version-history":[{"count":1,"href":"https:\/\/noticiasregionais.com.br\/index.php?rest_route=\/wp\/v2\/posts\/12515\/revisions"}],"predecessor-version":[{"id":12521,"href":"https:\/\/noticiasregionais.com.br\/index.php?rest_route=\/wp\/v2\/posts\/12515\/revisions\/12521"}],"wp:featuredmedia":[{"embeddable":true,"href":"https:\/\/noticiasregionais.com.br\/index.php?rest_route=\/wp\/v2\/media\/12520"}],"wp:attachment":[{"href":"https:\/\/noticiasregionais.com.br\/index.php?rest_route=%2Fwp%2Fv2%2Fmedia&parent=12515"}],"wp:term":[{"taxonomy":"category","embeddable":true,"href":"https:\/\/noticiasregionais.com.br\/index.php?rest_route=%2Fwp%2Fv2%2Fcategories&post=12515"},{"taxonomy":"post_tag","embeddable":true,"href":"https:\/\/noticiasregionais.com.br\/index.php?rest_route=%2Fwp%2Fv2%2Ftags&post=12515"}],"curies":[{"name":"wp","href":"https:\/\/api.w.org\/{rel}","templated":true}]}}