{"id":12522,"date":"2026-01-26T21:20:37","date_gmt":"2026-01-27T00:20:37","guid":{"rendered":"https:\/\/noticiasregionais.com.br\/?p=12522"},"modified":"2026-01-26T21:20:40","modified_gmt":"2026-01-27T00:20:40","slug":"ourinhos-e-vice-no-paulistao-de-futebol-de-amputados","status":"publish","type":"post","link":"https:\/\/noticiasregionais.com.br\/?p=12522","title":{"rendered":"Ourinhos \u00e9 vice no Paulist\u00e3o de Futebol de Amputados"},"content":{"rendered":"\n<p>A equipe da Secretaria Municipal de Esportes e Lazer da Prefeitura de Ourinhos conquistou a segunda coloca\u00e7\u00e3o no Campeonato Paulista de Futebol de Amputados, que teve sua fase final disputada no Est\u00e1dio Djalma Bahia em Ourinhos no \u00faltimo s\u00e1bado (24). O grande vencedor da competi\u00e7\u00e3o foi o Acre Clube, atual campe\u00e3o brasileiro da modalidade.<\/p>\n\n\n\n<p>Os jogos das semifinais foram realizados de manh\u00e3, com Ourinhos vencendo Sumar\u00e9 por 6&#215;2. No outro lado da chave, o Acre Clube derrotou o S\u00e3o Bento por 5&#215;1. As equipes voltaram ao campo no per\u00edodo da tarde, com o S\u00e3o Bento vencendo Sumar\u00e9 por 1&#215;0 e ficando com o terceiro lugar.<\/p>\n\n\n\n<p>A grande final teve uma disputa intensa, com equipe do Acre saindo na frente no in\u00edcio do jogo. Apenas dois minutos depois, Ourinhos empatou a partida. O placar n\u00e3o mudou mais at\u00e9 o fim da partida, obrigando as duas equipes a decidir quem seria o grande campe\u00e3o nos p\u00eanaltis, com emo\u00e7\u00e3o at\u00e9 as \u00faltimas batidas, quando Ourinhos n\u00e3o converteu o quinto p\u00eanalti e o Acre finalizou com 5&#215;4.<\/p>\n\n\n\n<figure class=\"wp-block-gallery has-nested-images columns-default is-cropped wp-block-gallery-1 is-layout-flex wp-block-gallery-is-layout-flex\">\n<figure class=\"wp-block-image size-large\"><a href=\"https:\/\/noticiasregionais.com.br\/?attachment_id=12523\"><img decoding=\"async\" width=\"1024\" height=\"683\" data-id=\"12523\" src=\"https:\/\/noticiasregionais.com.br\/wp-content\/uploads\/2026\/01\/WhatsApp-Image-2026-01-26-at-14.28.20-1024x683.jpeg\" alt=\"\" class=\"wp-image-12523\" srcset=\"https:\/\/noticiasregionais.com.br\/wp-content\/uploads\/2026\/01\/WhatsApp-Image-2026-01-26-at-14.28.20-1024x683.jpeg 1024w, https:\/\/noticiasregionais.com.br\/wp-content\/uploads\/2026\/01\/WhatsApp-Image-2026-01-26-at-14.28.20-300x200.jpeg 300w, https:\/\/noticiasregionais.com.br\/wp-content\/uploads\/2026\/01\/WhatsApp-Image-2026-01-26-at-14.28.20-768x512.jpeg 768w, https:\/\/noticiasregionais.com.br\/wp-content\/uploads\/2026\/01\/WhatsApp-Image-2026-01-26-at-14.28.20.jpeg 1200w\" sizes=\"(max-width: 1024px) 100vw, 1024px\" \/><\/a><\/figure>\n\n\n\n<figure class=\"wp-block-image size-large\"><img decoding=\"async\" width=\"1024\" height=\"683\" data-id=\"12524\" src=\"https:\/\/noticiasregionais.com.br\/wp-content\/uploads\/2026\/01\/WhatsApp-Image-2026-01-26-at-14.28.07-1024x683.jpeg\" alt=\"\" class=\"wp-image-12524\" srcset=\"https:\/\/noticiasregionais.com.br\/wp-content\/uploads\/2026\/01\/WhatsApp-Image-2026-01-26-at-14.28.07-1024x683.jpeg 1024w, https:\/\/noticiasregionais.com.br\/wp-content\/uploads\/2026\/01\/WhatsApp-Image-2026-01-26-at-14.28.07-300x200.jpeg 300w, https:\/\/noticiasregionais.com.br\/wp-content\/uploads\/2026\/01\/WhatsApp-Image-2026-01-26-at-14.28.07-768x512.jpeg 768w, https:\/\/noticiasregionais.com.br\/wp-content\/uploads\/2026\/01\/WhatsApp-Image-2026-01-26-at-14.28.07.jpeg 1200w\" sizes=\"(max-width: 1024px) 100vw, 1024px\" \/><\/figure>\n<\/figure>\n<input type=\"hidden\" id=\"baseurl\" value=\"https:\/\/noticiasregionais.com.br\"><input type=\"hidden\" id=\"audio_nonce\" value=\"51537c5ade\">","protected":false},"excerpt":{"rendered":"<p>A equipe da Secretaria Municipal de Esportes e Lazer da Prefeitura de Ourinhos conquistou a segunda coloca\u00e7\u00e3o no Campeonato Paulista&hellip;<\/p>\n","protected":false},"author":1,"featured_media":12525,"comment_status":"closed","ping_status":"open","sticky":false,"template":"","format":"standard","meta":{"sfsi_plus_gutenberg_text_before_share":"","sfsi_plus_gutenberg_show_text_before_share":"","sfsi_plus_gutenberg_icon_type":"","sfsi_plus_gutenberg_icon_alignemt":"","sfsi_plus_gutenburg_max_per_row":"","footnotes":""},"categories":[10,1,5],"tags":[],"class_list":["post-12522","post","type-post","status-publish","format-standard","has-post-thumbnail","hentry","category-destaques","category-noticias","category-ourinhos"],"_links":{"self":[{"href":"https:\/\/noticiasregionais.com.br\/index.php?rest_route=\/wp\/v2\/posts\/12522","targetHints":{"allow":["GET"]}}],"collection":[{"href":"https:\/\/noticiasregionais.com.br\/index.php?rest_route=\/wp\/v2\/posts"}],"about":[{"href":"https:\/\/noticiasregionais.com.br\/index.php?rest_route=\/wp\/v2\/types\/post"}],"author":[{"embeddable":true,"href":"https:\/\/noticiasregionais.com.br\/index.php?rest_route=\/wp\/v2\/users\/1"}],"replies":[{"embeddable":true,"href":"https:\/\/noticiasregionais.com.br\/index.php?rest_route=%2Fwp%2Fv2%2Fcomments&post=12522"}],"version-history":[{"count":1,"href":"https:\/\/noticiasregionais.com.br\/index.php?rest_route=\/wp\/v2\/posts\/12522\/revisions"}],"predecessor-version":[{"id":12526,"href":"https:\/\/noticiasregionais.com.br\/index.php?rest_route=\/wp\/v2\/posts\/12522\/revisions\/12526"}],"wp:featuredmedia":[{"embeddable":true,"href":"https:\/\/noticiasregionais.com.br\/index.php?rest_route=\/wp\/v2\/media\/12525"}],"wp:attachment":[{"href":"https:\/\/noticiasregionais.com.br\/index.php?rest_route=%2Fwp%2Fv2%2Fmedia&parent=12522"}],"wp:term":[{"taxonomy":"category","embeddable":true,"href":"https:\/\/noticiasregionais.com.br\/index.php?rest_route=%2Fwp%2Fv2%2Fcategories&post=12522"},{"taxonomy":"post_tag","embeddable":true,"href":"https:\/\/noticiasregionais.com.br\/index.php?rest_route=%2Fwp%2Fv2%2Ftags&post=12522"}],"curies":[{"name":"wp","href":"https:\/\/api.w.org\/{rel}","templated":true}]}}