{"id":12527,"date":"2026-01-26T21:33:05","date_gmt":"2026-01-27T00:33:05","guid":{"rendered":"https:\/\/noticiasregionais.com.br\/?p=12527"},"modified":"2026-01-26T21:33:09","modified_gmt":"2026-01-27T00:33:09","slug":"camara-de-ourinhos-e-sebrae-discutem-parceria-para-incentivar-o-empreendedorismo-local","status":"publish","type":"post","link":"https:\/\/noticiasregionais.com.br\/?p=12527","title":{"rendered":"C\u00e2mara de Ourinhos e Sebrae discutem parceria para incentivar o empreendedorismo local"},"content":{"rendered":"\n<p>O presidente da C\u00e2mara Municipal de Ourinhos, vereador C\u00edcero Investigador, reuniu-se nesta segunda-feira (26) com a analista de neg\u00f3cios do Sebrae Ourinhos, Viviane Orlandi, para tratar de poss\u00edveis a\u00e7\u00f5es conjuntas voltadas ao fortalecimento do empreendedorismo no munic\u00edpio.<\/p>\n\n\n\n<p>Durante o encontro, C\u00edcero apresentou a proposta de um termo de coopera\u00e7\u00e3o entre o Sebrae e a TV C\u00e2mara de Ourinhos. A ideia \u00e9 criar um espa\u00e7o na programa\u00e7\u00e3o do canal legislativo destinado \u00e0 divulga\u00e7\u00e3o de conte\u00fados educativos sobre gest\u00e3o, inova\u00e7\u00e3o e desenvolvimento de neg\u00f3cios.<\/p>\n\n\n\n<p>Segundo os participantes, a parceria tem como objetivo ampliar o acesso da comunidade a informa\u00e7\u00f5es e ferramentas que possam contribuir para a capacita\u00e7\u00e3o de micro e pequenos empreendedores locais.<\/p>\n\n\n\n<p>A reuni\u00e3o tamb\u00e9m abordou perspectivas de novas iniciativas voltadas \u00e0 gera\u00e7\u00e3o de emprego e renda, com destaque para o papel do Legislativo na articula\u00e7\u00e3o com institui\u00e7\u00f5es que atuam no fomento econ\u00f4mico da regi\u00e3o.<\/p>\n<input type=\"hidden\" id=\"baseurl\" value=\"https:\/\/noticiasregionais.com.br\"><input type=\"hidden\" id=\"audio_nonce\" value=\"51537c5ade\">","protected":false},"excerpt":{"rendered":"<p>O presidente da C\u00e2mara Municipal de Ourinhos, vereador C\u00edcero Investigador, reuniu-se nesta segunda-feira (26) com a analista de neg\u00f3cios do&hellip;<\/p>\n","protected":false},"author":1,"featured_media":12528,"comment_status":"closed","ping_status":"open","sticky":false,"template":"","format":"standard","meta":{"sfsi_plus_gutenberg_text_before_share":"","sfsi_plus_gutenberg_show_text_before_share":"","sfsi_plus_gutenberg_icon_type":"","sfsi_plus_gutenberg_icon_alignemt":"","sfsi_plus_gutenburg_max_per_row":"","footnotes":""},"categories":[10,1,5],"tags":[],"class_list":["post-12527","post","type-post","status-publish","format-standard","has-post-thumbnail","hentry","category-destaques","category-noticias","category-ourinhos"],"_links":{"self":[{"href":"https:\/\/noticiasregionais.com.br\/index.php?rest_route=\/wp\/v2\/posts\/12527","targetHints":{"allow":["GET"]}}],"collection":[{"href":"https:\/\/noticiasregionais.com.br\/index.php?rest_route=\/wp\/v2\/posts"}],"about":[{"href":"https:\/\/noticiasregionais.com.br\/index.php?rest_route=\/wp\/v2\/types\/post"}],"author":[{"embeddable":true,"href":"https:\/\/noticiasregionais.com.br\/index.php?rest_route=\/wp\/v2\/users\/1"}],"replies":[{"embeddable":true,"href":"https:\/\/noticiasregionais.com.br\/index.php?rest_route=%2Fwp%2Fv2%2Fcomments&post=12527"}],"version-history":[{"count":1,"href":"https:\/\/noticiasregionais.com.br\/index.php?rest_route=\/wp\/v2\/posts\/12527\/revisions"}],"predecessor-version":[{"id":12529,"href":"https:\/\/noticiasregionais.com.br\/index.php?rest_route=\/wp\/v2\/posts\/12527\/revisions\/12529"}],"wp:featuredmedia":[{"embeddable":true,"href":"https:\/\/noticiasregionais.com.br\/index.php?rest_route=\/wp\/v2\/media\/12528"}],"wp:attachment":[{"href":"https:\/\/noticiasregionais.com.br\/index.php?rest_route=%2Fwp%2Fv2%2Fmedia&parent=12527"}],"wp:term":[{"taxonomy":"category","embeddable":true,"href":"https:\/\/noticiasregionais.com.br\/index.php?rest_route=%2Fwp%2Fv2%2Fcategories&post=12527"},{"taxonomy":"post_tag","embeddable":true,"href":"https:\/\/noticiasregionais.com.br\/index.php?rest_route=%2Fwp%2Fv2%2Ftags&post=12527"}],"curies":[{"name":"wp","href":"https:\/\/api.w.org\/{rel}","templated":true}]}}