{"id":1253,"date":"2023-11-21T06:54:32","date_gmt":"2023-11-21T09:54:32","guid":{"rendered":"https:\/\/noticiasregionais.com.br\/?p=1253"},"modified":"2023-11-21T06:54:36","modified_gmt":"2023-11-21T09:54:36","slug":"centro-paula-souza-promove-4o-encontro-entre-bibliotecas-das-etecs-e-fatecs","status":"publish","type":"post","link":"https:\/\/noticiasregionais.com.br\/?p=1253","title":{"rendered":"Centro Paula Souza promove 4\u00ba Encontro entre Bibliotecas das Etecs e Fatecs"},"content":{"rendered":"\n<p class=\"has-text-align-center\"><strong>Evento ser\u00e1 nos dias 22 e 23 de novembro; proposta \u00e9 refletir sobre a import\u00e2ncia do espa\u00e7o no desenvolvimento das compet\u00eancias estudantis<\/strong><\/p>\n\n\n\n<p>Promovido pelo Centro de Gest\u00e3o Documental (CGD) do Centro Paula Souza (<a href=\"https:\/\/www.cps.sp.gov.br\/sobre-o-centro-paula-souza\/\" target=\"_blank\" rel=\"noreferrer noopener\">CPS<\/a>), o&nbsp;<strong>Encontro entre Bibliotecas das Etecs e Fatecs<\/strong>&nbsp;chega \u00e0 sua quarta edi\u00e7\u00e3o e ser\u00e1 realizado nas pr\u00f3ximas quarta e quinta-feira (22 e 23), no Audit\u00f3rio Prof. Lup\u00e9rcio de Oliveira Terra (Verde), na Administra\u00e7\u00e3o Central da institui\u00e7\u00e3o, na Capital.<\/p>\n\n\n\n<p>Desde a primeira edi\u00e7\u00e3o, o evento tem como objetivo acolher os novos bibliotec\u00e1rios, disponibilizando informa\u00e7\u00f5es e orienta\u00e7\u00f5es dos principais projetos, atividades e normativas vigentes.<\/p>\n\n\n\n<p>\u201cTamb\u00e9m buscamos propor a todos os profissionais, que atuam na rede de biblioteca do CPS, uma reflex\u00e3o sobre a import\u00e2ncia da biblioteca como laborat\u00f3rio, voltado ao desenvolvimento de compet\u00eancias informacionais e de pesquisa\u201d, explica a diretora de divis\u00e3o do CGD, Tatiane Silva Massucato Arias.<\/p>\n\n\n\n<p>Durante os dois dias, os participantes ter\u00e3o a oportunidade de conhecer e conversar com representantes da Administra\u00e7\u00e3o Central do CPS. Haver\u00e1 ainda a participa\u00e7\u00e3o da diretora de reda\u00e7\u00e3o da revista Pesquisa\u00a0<a href=\"https:\/\/fapesp.br\/sobre\/\" target=\"_blank\" rel=\"noreferrer noopener\">Fapesp<\/a>\u00a0(Funda\u00e7\u00e3o de Amparo \u00e0 Pesquisa do Estado de S\u00e3o Paulo), Alexandra Ozorio de Almeida; e do diretor t\u00e9cnico da Unidade de Difus\u00e3o Cultural, Bibliotecas e Leitura, da\u00a0<a href=\"https:\/\/www.cultura.sp.gov.br\/category\/programas\/museus\/\" target=\"_blank\" rel=\"noreferrer noopener\">Secretaria da Cultura, Economia e Ind\u00fastrias Criativas<\/a>\u00a0do Sistema Estadual de Bibliotecas P\u00fablicas de S\u00e3o Paulo (<a href=\"https:\/\/siseb.sp.gov.br\/sobre\/\" target=\"_blank\" rel=\"noreferrer noopener\">SisEB<\/a>), Marcus Rei de Lima Alves.<\/p>\n\n\n\n<p class=\"has-text-align-left\"><strong><sub>fonte: Portal do Governo do Estado de S\u00e3o Paulo<\/sub><\/strong><\/p>\n<input type=\"hidden\" id=\"baseurl\" value=\"https:\/\/noticiasregionais.com.br\"><input type=\"hidden\" id=\"audio_nonce\" value=\"533fbb67b1\">","protected":false},"excerpt":{"rendered":"<p>Evento ser\u00e1 nos dias 22 e 23 de novembro; proposta \u00e9 refletir sobre a import\u00e2ncia do espa\u00e7o no desenvolvimento das&hellip;<\/p>\n","protected":false},"author":1,"featured_media":1254,"comment_status":"closed","ping_status":"open","sticky":false,"template":"","format":"standard","meta":{"sfsi_plus_gutenberg_text_before_share":"","sfsi_plus_gutenberg_show_text_before_share":"","sfsi_plus_gutenberg_icon_type":"","sfsi_plus_gutenberg_icon_alignemt":"","sfsi_plus_gutenburg_max_per_row":"","footnotes":""},"categories":[6,10,1],"tags":[],"class_list":["post-1253","post","type-post","status-publish","format-standard","has-post-thumbnail","hentry","category-sao_paulo","category-destaques","category-noticias"],"_links":{"self":[{"href":"https:\/\/noticiasregionais.com.br\/index.php?rest_route=\/wp\/v2\/posts\/1253","targetHints":{"allow":["GET"]}}],"collection":[{"href":"https:\/\/noticiasregionais.com.br\/index.php?rest_route=\/wp\/v2\/posts"}],"about":[{"href":"https:\/\/noticiasregionais.com.br\/index.php?rest_route=\/wp\/v2\/types\/post"}],"author":[{"embeddable":true,"href":"https:\/\/noticiasregionais.com.br\/index.php?rest_route=\/wp\/v2\/users\/1"}],"replies":[{"embeddable":true,"href":"https:\/\/noticiasregionais.com.br\/index.php?rest_route=%2Fwp%2Fv2%2Fcomments&post=1253"}],"version-history":[{"count":1,"href":"https:\/\/noticiasregionais.com.br\/index.php?rest_route=\/wp\/v2\/posts\/1253\/revisions"}],"predecessor-version":[{"id":1255,"href":"https:\/\/noticiasregionais.com.br\/index.php?rest_route=\/wp\/v2\/posts\/1253\/revisions\/1255"}],"wp:featuredmedia":[{"embeddable":true,"href":"https:\/\/noticiasregionais.com.br\/index.php?rest_route=\/wp\/v2\/media\/1254"}],"wp:attachment":[{"href":"https:\/\/noticiasregionais.com.br\/index.php?rest_route=%2Fwp%2Fv2%2Fmedia&parent=1253"}],"wp:term":[{"taxonomy":"category","embeddable":true,"href":"https:\/\/noticiasregionais.com.br\/index.php?rest_route=%2Fwp%2Fv2%2Fcategories&post=1253"},{"taxonomy":"post_tag","embeddable":true,"href":"https:\/\/noticiasregionais.com.br\/index.php?rest_route=%2Fwp%2Fv2%2Ftags&post=1253"}],"curies":[{"name":"wp","href":"https:\/\/api.w.org\/{rel}","templated":true}]}}