{"id":12530,"date":"2026-01-26T21:38:55","date_gmt":"2026-01-27T00:38:55","guid":{"rendered":"https:\/\/noticiasregionais.com.br\/?p=12530"},"modified":"2026-01-26T21:38:58","modified_gmt":"2026-01-27T00:38:58","slug":"operacao-da-pm-resulta-em-prisoes-e-apreensoes-em-santo-antonio-da-platina","status":"publish","type":"post","link":"https:\/\/noticiasregionais.com.br\/?p=12530","title":{"rendered":"Opera\u00e7\u00e3o da PM resulta em pris\u00f5es e apreens\u00f5es em Santo Ant\u00f4nio da Platina"},"content":{"rendered":"\n<p>Uma a\u00e7\u00e3o integrada da Pol\u00edcia Militar, realizada na noite de domingo (25), em Santo Ant\u00f4nio da Platina, resultou na pris\u00e3o de tr\u00eas suspeitos e na apreens\u00e3o de drogas, arma de fogo, muni\u00e7\u00f5es e motocicletas. A opera\u00e7\u00e3o \u201cIns\u00f4nia\u201d foi deflagrada ap\u00f3s diversas den\u00fancias de perturba\u00e7\u00e3o do sossego, aglomera\u00e7\u00e3o e tr\u00e1fico de drogas na Rua Arthur Franco, regi\u00e3o de grande movimento.<\/p>\n\n\n\n<p>Equipes da ROTAM, ROCAM e R\u00e1dio Patrulha abordaram cerca de 50 pessoas durante a a\u00e7\u00e3o. Com um dos detidos, os policiais encontraram por\u00e7\u00f5es de maconha, comprimidos de droga sint\u00e9tica e dinheiro. Outro homem foi flagrado com entorpecente para consumo pessoal. Um rev\u00f3lver calibre 38, com seis muni\u00e7\u00f5es e numera\u00e7\u00e3o suprimida, foi localizado nas imedia\u00e7\u00f5es do local, e o respons\u00e1vel foi identificado por meio das c\u00e2meras de seguran\u00e7a.<\/p>\n\n\n\n<p>Al\u00e9m das pris\u00f5es, v\u00e1rias motocicletas foram recolhidas por irregularidades administrativas, incluindo uma com baixa no sistema de tr\u00e2nsito. Um suspeito apontado por tr\u00e1fico conseguiu fugir durante a opera\u00e7\u00e3o, deixando sua motocicleta na rua.<\/p>\n\n\n\n<p>Os materiais apreendidos e os detidos foram encaminhados \u00e0 Delegacia de Pol\u00edcia Civil. O estabelecimento envolvido encerrou o atendimento ap\u00f3s a a\u00e7\u00e3o. Segundo a PM, novas opera\u00e7\u00f5es semelhantes ser\u00e3o realizadas para garantir a ordem p\u00fablica e atender \u00e0s demandas da comunidade.<\/p>\n\n\n\n<figure class=\"wp-block-gallery has-nested-images columns-default is-cropped wp-block-gallery-1 is-layout-flex wp-block-gallery-is-layout-flex\">\n<figure class=\"wp-block-image size-large\"><a href=\"https:\/\/noticiasregionais.com.br\/wp-content\/uploads\/2026\/01\/WhatsApp-Image-2026-01-26-at-08.29.34.jpeg\"><img decoding=\"async\" width=\"850\" height=\"1024\" data-id=\"12532\" src=\"https:\/\/noticiasregionais.com.br\/wp-content\/uploads\/2026\/01\/WhatsApp-Image-2026-01-26-at-08.29.34-850x1024.jpeg\" alt=\"\" class=\"wp-image-12532\" srcset=\"https:\/\/noticiasregionais.com.br\/wp-content\/uploads\/2026\/01\/WhatsApp-Image-2026-01-26-at-08.29.34-850x1024.jpeg 850w, https:\/\/noticiasregionais.com.br\/wp-content\/uploads\/2026\/01\/WhatsApp-Image-2026-01-26-at-08.29.34-249x300.jpeg 249w, https:\/\/noticiasregionais.com.br\/wp-content\/uploads\/2026\/01\/WhatsApp-Image-2026-01-26-at-08.29.34-768x926.jpeg 768w, https:\/\/noticiasregionais.com.br\/wp-content\/uploads\/2026\/01\/WhatsApp-Image-2026-01-26-at-08.29.34.jpeg 1062w\" sizes=\"(max-width: 850px) 100vw, 850px\" \/><\/a><\/figure>\n\n\n\n<figure class=\"wp-block-image size-large\"><img decoding=\"async\" width=\"904\" height=\"1024\" data-id=\"12531\" src=\"https:\/\/noticiasregionais.com.br\/wp-content\/uploads\/2026\/01\/WhatsApp-Image-2026-01-26-at-08.29.33-904x1024.jpeg\" alt=\"\" class=\"wp-image-12531\" srcset=\"https:\/\/noticiasregionais.com.br\/wp-content\/uploads\/2026\/01\/WhatsApp-Image-2026-01-26-at-08.29.33-904x1024.jpeg 904w, https:\/\/noticiasregionais.com.br\/wp-content\/uploads\/2026\/01\/WhatsApp-Image-2026-01-26-at-08.29.33-265x300.jpeg 265w, https:\/\/noticiasregionais.com.br\/wp-content\/uploads\/2026\/01\/WhatsApp-Image-2026-01-26-at-08.29.33-768x870.jpeg 768w, https:\/\/noticiasregionais.com.br\/wp-content\/uploads\/2026\/01\/WhatsApp-Image-2026-01-26-at-08.29.33.jpeg 1130w\" sizes=\"(max-width: 904px) 100vw, 904px\" \/><\/figure>\n<\/figure>\n<input type=\"hidden\" id=\"baseurl\" value=\"https:\/\/noticiasregionais.com.br\"><input type=\"hidden\" id=\"audio_nonce\" value=\"51537c5ade\">","protected":false},"excerpt":{"rendered":"<p>Uma a\u00e7\u00e3o integrada da Pol\u00edcia Militar, realizada na noite de domingo (25), em Santo Ant\u00f4nio da Platina, resultou na pris\u00e3o&hellip;<\/p>\n","protected":false},"author":1,"featured_media":12533,"comment_status":"closed","ping_status":"open","sticky":false,"template":"","format":"standard","meta":{"sfsi_plus_gutenberg_text_before_share":"","sfsi_plus_gutenberg_show_text_before_share":"","sfsi_plus_gutenberg_icon_type":"","sfsi_plus_gutenberg_icon_alignemt":"","sfsi_plus_gutenburg_max_per_row":"","footnotes":""},"categories":[10,1,7],"tags":[],"class_list":["post-12530","post","type-post","status-publish","format-standard","has-post-thumbnail","hentry","category-destaques","category-noticias","category-parana"],"_links":{"self":[{"href":"https:\/\/noticiasregionais.com.br\/index.php?rest_route=\/wp\/v2\/posts\/12530","targetHints":{"allow":["GET"]}}],"collection":[{"href":"https:\/\/noticiasregionais.com.br\/index.php?rest_route=\/wp\/v2\/posts"}],"about":[{"href":"https:\/\/noticiasregionais.com.br\/index.php?rest_route=\/wp\/v2\/types\/post"}],"author":[{"embeddable":true,"href":"https:\/\/noticiasregionais.com.br\/index.php?rest_route=\/wp\/v2\/users\/1"}],"replies":[{"embeddable":true,"href":"https:\/\/noticiasregionais.com.br\/index.php?rest_route=%2Fwp%2Fv2%2Fcomments&post=12530"}],"version-history":[{"count":1,"href":"https:\/\/noticiasregionais.com.br\/index.php?rest_route=\/wp\/v2\/posts\/12530\/revisions"}],"predecessor-version":[{"id":12534,"href":"https:\/\/noticiasregionais.com.br\/index.php?rest_route=\/wp\/v2\/posts\/12530\/revisions\/12534"}],"wp:featuredmedia":[{"embeddable":true,"href":"https:\/\/noticiasregionais.com.br\/index.php?rest_route=\/wp\/v2\/media\/12533"}],"wp:attachment":[{"href":"https:\/\/noticiasregionais.com.br\/index.php?rest_route=%2Fwp%2Fv2%2Fmedia&parent=12530"}],"wp:term":[{"taxonomy":"category","embeddable":true,"href":"https:\/\/noticiasregionais.com.br\/index.php?rest_route=%2Fwp%2Fv2%2Fcategories&post=12530"},{"taxonomy":"post_tag","embeddable":true,"href":"https:\/\/noticiasregionais.com.br\/index.php?rest_route=%2Fwp%2Fv2%2Ftags&post=12530"}],"curies":[{"name":"wp","href":"https:\/\/api.w.org\/{rel}","templated":true}]}}