{"id":1256,"date":"2023-11-21T07:06:58","date_gmt":"2023-11-21T10:06:58","guid":{"rendered":"https:\/\/noticiasregionais.com.br\/?p=1256"},"modified":"2023-11-21T07:09:53","modified_gmt":"2023-11-21T10:09:53","slug":"bolsonaro-diz-que-recebeu-telefonema-de-milei-e-foi-convidado-para-a-posse-do-argentino","status":"publish","type":"post","link":"https:\/\/noticiasregionais.com.br\/?p=1256","title":{"rendered":"Bolsonaro diz que recebeu telefonema de Milei e foi convidado para a posse do argentino"},"content":{"rendered":"\n<p class=\"has-text-align-center\"><strong>Jair Bolsonaro (PL) afirmou que recebeu um telefonema do presidente eleito da Argentina, Javier Milei, acrescentando que foi convidado para a posse no pa\u00eds vizinho.<\/strong><\/p>\n\n\n\n<p>O ex-presidente Jair Bolsonaro (PL) afirmou nesta segunda-feira (20) que recebeu um telefonema do presidente eleito da Argentina, Javier Milei, acrescentando que foi convidado para a posse no pa\u00eds vizinho.<\/p>\n\n\n\n<p>&#8220;Recebi agora telefonema de Javier Milei, onde o cumprimentei pela vit\u00f3ria, bem como fui convidado para sua posse&#8221;, escreveu o presidente em sua rede social. &#8220;Hoje a Argentina representa muito para todos aqueles que amam a democracia e respiram liberdade.&#8221;<\/p>\n\n\n\n<p>O ultraliberal n\u00e3o mencionou a liga\u00e7\u00e3o em suas redes sociais, embora tenha compartilhado a mensagem em que Bolsonaro o parabeniza pelo triunfo. A publica\u00e7\u00e3o do ex-presidente brasileiro acontece um dia ap\u00f3s o an\u00fancio do resultado das elei\u00e7\u00f5es presidenciais argentinas.<\/p>\n\n\n\n<p>Neste domingo (19), Milei foi eleito presidente da Argentina, superando o candidato governista, o atual ministro da Economia Sergio Massa, e impondo ao peronismo sua quarta derrota em 40 anos de democracia.<\/p>\n\n\n\n<p>O ex-presidente brasileiro e seus aliados e apoiadores deram apoio a Milei durante a campanha eleitoral. Eduardo Bolsonaro (PL-SP) chegou a viajar a Buenos Aires \u00e0s v\u00e9speras da elei\u00e7\u00e3o.<\/p>\n\n\n\n<p>Milei, por sua vez, manteve durante uma ret\u00f3rica de ataques contra o presidente brasileiro Luiz In\u00e1cio Lula da Silva (PT). Um dos momentos de maior tens\u00e3o foi quando Milei chamou o petista de corrupto e comunista, al\u00e9m de acrescentar que n\u00e3o pretendia encontr\u00e1-lo, caso fosse eleito, durante entrevista a um jornalista peruano.<\/p>\n\n\n\n<p>&#8220;Um comunista&#8221;, afirmou Milei, ao que o jornalista acrescentou: &#8220;E um grande corrupto, n\u00e3o?&#8221;. &#8220;Por isso esteve preso&#8221;, respondeu o pol\u00edtico.<\/p>\n\n\n\n<p><strong><sub>fonte: Sampi \/ Folhapress<\/sub><\/strong> <strong><sub>&#8211;<\/sub><\/strong> <strong><sub>Imagem: Ag\u00eancia Brasil &#8211; EBC<\/sub><\/strong><\/p>\n<input type=\"hidden\" id=\"baseurl\" value=\"https:\/\/noticiasregionais.com.br\"><input type=\"hidden\" id=\"audio_nonce\" value=\"533fbb67b1\">","protected":false},"excerpt":{"rendered":"<p>Jair Bolsonaro (PL) afirmou que recebeu um telefonema do presidente eleito da Argentina, Javier Milei, acrescentando que foi convidado para&hellip;<\/p>\n","protected":false},"author":1,"featured_media":1257,"comment_status":"closed","ping_status":"open","sticky":false,"template":"","format":"standard","meta":{"sfsi_plus_gutenberg_text_before_share":"","sfsi_plus_gutenberg_show_text_before_share":"","sfsi_plus_gutenberg_icon_type":"","sfsi_plus_gutenberg_icon_alignemt":"","sfsi_plus_gutenburg_max_per_row":"","footnotes":""},"categories":[9,10,1],"tags":[],"class_list":["post-1256","post","type-post","status-publish","format-standard","has-post-thumbnail","hentry","category-mundo","category-destaques","category-noticias"],"_links":{"self":[{"href":"https:\/\/noticiasregionais.com.br\/index.php?rest_route=\/wp\/v2\/posts\/1256","targetHints":{"allow":["GET"]}}],"collection":[{"href":"https:\/\/noticiasregionais.com.br\/index.php?rest_route=\/wp\/v2\/posts"}],"about":[{"href":"https:\/\/noticiasregionais.com.br\/index.php?rest_route=\/wp\/v2\/types\/post"}],"author":[{"embeddable":true,"href":"https:\/\/noticiasregionais.com.br\/index.php?rest_route=\/wp\/v2\/users\/1"}],"replies":[{"embeddable":true,"href":"https:\/\/noticiasregionais.com.br\/index.php?rest_route=%2Fwp%2Fv2%2Fcomments&post=1256"}],"version-history":[{"count":2,"href":"https:\/\/noticiasregionais.com.br\/index.php?rest_route=\/wp\/v2\/posts\/1256\/revisions"}],"predecessor-version":[{"id":1260,"href":"https:\/\/noticiasregionais.com.br\/index.php?rest_route=\/wp\/v2\/posts\/1256\/revisions\/1260"}],"wp:featuredmedia":[{"embeddable":true,"href":"https:\/\/noticiasregionais.com.br\/index.php?rest_route=\/wp\/v2\/media\/1257"}],"wp:attachment":[{"href":"https:\/\/noticiasregionais.com.br\/index.php?rest_route=%2Fwp%2Fv2%2Fmedia&parent=1256"}],"wp:term":[{"taxonomy":"category","embeddable":true,"href":"https:\/\/noticiasregionais.com.br\/index.php?rest_route=%2Fwp%2Fv2%2Fcategories&post=1256"},{"taxonomy":"post_tag","embeddable":true,"href":"https:\/\/noticiasregionais.com.br\/index.php?rest_route=%2Fwp%2Fv2%2Ftags&post=1256"}],"curies":[{"name":"wp","href":"https:\/\/api.w.org\/{rel}","templated":true}]}}