{"id":1265,"date":"2023-11-23T18:57:00","date_gmt":"2023-11-23T21:57:00","guid":{"rendered":"https:\/\/noticiasregionais.com.br\/?p=1265"},"modified":"2023-11-23T18:57:12","modified_gmt":"2023-11-23T21:57:12","slug":"trabalhadores-exigem-solucao-imediata-para-o-pagamento-do-piso-da-enfermagem","status":"publish","type":"post","link":"https:\/\/noticiasregionais.com.br\/?p=1265","title":{"rendered":"Trabalhadores exigem solu\u00e7\u00e3o imediata para o pagamento do piso da enfermagem"},"content":{"rendered":"\n<p class=\"has-text-align-center\"><strong>Para os profissionais da \u00e1rea de sa\u00fade, basta de negocia\u00e7\u00f5es. Eles reclamam da demora para chegar a um acordo que permita a implementa\u00e7\u00e3o dos sal\u00e1rios da categoria<\/strong><\/p>\n\n\n\n<p>Reuni\u00f5es, negocia\u00e7\u00f5es sem solu\u00e7\u00e3o, resist\u00eancia por parte das entidades patronais e descontentamento dos trabalhadores. Esses s\u00e3o os pontos que os profissionais da \u00e1rea de sa\u00fade alegam que impedem um basta nas negocia\u00e7\u00f5es para uma defini\u00e7\u00e3o do pagamento do piso da enfermagem. Alguns estados e munic\u00edpios continuam fazendo manifesta\u00e7\u00f5es na porta dos hospitais com a promessa de novas paralisa\u00e7\u00f5es, caso a situa\u00e7\u00e3o n\u00e3o se resolva. Segundo o conselheiro federal do Conselho Federal de enfermagem&nbsp;Daniel Menezes&nbsp;ainda existe resist\u00eancia de algumas institui\u00e7\u00f5es, especialmente representantes dos empregadores.<\/p>\n\n\n\n<p>\u201cN\u00f3s estamos verificando, acompanhando e percebemos que n\u00e3o est\u00e1 tendo qualquer tipo de reverbera\u00e7\u00e3o porque \u00e9 uma negocia\u00e7\u00e3o extrajudicial que n\u00e3o tem apresentado nenhuma proposta efetiva \u2014&nbsp; e as entidades sindicais organizadas que representam os trabalhadores nos segmentos do pa\u00eds est\u00e3o a\u00ed atuando diretamente em rela\u00e7\u00e3o \u00e0 poss\u00edvel conven\u00e7\u00e3o coletiva\u201d, revela.<\/p>\n\n\n\n<p>Na sexta-feira (17), a Confedera\u00e7\u00e3o Nacional de Sa\u00fade (CNSa\u00fade) entregou uma nova proposta ao Tribunal Superior do Trabalho (TST) sobre a implanta\u00e7\u00e3o do piso nacional dos profissionais de enfermagem do setor privado. &nbsp;Ela ser\u00e1 apresentada \u00e0s entidades de representa\u00e7\u00e3o dos trabalhadores em reuni\u00e3o agendada para 28 de novembro, na sede do Tribunal. De acordo com o TST, o procedimento de media\u00e7\u00e3o pr\u00e9-processual \u00e9 regido pelo princ\u00edpio da confidencialidade.&nbsp;<\/p>\n\n\n\n<p>Todo o processo de negocia\u00e7\u00e3o est\u00e1 sendo conduzido pelo vice-presidente do TST, ministro Aloysio Corr\u00eaa da Veiga, por meio do Centro Judici\u00e1rio de M\u00e9todos Consensuais de Solu\u00e7\u00e3o de Conflitos do Tribunal Superior do Trabalho (Cejusc\/TST). A media\u00e7\u00e3o foi solicitada pela CNSa\u00fade, que representa a categoria patronal de estabelecimentos privados de sa\u00fade (hospitais, cl\u00ednicas, casas de sa\u00fade, laborat\u00f3rio e servi\u00e7os de diagn\u00f3stico, de imagem e de fisioterapia, entre outros).<\/p>\n\n\n\n<p>Se a situa\u00e7\u00e3o n\u00e3o for resolvida, a advogada especialista em direito do trabalho&nbsp;Camila Andrea Braga&nbsp;diz que vai valer o que ficou determinado pela lei. \u201cO TST deve analisar agora a nova proposta da CNI sa\u00fade para verificar se a proposta seria interessante para ent\u00e3o apresentar aos trabalhadores para ver se h\u00e1 uma aprova\u00e7\u00e3o ou n\u00e3o. Caso a proposta n\u00e3o seja aceita pelo TST ou pela categoria, continua valendo a lei vigente com os pisos nos valores j\u00e1 estabelecidos\u201d, explica.<\/p>\n\n\n\n<h2 class=\"wp-block-heading\">Possibilidade de novas greves<\/h2>\n\n\n\n<p>Em Pernambuco, o Sindicato dos Auxiliares e T\u00e9cnicos de Enfermagem (Satenpe) organizou um protesto em frente ao Tribunal de Contas de Pernambuco (TCE-PE). Os profissionais atuam nos hospitais p\u00fablicos estaduais e em unidades particulares de sa\u00fade. Eles reclamam que alguns enfermeiros e t\u00e9cnicos ainda n\u00e3o receberam o piso, que come\u00e7ou a ser pago em setembro \u2014&nbsp;como conta Gomes Filho, secret\u00e1rio de rela\u00e7\u00f5es sindicais do Satemp, o sindicato dos auxiliares e t\u00e9cnicos de Pernambuco.<\/p>\n\n\n\n<p>\u201cAgora n\u00f3s estamos nessa situa\u00e7\u00e3o. Negociando com a governadora, com v\u00e1rios prefeitos, com v\u00e1rios secret\u00e1rios de sa\u00fade para que esse piso seja implementado. No setor privado, a gente tem agora \u00e9 que for\u00e7ar a barra para que realmente eles se comprometam em pagar\u201d, desabafa.<\/p>\n\n\n\n<p>De acordo com Gomes Filho, as categorias &nbsp;entregaram &nbsp;um documento ao representante do tribunal &nbsp;e denunciaram &nbsp;o governo estadual por suposto atraso no pagamento do piso da enfermagem. Eles esperam uma resposta para que os trabalhadores consigam sentar para conversar com as entidades patronais.<\/p>\n\n\n\n<p>Em Campinas (SP), trabalhadores de laborat\u00f3rios e cl\u00ednicas prometem fazer greve no dia 27 de novembro, caso o repasse n\u00e3o seja feito. A categoria diz que vai esperar at\u00e9 sexta-feira (24) uma resposta das empresas para ver se aceitam ou n\u00e3o o que for proposto. O Sindicato reafirmou a pauta de reivindica\u00e7\u00f5es apresentada na Campanha Salarial 2023 de reajuste salarial com base no INPC (\u00edndice de infla\u00e7\u00e3o), cesta b\u00e1sica, feriado da categoria, jornada especial, manuten\u00e7\u00e3o das condi\u00e7\u00f5es mais favor\u00e1veis \u2014&nbsp;e o pagamento do Piso Nacional de Enfermagem.&nbsp;<\/p>\n\n\n\n<p>Segundo o sindicato, as institui\u00e7\u00f5es t\u00eam usado artif\u00edcios para atrasar a negocia\u00e7\u00e3o, entre eles a negocia\u00e7\u00e3o entre TST e a CNSa\u00fade sobre o piso. No entanto, afirmam que nada que se resolva nesta negocia\u00e7\u00e3o se aplica \u00e0 base representada pelo Sinsa\u00fade em 172 cidades do Estado.&nbsp;<\/p>\n\n\n\n<h2 class=\"wp-block-heading\">Repasse aos munic\u00edpios<\/h2>\n\n\n\n<p>A Confedera\u00e7\u00e3o Nacional de Munic\u00edpios (CNM) demonstra preocupa\u00e7\u00e3o com rela\u00e7\u00e3o ao repasse dos recursos da assist\u00eancia financeira complementar da Uni\u00e3o para o piso da enfermagem, referente ao m\u00eas de novembro. A entidade esclarece que ser\u00e1 feito o repasse de duas parcelas para garantir a complementa\u00e7\u00e3o do 13\u00ba sal\u00e1rio dos profissionais de enfermagem.&nbsp;<\/p>\n\n\n\n<p>Inicialmente, a complementa\u00e7\u00e3o seria em dezembro. Ap\u00f3s a altera\u00e7\u00e3o das datas, a CNM informa que os gestores ainda n\u00e3o est\u00e3o recebendo os repasses da Uni\u00e3o referentes ao piso salarial.&nbsp;<\/p>\n\n\n\n<p>Em 21 de agosto, o Minist\u00e9rio da Sa\u00fade fez o primeiro repasse adicional aos estados e munic\u00edpios do piso nacional da enfermagem. At\u00e9 o fim de 2023, foi definido o pagamento de nove parcelas, incluindo o 13\u00ba sal\u00e1rio. Os valores praticados s\u00e3o: enfermeiros: R$ 4.750, t\u00e9cnicos de enfermagem: R$ 3.325 e auxiliares e parteiras: R$ 2.235. &nbsp;&nbsp;<\/p>\n\n\n\n<p>Fonte: <a href=\"https:\/\/brasil61.com\/n\/piso-da-enfermagem-trabalhadores-exigem-solucao-imediata-para-o-pagamento-dos-salarios-bras2310208\" target=\"_blank\" rel=\"noreferrer noopener\">Brasil 61<\/a><\/p>\n<input type=\"hidden\" id=\"baseurl\" value=\"https:\/\/noticiasregionais.com.br\"><input type=\"hidden\" id=\"audio_nonce\" value=\"533fbb67b1\">","protected":false},"excerpt":{"rendered":"<p>Para os profissionais da \u00e1rea de sa\u00fade, basta de negocia\u00e7\u00f5es. Eles reclamam da demora para chegar a um acordo que&hellip;<\/p>\n","protected":false},"author":1,"featured_media":1266,"comment_status":"closed","ping_status":"open","sticky":false,"template":"","format":"standard","meta":{"sfsi_plus_gutenberg_text_before_share":"","sfsi_plus_gutenberg_show_text_before_share":"","sfsi_plus_gutenberg_icon_type":"","sfsi_plus_gutenberg_icon_alignemt":"","sfsi_plus_gutenburg_max_per_row":"","footnotes":""},"categories":[8,10,1],"tags":[],"class_list":["post-1265","post","type-post","status-publish","format-standard","has-post-thumbnail","hentry","category-brasil","category-destaques","category-noticias"],"_links":{"self":[{"href":"https:\/\/noticiasregionais.com.br\/index.php?rest_route=\/wp\/v2\/posts\/1265","targetHints":{"allow":["GET"]}}],"collection":[{"href":"https:\/\/noticiasregionais.com.br\/index.php?rest_route=\/wp\/v2\/posts"}],"about":[{"href":"https:\/\/noticiasregionais.com.br\/index.php?rest_route=\/wp\/v2\/types\/post"}],"author":[{"embeddable":true,"href":"https:\/\/noticiasregionais.com.br\/index.php?rest_route=\/wp\/v2\/users\/1"}],"replies":[{"embeddable":true,"href":"https:\/\/noticiasregionais.com.br\/index.php?rest_route=%2Fwp%2Fv2%2Fcomments&post=1265"}],"version-history":[{"count":1,"href":"https:\/\/noticiasregionais.com.br\/index.php?rest_route=\/wp\/v2\/posts\/1265\/revisions"}],"predecessor-version":[{"id":1267,"href":"https:\/\/noticiasregionais.com.br\/index.php?rest_route=\/wp\/v2\/posts\/1265\/revisions\/1267"}],"wp:featuredmedia":[{"embeddable":true,"href":"https:\/\/noticiasregionais.com.br\/index.php?rest_route=\/wp\/v2\/media\/1266"}],"wp:attachment":[{"href":"https:\/\/noticiasregionais.com.br\/index.php?rest_route=%2Fwp%2Fv2%2Fmedia&parent=1265"}],"wp:term":[{"taxonomy":"category","embeddable":true,"href":"https:\/\/noticiasregionais.com.br\/index.php?rest_route=%2Fwp%2Fv2%2Fcategories&post=1265"},{"taxonomy":"post_tag","embeddable":true,"href":"https:\/\/noticiasregionais.com.br\/index.php?rest_route=%2Fwp%2Fv2%2Ftags&post=1265"}],"curies":[{"name":"wp","href":"https:\/\/api.w.org\/{rel}","templated":true}]}}