{"id":1271,"date":"2023-11-23T20:14:33","date_gmt":"2023-11-23T23:14:33","guid":{"rendered":"https:\/\/noticiasregionais.com.br\/?p=1271"},"modified":"2023-11-23T20:14:45","modified_gmt":"2023-11-23T23:14:45","slug":"operacao-policial-desarticula-esquema-de-trafico-e-apreende-arma-em-ourinhos-sp","status":"publish","type":"post","link":"https:\/\/noticiasregionais.com.br\/?p=1271","title":{"rendered":"Opera\u00e7\u00e3o Policial Desarticula Esquema de Tr\u00e1fico e Apreende Arma em Ourinhos\/SP"},"content":{"rendered":"\n<p>Em uma opera\u00e7\u00e3o conjunta entre a Pol\u00edcia Militar e a Pol\u00edcia Civil, realizada na manh\u00e3 desta quinta-feira, resultou na pris\u00e3o de dois indiv\u00edduos na Rua Rafael Cassetari, Vila S\u00e2ndano, Ourinhos\/SP. As for\u00e7as de seguran\u00e7a atuaram com precis\u00e3o, mobilizando a Equipe K9 do 13\u00ba BAEP, o Pelot\u00e3o de For\u00e7a T\u00e1tica do 31\u00b0 BPM\/I e a Equipe da DISE &#8211; Delegacia de Investiga\u00e7\u00f5es sobre Entorpecentes de Ourinhos.<\/p>\n\n\n\n<p>O alvo da opera\u00e7\u00e3o, J. H. C. de 38 anos, foi detido por posse ilegal de arma de fogo e tr\u00e1fico de drogas. Ainda, V. M. O. de 21 anos foi preso pelo crime de tr\u00e1fico de drogas. As deten\u00e7\u00f5es ocorreram durante o cumprimento de mandados de busca e apreens\u00e3o, que resultaram na apreens\u00e3o de significativa quantidade de entorpecentes e armamento ilegal.<\/p>\n\n\n\n<p>A a\u00e7\u00e3o policial teve in\u00edcio por volta das 07h30, quando as equipes, munidas dos mandados judiciais, invadiram os im\u00f3veis alvos da investiga\u00e7\u00e3o. Utilizando c\u00e3es farejadores, a Pol\u00edcia encontrou expressivas quantidades de drogas, totalizando 0,477 kg de coca\u00edna, 0,030 kg de crack e 0,003 kg de maconha.<\/p>\n\n\n\n<figure class=\"wp-block-embed is-type-video is-provider-youtube wp-block-embed-youtube wp-embed-aspect-4-3 wp-has-aspect-ratio\"><div class=\"wp-block-embed__wrapper\">\n<iframe loading=\"lazy\" title=\"Opera\u00e7\u00e3o Policial Desarticula Esquema de Tr\u00e1fico e Apreende Arma em Ourinhos\/SP\" width=\"640\" height=\"480\" src=\"https:\/\/www.youtube.com\/embed\/VZR_p_mhDtA?feature=oembed\" frameborder=\"0\" allow=\"accelerometer; autoplay; clipboard-write; encrypted-media; gyroscope; picture-in-picture; web-share\" referrerpolicy=\"strict-origin-when-cross-origin\" allowfullscreen><\/iframe>\n<\/div><\/figure>\n\n\n\n<p>Al\u00e9m das subst\u00e2ncias il\u00edcitas, uma pistola da marca Taurus, calibre 9mm, com numera\u00e7\u00e3o suprimida, foi apreendida. O armamento estava munido com um carregador contendo 17 muni\u00e7\u00f5es intactas. Um ve\u00edculo BMW\/320I, de cor preta, tamb\u00e9m foi recolhido durante a opera\u00e7\u00e3o.<\/p>\n\n\n\n<p>A pris\u00e3o dos envolvidos e a apreens\u00e3o do material ilegal foram apresentadas na Delegacia de Investiga\u00e7\u00f5es sobre Entorpecentes (DISE) de Ourinhos, onde J. H. C. e V. M. O. permaneceram \u00e0 disposi\u00e7\u00e3o da Justi\u00e7a.<\/p>\n\n\n\n<p>As investiga\u00e7\u00f5es continuar\u00e3o para identificar poss\u00edveis conex\u00f5es dos detidos com outras atividades il\u00edcitas na regi\u00e3o. A opera\u00e7\u00e3o refor\u00e7a o comprometimento das for\u00e7as de seguran\u00e7a em combater o crime organizado, garantindo a tranquilidade e seguran\u00e7a da popula\u00e7\u00e3o de Ourinhos.<\/p>\n\n\n\n<figure class=\"wp-block-gallery has-nested-images columns-default is-cropped wp-block-gallery-1 is-layout-flex wp-block-gallery-is-layout-flex\">\n<figure class=\"wp-block-image size-thumbnail\"><a href=\"https:\/\/noticiasregionais.com.br\/wp-content\/uploads\/2023\/11\/WhatsApp-Image-2023-11-23-at-14.18.39-1.jpeg\"><img decoding=\"async\" width=\"150\" height=\"150\" data-id=\"1273\" src=\"https:\/\/noticiasregionais.com.br\/wp-content\/uploads\/2023\/11\/WhatsApp-Image-2023-11-23-at-14.18.39-1-150x150.jpeg\" alt=\"\" class=\"wp-image-1273\"\/><\/a><\/figure>\n\n\n\n<figure class=\"wp-block-image size-thumbnail\"><a href=\"https:\/\/noticiasregionais.com.br\/wp-content\/uploads\/2023\/11\/WhatsApp-Image-2023-11-23-at-14.18.40.jpeg\"><img decoding=\"async\" width=\"150\" height=\"150\" data-id=\"1274\" src=\"https:\/\/noticiasregionais.com.br\/wp-content\/uploads\/2023\/11\/WhatsApp-Image-2023-11-23-at-14.18.40-150x150.jpeg\" alt=\"\" class=\"wp-image-1274\"\/><\/a><\/figure>\n\n\n\n<figure class=\"wp-block-image size-thumbnail\"><a href=\"https:\/\/noticiasregionais.com.br\/wp-content\/uploads\/2023\/11\/WhatsApp-Image-2023-11-23-at-14.18.38.jpeg\"><img decoding=\"async\" width=\"150\" height=\"150\" data-id=\"1275\" src=\"https:\/\/noticiasregionais.com.br\/wp-content\/uploads\/2023\/11\/WhatsApp-Image-2023-11-23-at-14.18.38-150x150.jpeg\" alt=\"\" class=\"wp-image-1275\"\/><\/a><\/figure>\n<\/figure>\n<input type=\"hidden\" id=\"baseurl\" value=\"https:\/\/noticiasregionais.com.br\"><input type=\"hidden\" id=\"audio_nonce\" value=\"533fbb67b1\">","protected":false},"excerpt":{"rendered":"<p>Em uma opera\u00e7\u00e3o conjunta entre a Pol\u00edcia Militar e a Pol\u00edcia Civil, realizada na manh\u00e3 desta quinta-feira, resultou na pris\u00e3o&hellip;<\/p>\n","protected":false},"author":1,"featured_media":1272,"comment_status":"closed","ping_status":"open","sticky":false,"template":"","format":"standard","meta":{"sfsi_plus_gutenberg_text_before_share":"","sfsi_plus_gutenberg_show_text_before_share":"","sfsi_plus_gutenberg_icon_type":"","sfsi_plus_gutenberg_icon_alignemt":"","sfsi_plus_gutenburg_max_per_row":"","footnotes":""},"categories":[5,12,1],"tags":[],"class_list":["post-1271","post","type-post","status-publish","format-standard","has-post-thumbnail","hentry","category-ourinhos","category-capa","category-noticias"],"_links":{"self":[{"href":"https:\/\/noticiasregionais.com.br\/index.php?rest_route=\/wp\/v2\/posts\/1271","targetHints":{"allow":["GET"]}}],"collection":[{"href":"https:\/\/noticiasregionais.com.br\/index.php?rest_route=\/wp\/v2\/posts"}],"about":[{"href":"https:\/\/noticiasregionais.com.br\/index.php?rest_route=\/wp\/v2\/types\/post"}],"author":[{"embeddable":true,"href":"https:\/\/noticiasregionais.com.br\/index.php?rest_route=\/wp\/v2\/users\/1"}],"replies":[{"embeddable":true,"href":"https:\/\/noticiasregionais.com.br\/index.php?rest_route=%2Fwp%2Fv2%2Fcomments&post=1271"}],"version-history":[{"count":1,"href":"https:\/\/noticiasregionais.com.br\/index.php?rest_route=\/wp\/v2\/posts\/1271\/revisions"}],"predecessor-version":[{"id":1276,"href":"https:\/\/noticiasregionais.com.br\/index.php?rest_route=\/wp\/v2\/posts\/1271\/revisions\/1276"}],"wp:featuredmedia":[{"embeddable":true,"href":"https:\/\/noticiasregionais.com.br\/index.php?rest_route=\/wp\/v2\/media\/1272"}],"wp:attachment":[{"href":"https:\/\/noticiasregionais.com.br\/index.php?rest_route=%2Fwp%2Fv2%2Fmedia&parent=1271"}],"wp:term":[{"taxonomy":"category","embeddable":true,"href":"https:\/\/noticiasregionais.com.br\/index.php?rest_route=%2Fwp%2Fv2%2Fcategories&post=1271"},{"taxonomy":"post_tag","embeddable":true,"href":"https:\/\/noticiasregionais.com.br\/index.php?rest_route=%2Fwp%2Fv2%2Ftags&post=1271"}],"curies":[{"name":"wp","href":"https:\/\/api.w.org\/{rel}","templated":true}]}}