{"id":12730,"date":"2026-02-05T04:00:00","date_gmt":"2026-02-05T07:00:00","guid":{"rendered":"https:\/\/noticiasregionais.com.br\/?p=12730"},"modified":"2026-02-05T04:00:00","modified_gmt":"2026-02-05T07:00:00","slug":"boi-gordo-hoje-confira-as-cotacoes-para-quinta-feira-5","status":"publish","type":"post","link":"https:\/\/noticiasregionais.com.br\/?p=12730","title":{"rendered":"Boi gordo hoje: confira as cota\u00e7\u00f5es para quinta-feira (5)"},"content":{"rendered":"<p>\t\t\t\t\t\t\t\t\t\t\t<audio controls class=\"b61_audio_player\" data-noticia=\"87575\" src=\"https:\/\/brasil61.com\/rails\/active_storage\/blobs\/eyJfcmFpbHMiOnsibWVzc2FnZSI6IkJBaHBBeVh6QXc9PSIsImV4cCI6bnVsbCwicHVyIjoiYmxvYl9pZCJ9fQ==--26d2d7e165cffad723a4df437f5c654e9e8fc516\/PAGR266088A\"><\/audio><\/p>\n<p>O pre\u00e7o do <b>boi gordo<\/b> nesta<b> quinta-feira (5) <\/b>apresenta <b>valoriza\u00e7\u00e3o;<\/b> a arroba est\u00e1 sendo negociada a<b> R$333,25, no estado de S\u00e3o Paulo.\u00a0<\/b><\/p>\n<\/p>\n<p>\n<b>INDICADOR DO BOI GORDO CEPEA\/ESALQ<\/b><\/p>\n<table id=\"imagenet-indicador-1\">\n<thead>\n<tr>\n<th>Data<\/th>\n<th>Valor R$*<\/th>\n<th>Var.\/Dia<\/th>\n<th>Var.\/M\u00eas<\/th>\n<th>Valor US$*<\/th>\n<\/tr>\n<\/thead>\n<tbody>\n<tr>\n<td>04\/02\/2026<\/td>\n<td>333,25<\/td>\n<td>1,32%<\/td>\n<td>1,94%<\/td>\n<td>63,34<\/td>\n<\/tr>\n<tr>\n<td>03\/02\/2026<\/td>\n<td>328,90<\/td>\n<td>0,52%<\/td>\n<td>0,61%<\/td>\n<td>62,78<\/td>\n<\/tr>\n<tr>\n<td>02\/02\/2026<\/td>\n<td>327,20<\/td>\n<td>0,09%<\/td>\n<td>0,09%<\/td>\n<td>62,24<\/td>\n<\/tr>\n<tr>\n<td>30\/01\/2026<\/td>\n<td>326,90<\/td>\n<td>0,03%<\/td>\n<td>2,41%<\/td>\n<td>62,25<\/td>\n<\/tr>\n<tr>\n<td>29\/01\/2026<\/td>\n<td>326,80<\/td>\n<td>0,25%<\/td>\n<td>2,38%<\/td>\n<td>62,94<\/td>\n<\/tr>\n<\/tbody>\n<\/table>\n<p>Na Grande S\u00e3o Paulo, em S\u00e3o Jos\u00e9 do Rio Preto e em Descalvado, os pre\u00e7os do <strong>frango <\/strong>apresentaram<b> eleva\u00e7\u00e3o. <\/b>O <b>frango congelado<\/b> passou a ser negociado a<b> R$6,96, com alta de 0,87%, <\/b>enquanto o <b>frango resfriad<\/b>o fechou a<b> R$7,02, tamb\u00e9m com alta\u00a0de 0,86%.<\/b><\/p>\n<p>\n<b>PRE\u00c7OS DO FRANGO CONGELADO CEPEA\/ESALQ &#8211; ESTADO SP<\/b><\/p>\n<table id=\"imagenet-indicador-2\">\n<thead>\n<tr>\n<th>Data<\/th>\n<th>Valor R$<\/th>\n<th>Var.\/Dia<\/th>\n<th>Var.\/M\u00eas<\/th>\n<\/tr>\n<\/thead>\n<tbody>\n<tr>\n<td>04\/02\/2026<\/td>\n<td>6,96<\/td>\n<td>0,87%<\/td>\n<td>-0,43%<\/td>\n<\/tr>\n<tr>\n<td>03\/02\/2026<\/td>\n<td>6,90<\/td>\n<td>-0,29%<\/td>\n<td>-1,29%<\/td>\n<\/tr>\n<tr>\n<td>02\/02\/2026<\/td>\n<td>6,92<\/td>\n<td>-1,00%<\/td>\n<td>-1,00%<\/td>\n<\/tr>\n<tr>\n<td>30\/01\/2026<\/td>\n<td>6,99<\/td>\n<td>-1,13%<\/td>\n<td>-13,92%<\/td>\n<\/tr>\n<tr>\n<td>29\/01\/2026<\/td>\n<td>7,07<\/td>\n<td>0,00%<\/td>\n<td>-12,93%<\/td>\n<\/tr>\n<\/tbody>\n<\/table>\n<p><strong>PRE\u00c7OS DO FRANGO RESFRIADO CEPEA\/ESALQ &#8211; ESTADO SP<\/strong><\/p>\n<table id=\"imagenet-indicador-3\">\n<thead>\n<tr>\n<th>Data<\/th>\n<th>Valor R$<\/th>\n<th>Var.\/Dia<\/th>\n<th>Var.\/M\u00eas<\/th>\n<\/tr>\n<\/thead>\n<tbody>\n<tr>\n<td>04\/02\/2026<\/td>\n<td>7,02<\/td>\n<td>0,86%<\/td>\n<td>-0,43%<\/td>\n<\/tr>\n<tr>\n<td>03\/02\/2026<\/td>\n<td>6,96<\/td>\n<td>-0,29%<\/td>\n<td>-1,28%<\/td>\n<\/tr>\n<tr>\n<td>02\/02\/2026<\/td>\n<td>6,98<\/td>\n<td>-0,99%<\/td>\n<td>-0,99%<\/td>\n<\/tr>\n<tr>\n<td>30\/01\/2026<\/td>\n<td>7,05<\/td>\n<td>-1,26%<\/td>\n<td>-13,39%<\/td>\n<\/tr>\n<tr>\n<td>29\/01\/2026<\/td>\n<td>7,14<\/td>\n<td>0,00%<\/td>\n<td>-12,29%<\/td>\n<\/tr>\n<\/tbody>\n<\/table>\n<h2>Pre\u00e7o da carca\u00e7a su\u00edna especial e su\u00edno vivo<\/h2>\n<p>A <b>carca\u00e7a su\u00edna especial <\/b>apresenta <b>estabilidade, sendo negociada a R$10,81,<em> <\/em><\/b>por quilo, nos atacados da Grande S\u00e3o Paulo.<\/p>\n<p>O <b>su\u00edno vivo tamb\u00e9m registra estabilidade<\/b> na maior parte dos estados, com destaque para<b> S\u00e3o Paulo,<\/b> onde o animal \u00e9<b> comercializado a R$6,94.<\/b><br \/>\n\u00a0<\/p>\n<p><b>PRE\u00c7OS DA CARCA\u00c7A SU\u00cdNA ESPECIAL (R$\/kg)<\/b><\/p>\n<table id=\"imagenet-indicador-4\">\n<thead>\n<tr>\n<th>Data<\/th>\n<th>M\u00e9dia<\/th>\n<th>Var.\/Dia<\/th>\n<th>Var.\/M\u00eas<\/th>\n<\/tr>\n<\/thead>\n<tbody>\n<tr>\n<td>04\/02\/2026<\/td>\n<td>10,81<\/td>\n<td>0,00%<\/td>\n<td>-2,88%<\/td>\n<\/tr>\n<tr>\n<td>03\/02\/2026<\/td>\n<td>10,81<\/td>\n<td>-2,61%<\/td>\n<td>-2,88%<\/td>\n<\/tr>\n<tr>\n<td>02\/02\/2026<\/td>\n<td>11,10<\/td>\n<td>-0,27%<\/td>\n<td>-0,27%<\/td>\n<\/tr>\n<tr>\n<td>30\/01\/2026<\/td>\n<td>11,13<\/td>\n<td>0,00%<\/td>\n<td>-13,45%<\/td>\n<\/tr>\n<tr>\n<td>29\/01\/2026<\/td>\n<td>11,13<\/td>\n<td>0,18%<\/td>\n<td>-13,45%<\/td>\n<\/tr>\n<\/tbody>\n<\/table>\n<p><strong>INDICADOR DO SU\u00cdNO VIVO CEPEA\/ESALQ (R$\/kg)<\/strong><\/p>\n<table id=\"imagenet-indicador-5\">\n<thead>\n<tr>\n<th>Data<\/th>\n<th>Estado<\/th>\n<th>Valor R$*<\/th>\n<th>Var.\/Dia<\/th>\n<th>Var.\/M\u00eas<\/th>\n<\/tr>\n<\/thead>\n<tbody>\n<tr>\n<td>04\/02\/2026<\/td>\n<td>MG &#8211; posto<\/td>\n<td>6,76<\/td>\n<td>0,00%<\/td>\n<td>-4,52%<\/td>\n<\/tr>\n<tr>\n<td>04\/02\/2026<\/td>\n<td>PR &#8211; a retirar<\/td>\n<td>6,72<\/td>\n<td>0,00%<\/td>\n<td>-1,03%<\/td>\n<\/tr>\n<tr>\n<td>04\/02\/2026<\/td>\n<td>RS &#8211; a retirar<\/td>\n<td>6,76<\/td>\n<td>-0,59%<\/td>\n<td>0,00%<\/td>\n<\/tr>\n<tr>\n<td>04\/02\/2026<\/td>\n<td>SC &#8211; a retirar<\/td>\n<td>6,64<\/td>\n<td>-0,60%<\/td>\n<td>-1,04%<\/td>\n<\/tr>\n<tr>\n<td>04\/02\/2026<\/td>\n<td>SP &#8211; posto<\/td>\n<td>6,94<\/td>\n<td>0,00%<\/td>\n<td>-2,12%<\/td>\n<\/tr>\n<\/tbody>\n<\/table>\n<p>Os valores s\u00e3o do <a href=\"https:\/\/www.cepea.org.br\/br\/indicador\/suino.aspx\" target=\"_blank\" rel=\"noopener\">Cepea<\/a>.<\/p>\n<h2>O que \u00e9 o boi gordo? Entenda o termo do mercado bovino<\/h2>\n<p>O boi gordo \u00e9 o bovino macho pronto para o abate, com peso m\u00ednimo de 16 arrobas l\u00edquidas de carca\u00e7a (aproximadamente 240 kg) e at\u00e9 42 meses de idade. Atende aos padr\u00f5es do mercado nacional e internacional, incluindo exporta\u00e7\u00f5es para Europa, China e cota Hilton.<\/p>\n<h2>Diferen\u00e7as entre frango congelado e frango resfriado<\/h2>\n<p>O frango congelado passa por congelamento r\u00e1pido, com temperaturas abaixo de -12\u00b0C, garantindo maior vida \u00fatil para armazenamento e transporte a longas dist\u00e2ncias. J\u00e1 o frango resfriado \u00e9 mantido entre 0\u00b0C e 4\u00b0C, com validade de 5 a 7 dias, oferecendo textura e sabor mais pr\u00f3ximos do fresco, ideal para consumidores exigentes e restaurantes.<\/p>\n<p>\t\t\t\t\t\t\t\t\t\t<img decoding=\"async\" src=\"https:\/\/brasil61.com\/api\/v1\/serve_pixel\/22254\/87575\" alt=\"Pixel Brasil 61\" class=\"b61_pixel\" width=\"0\" height=\"0\"><\/p>\n<div class=\"br61_backlink\">\n<p>\n\t\t\t\tFonte: <a href=\"https:\/\/brasil61.com\/boi-gordo-hoje-confira-as-cotacoes-para-quinta-feira-5-pagr266088\" title=\"Artigo Original: Boi gordo hoje: confira as cota\u00e7\u00f5es para quinta-feira (5)\" target=\"_blank\" rel=\"noopener\">Brasil 61<\/a>\n\t\t\t<\/p>\n<\/p><\/div>\n<input type=\"hidden\" id=\"baseurl\" value=\"https:\/\/noticiasregionais.com.br\"><input type=\"hidden\" id=\"audio_nonce\" value=\"533fbb67b1\">","protected":false},"excerpt":{"rendered":"<p>As cota\u00e7\u00f5es do frango congelado e do frango resfriado apresentam alta; carca\u00e7a su\u00edna registra estabilidade<\/p>\n","protected":false},"author":1,"featured_media":12731,"comment_status":"","ping_status":"open","sticky":false,"template":"","format":"standard","meta":{"sfsi_plus_gutenberg_text_before_share":"","sfsi_plus_gutenberg_show_text_before_share":"","sfsi_plus_gutenberg_icon_type":"","sfsi_plus_gutenberg_icon_alignemt":"","sfsi_plus_gutenburg_max_per_row":"","footnotes":""},"categories":[8],"tags":[],"class_list":["post-12730","post","type-post","status-publish","format-standard","has-post-thumbnail","hentry","category-brasil"],"_links":{"self":[{"href":"https:\/\/noticiasregionais.com.br\/index.php?rest_route=\/wp\/v2\/posts\/12730","targetHints":{"allow":["GET"]}}],"collection":[{"href":"https:\/\/noticiasregionais.com.br\/index.php?rest_route=\/wp\/v2\/posts"}],"about":[{"href":"https:\/\/noticiasregionais.com.br\/index.php?rest_route=\/wp\/v2\/types\/post"}],"author":[{"embeddable":true,"href":"https:\/\/noticiasregionais.com.br\/index.php?rest_route=\/wp\/v2\/users\/1"}],"replies":[{"embeddable":true,"href":"https:\/\/noticiasregionais.com.br\/index.php?rest_route=%2Fwp%2Fv2%2Fcomments&post=12730"}],"version-history":[{"count":0,"href":"https:\/\/noticiasregionais.com.br\/index.php?rest_route=\/wp\/v2\/posts\/12730\/revisions"}],"wp:featuredmedia":[{"embeddable":true,"href":"https:\/\/noticiasregionais.com.br\/index.php?rest_route=\/wp\/v2\/media\/12731"}],"wp:attachment":[{"href":"https:\/\/noticiasregionais.com.br\/index.php?rest_route=%2Fwp%2Fv2%2Fmedia&parent=12730"}],"wp:term":[{"taxonomy":"category","embeddable":true,"href":"https:\/\/noticiasregionais.com.br\/index.php?rest_route=%2Fwp%2Fv2%2Fcategories&post=12730"},{"taxonomy":"post_tag","embeddable":true,"href":"https:\/\/noticiasregionais.com.br\/index.php?rest_route=%2Fwp%2Fv2%2Ftags&post=12730"}],"curies":[{"name":"wp","href":"https:\/\/api.w.org\/{rel}","templated":true}]}}