{"id":12732,"date":"2026-02-05T04:05:00","date_gmt":"2026-02-05T07:05:00","guid":{"rendered":"https:\/\/noticiasregionais.com.br\/?p=12732"},"modified":"2026-02-05T04:05:00","modified_gmt":"2026-02-05T07:05:00","slug":"cafe-hoje-confira-as-cotacoes-para-quinta-feira-5","status":"publish","type":"post","link":"https:\/\/noticiasregionais.com.br\/?p=12732","title":{"rendered":"Caf\u00e9 hoje: confira as cota\u00e7\u00f5es para quinta-feira (5)"},"content":{"rendered":"<p>\t\t\t\t\t\t\t\t\t\t\t<audio controls class=\"b61_audio_player\" data-noticia=\"87574\" src=\"https:\/\/brasil61.com\/rails\/active_storage\/blobs\/eyJfcmFpbHMiOnsibWVzc2FnZSI6IkJBaHBBeWJ6QXc9PSIsImV4cCI6bnVsbCwicHVyIjoiYmxvYl9pZCJ9fQ==--65c8d79d40aad8fb69f5c88ad402acd0e5098da3\/PAGR266087A\"><\/audio><\/p>\n<p>O pre\u00e7o do <b>caf\u00e9 ar\u00e1bica <\/b>nesta <b>quinta-feira (5) <\/b>registra <b>baixa de 2,03% <\/b>e a saca de 60 kg \u00e9 negociada por <b>R$1.931,50, <\/b>na cidade de S\u00e3o Paulo<b>.<\/b><\/p>\n<\/p>\n<p><b>INDICADOR DO CAF\u00c9 AR\u00c1BICA CEPEA\/ESALQ<\/b><\/p>\n<table id=\"imagenet-indicador-1\">\n<thead>\n<tr>\n<th>Data<\/th>\n<th>Valor R$<\/th>\n<th>Var.\/Dia<\/th>\n<th>Var.\/M\u00eas<\/th>\n<th>Valor US$<\/th>\n<\/tr>\n<\/thead>\n<tbody>\n<tr>\n<td>04\/02\/2026<\/td>\n<td>1.931,50<\/td>\n<td>-2,03%<\/td>\n<td>-7,78%<\/td>\n<td>367,14<\/td>\n<\/tr>\n<tr>\n<td>03\/02\/2026<\/td>\n<td>1.971,48<\/td>\n<td>-4,31%<\/td>\n<td>-5,88%<\/td>\n<td>376,31<\/td>\n<\/tr>\n<tr>\n<td>02\/02\/2026<\/td>\n<td>2.060,33<\/td>\n<td>-1,63%<\/td>\n<td>-1,63%<\/td>\n<td>390,73<\/td>\n<\/tr>\n<tr>\n<td>30\/01\/2026<\/td>\n<td>2.094,55<\/td>\n<td>-0,65%<\/td>\n<td>-3,69%<\/td>\n<td>398,89<\/td>\n<\/tr>\n<tr>\n<td>29\/01\/2026<\/td>\n<td>2.108,35<\/td>\n<td>-2,23%<\/td>\n<td>-3,05%<\/td>\n<td>406,08<\/td>\n<\/tr>\n<\/tbody>\n<\/table>\n<p>O <b>caf\u00e9 robusta <\/b>apresentou <b>desvaloriza\u00e7\u00e3o de 1,46% <\/b>e est\u00e1 sendo negociado a <b>R$1.079,10.<\/b><\/p>\n<p>\n<b>INDICADOR DO CAF\u00c9 ROBUSTA CEPEA\/ESALQ<\/b><\/p>\n<table id=\"imagenet-indicador-2\">\n<thead>\n<tr>\n<th>Data<\/th>\n<th>Valor R$<\/th>\n<th>Var.\/Dia<\/th>\n<th>Var.\/M\u00eas<\/th>\n<th>Valor US$<\/th>\n<\/tr>\n<\/thead>\n<tbody>\n<tr>\n<td>04\/02\/2026<\/td>\n<td>1.079,10<\/td>\n<td>-1,46%<\/td>\n<td>-10,97%<\/td>\n<td>205,11<\/td>\n<\/tr>\n<tr>\n<td>03\/02\/2026<\/td>\n<td>1.095,10<\/td>\n<td>-5,20%<\/td>\n<td>-9,65%<\/td>\n<td>209,03<\/td>\n<\/tr>\n<tr>\n<td>02\/02\/2026<\/td>\n<td>1.155,13<\/td>\n<td>-4,69%<\/td>\n<td>-4,69%<\/td>\n<td>219,07<\/td>\n<\/tr>\n<tr>\n<td>30\/01\/2026<\/td>\n<td>1.212,01<\/td>\n<td>-1,26%<\/td>\n<td>-4,11%<\/td>\n<td>230,82<\/td>\n<\/tr>\n<tr>\n<td>29\/01\/2026<\/td>\n<td>1.227,50<\/td>\n<td>-0,93%<\/td>\n<td>-2,88%<\/td>\n<td>236,42<\/td>\n<\/tr>\n<\/tbody>\n<\/table>\n<h2>A\u00e7\u00facar<\/h2>\n<p>O pre\u00e7o do <b>a\u00e7\u00facar cristal <\/b>apresenta <b>queda<\/b> nas principais pra\u00e7as do estado de S\u00e3o Paulo. Na capital, a saca de 50 kg registra<b> baixa, cotada a R$102,82.<\/b><\/p>\n<p><b>INDICADOR DO A\u00c7\u00daCAR CRISTAL BRANCO CEPEA\/ESALQ &#8211; S\u00c3O PAULO<\/b><\/p>\n<table id=\"imagenet-indicador-3\">\n<thead>\n<tr>\n<th>Data<\/th>\n<th>Valor R$*<\/th>\n<th>Var.\/Dia<\/th>\n<th>Var.\/M\u00eas<\/th>\n<th>Valor US$*<\/th>\n<\/tr>\n<\/thead>\n<tbody>\n<tr>\n<td>04\/02\/2026<\/td>\n<td>102,82<\/td>\n<td>-2,83%<\/td>\n<td>-1,97%<\/td>\n<td>19,54<\/td>\n<\/tr>\n<tr>\n<td>03\/02\/2026<\/td>\n<td>105,81<\/td>\n<td>-0,45%<\/td>\n<td>0,88%<\/td>\n<td>20,20<\/td>\n<\/tr>\n<tr>\n<td>02\/02\/2026<\/td>\n<td>106,29<\/td>\n<td>1,33%<\/td>\n<td>1,33%<\/td>\n<td>20,22<\/td>\n<\/tr>\n<tr>\n<td>30\/01\/2026<\/td>\n<td>104,89<\/td>\n<td>0,10%<\/td>\n<td>-4,64%<\/td>\n<td>19,98<\/td>\n<\/tr>\n<tr>\n<td>29\/01\/2026<\/td>\n<td>104,78<\/td>\n<td>0,17%<\/td>\n<td>-4,74%<\/td>\n<td>20,18<\/td>\n<\/tr>\n<\/tbody>\n<\/table>\n<p>Em Santos (SP), a mercadoria \u00e9 negociada a <b>R$108,39;<\/b> a cota\u00e7\u00e3o m\u00e9dia apresenta<b> desvaloriza\u00e7\u00e3o de 0,79%.<\/b><\/p>\n<p><b>INDICADOR A\u00c7\u00daCAR CRISTAL &#8211; SANTOS\u00a0<\/b><\/p>\n<table id=\"imagenet-indicador-4\">\n<thead>\n<tr>\n<th>Data<\/th>\n<th>Valor R$*<\/th>\n<th>Var.\/Dia<\/th>\n<th>Var.\/M\u00eas<\/th>\n<th>Valor US$*<\/th>\n<\/tr>\n<\/thead>\n<tbody>\n<tr>\n<td>04\/02\/2026<\/td>\n<td>108,39<\/td>\n<td>-0,79%<\/td>\n<td>1,03%<\/td>\n<td>20,70<\/td>\n<\/tr>\n<tr>\n<td>03\/02\/2026<\/td>\n<td>109,25<\/td>\n<td>0,88%<\/td>\n<td>1,83%<\/td>\n<td>20,91<\/td>\n<\/tr>\n<tr>\n<td>02\/02\/2026<\/td>\n<td>108,30<\/td>\n<td>0,94%<\/td>\n<td>0,94%<\/td>\n<td>20,59<\/td>\n<\/tr>\n<tr>\n<td>30\/01\/2026<\/td>\n<td>107,29<\/td>\n<td>-1,18%<\/td>\n<td>-8,17%<\/td>\n<td>20,51<\/td>\n<\/tr>\n<tr>\n<td>29\/01\/2026<\/td>\n<td>108,57<\/td>\n<td>-0,10%<\/td>\n<td>-7,07%<\/td>\n<td>20,90<\/td>\n<\/tr>\n<\/tbody>\n<\/table>\n<h2>Milho<\/h2>\n<p>A saca de 60 kg do <strong>milho <\/strong>\u00e9 negociada a <strong>R$66,44, com alta de 0,24%<\/strong>.<\/p>\n<p><strong>INDICADOR DO MILHO ESALQ\/BM&amp;FBOVESPA<\/strong><\/p>\n<table id=\"imagenet-indicador-5\">\n<thead>\n<tr>\n<th>Data<\/th>\n<th>Valor R$*<\/th>\n<th>Var.\/Dia<\/th>\n<th>Var.\/M\u00eas<\/th>\n<th>Valor US$*<\/th>\n<\/tr>\n<\/thead>\n<tbody>\n<tr>\n<td>04\/02\/2026<\/td>\n<td>66,44<\/td>\n<td>0,24%<\/td>\n<td>0,51%<\/td>\n<td>12,63<\/td>\n<\/tr>\n<tr>\n<td>03\/02\/2026<\/td>\n<td>66,28<\/td>\n<td>0,17%<\/td>\n<td>0,27%<\/td>\n<td>12,65<\/td>\n<\/tr>\n<tr>\n<td>02\/02\/2026<\/td>\n<td>66,17<\/td>\n<td>0,11%<\/td>\n<td>0,11%<\/td>\n<td>12,59<\/td>\n<\/tr>\n<tr>\n<td>30\/01\/2026<\/td>\n<td>66,10<\/td>\n<td>0,21%<\/td>\n<td>-4,89%<\/td>\n<td>12,59<\/td>\n<\/tr>\n<tr>\n<td>29\/01\/2026<\/td>\n<td>65,96<\/td>\n<td>0,14%<\/td>\n<td>-5,09%<\/td>\n<td>12,70<\/td>\n<\/tr>\n<\/tbody>\n<\/table>\n<p>\u00a0<\/p>\n<\/p>\n<p>Os dados s\u00e3o do <a href=\"https:\/\/www.cepea.org.br\/br\/indicador\/milho.aspx\" target=\"_blank\" rel=\"noopener\">Cepea<\/a>.<\/p>\n<h2>Diferen\u00e7a entre caf\u00e9 ar\u00e1bica e caf\u00e9 robusta: caracter\u00edsticas, uso e regi\u00f5es produtoras<\/h2>\n<p>Caf\u00e9 ar\u00e1bica e caf\u00e9 robusta s\u00e3o as duas principais variedades cultivadas e comercializadas no Brasil, ambas medidas em sacas de 60 kg.<\/p>\n<ul>\n<li>O caf\u00e9 ar\u00e1bica (conhecido tamb\u00e9m como caf\u00e9 Conilon, em algumas regi\u00f5es) tem sabor mais suave, menor teor de cafe\u00edna e alta qualidade sensorial, sendo preferido em cafeterias especializadas e nas exporta\u00e7\u00f5es de caf\u00e9s premium. Representa cerca de 70% da produ\u00e7\u00e3o brasileira, com destaque para estados como Minas Gerais e S\u00e3o Paulo.<\/li>\n<li>O caf\u00e9 robusta, por sua vez, possui sabor mais amargo, maior concentra\u00e7\u00e3o de cafe\u00edna e corpo mais intenso. \u00c9 amplamente utilizado na produ\u00e7\u00e3o de caf\u00e9 sol\u00favel e blends comerciais. Seus principais polos produtores s\u00e3o o Esp\u00edrito Santo e Rond\u00f4nia, e seu pre\u00e7o costuma ser mais baixo em compara\u00e7\u00e3o ao ar\u00e1bica, por conta do perfil mais industrial.<\/li>\n<\/ul>\n<h2>Como \u00e9 calculada a saca de a\u00e7\u00facar cristal?<\/h2>\n<p>A saca de a\u00e7\u00facar cristal no Brasil \u00e9 padronizada em 50 quilos, especialmente para comercializa\u00e7\u00e3o no mercado atacadista e para uso na ind\u00fastria aliment\u00edcia. Essa unidade de medida \u00e9 adotada pelo <a href=\"https:\/\/www.cepea.org.br\/br\/indicador\/milho.aspx\" target=\"_blank\" rel=\"noopener\">Cepea\/Esalq-USP<\/a>, principal fonte de cota\u00e7\u00f5es di\u00e1rias do a\u00e7\u00facar cristal no pa\u00eds.<\/p>\n<h2>Qual o peso da saca de milho no Brasil?<\/h2>\n<p>A saca de milho equivale a 60 kg de gr\u00e3os, mesmo padr\u00e3o utilizado para soja e trigo. Essa medida \u00e9 oficializada por institui\u00e7\u00f5es como a <strong>Companhia Nacional de Abastecimento <\/strong>(<a href=\"https:\/\/www.gov.br\/conab\/pt-br\" target=\"_blank\" rel=\"noopener\">Conab<\/a>), o Minist\u00e9rio da Agricultura (<a href=\"https:\/\/www.gov.br\/agricultura\/pt-br\" target=\"_blank\" rel=\"noopener\">MAPA<\/a>) e o <a href=\"https:\/\/www.cepea.org.br\/br\/indicador\/milho.aspx\" target=\"_blank\" rel=\"noopener\">Cepea<\/a>, sendo amplamente usada em negocia\u00e7\u00f5es e relat\u00f3rios de pre\u00e7o do milho.<\/p>\n<p>\n\u00a0<\/p>\n<p>\n\u00a0<\/p>\n<p>\t\t\t\t\t\t\t\t\t\t<img decoding=\"async\" src=\"https:\/\/brasil61.com\/api\/v1\/serve_pixel\/22254\/87574\" alt=\"Pixel Brasil 61\" class=\"b61_pixel\" width=\"0\" height=\"0\"><\/p>\n<div class=\"br61_backlink\">\n<p>\n\t\t\t\tFonte: <a href=\"https:\/\/brasil61.com\/cafe-hoje-confira-as-cotacoes-para-quinta-feira-5-pagr266087\" title=\"Artigo Original: Caf\u00e9 hoje: confira as cota\u00e7\u00f5es para quinta-feira (5)\" target=\"_blank\" rel=\"noopener\">Brasil 61<\/a>\n\t\t\t<\/p>\n<\/p><\/div>\n<input type=\"hidden\" id=\"baseurl\" value=\"https:\/\/noticiasregionais.com.br\"><input type=\"hidden\" id=\"audio_nonce\" value=\"533fbb67b1\">","protected":false},"excerpt":{"rendered":"<p>Veja os valores do caf\u00e9 ar\u00e1bica, caf\u00e9 robusta, a\u00e7\u00facar cristal e do milho no mercado<\/p>\n","protected":false},"author":1,"featured_media":12733,"comment_status":"","ping_status":"open","sticky":false,"template":"","format":"standard","meta":{"sfsi_plus_gutenberg_text_before_share":"","sfsi_plus_gutenberg_show_text_before_share":"","sfsi_plus_gutenberg_icon_type":"","sfsi_plus_gutenberg_icon_alignemt":"","sfsi_plus_gutenburg_max_per_row":"","footnotes":""},"categories":[8],"tags":[],"class_list":["post-12732","post","type-post","status-publish","format-standard","has-post-thumbnail","hentry","category-brasil"],"_links":{"self":[{"href":"https:\/\/noticiasregionais.com.br\/index.php?rest_route=\/wp\/v2\/posts\/12732","targetHints":{"allow":["GET"]}}],"collection":[{"href":"https:\/\/noticiasregionais.com.br\/index.php?rest_route=\/wp\/v2\/posts"}],"about":[{"href":"https:\/\/noticiasregionais.com.br\/index.php?rest_route=\/wp\/v2\/types\/post"}],"author":[{"embeddable":true,"href":"https:\/\/noticiasregionais.com.br\/index.php?rest_route=\/wp\/v2\/users\/1"}],"replies":[{"embeddable":true,"href":"https:\/\/noticiasregionais.com.br\/index.php?rest_route=%2Fwp%2Fv2%2Fcomments&post=12732"}],"version-history":[{"count":0,"href":"https:\/\/noticiasregionais.com.br\/index.php?rest_route=\/wp\/v2\/posts\/12732\/revisions"}],"wp:featuredmedia":[{"embeddable":true,"href":"https:\/\/noticiasregionais.com.br\/index.php?rest_route=\/wp\/v2\/media\/12733"}],"wp:attachment":[{"href":"https:\/\/noticiasregionais.com.br\/index.php?rest_route=%2Fwp%2Fv2%2Fmedia&parent=12732"}],"wp:term":[{"taxonomy":"category","embeddable":true,"href":"https:\/\/noticiasregionais.com.br\/index.php?rest_route=%2Fwp%2Fv2%2Fcategories&post=12732"},{"taxonomy":"post_tag","embeddable":true,"href":"https:\/\/noticiasregionais.com.br\/index.php?rest_route=%2Fwp%2Fv2%2Ftags&post=12732"}],"curies":[{"name":"wp","href":"https:\/\/api.w.org\/{rel}","templated":true}]}}