{"id":1277,"date":"2023-11-23T20:21:20","date_gmt":"2023-11-23T23:21:20","guid":{"rendered":"https:\/\/noticiasregionais.com.br\/?p=1277"},"modified":"2023-11-23T20:21:32","modified_gmt":"2023-11-23T23:21:32","slug":"prefeitura-de-ourinhos-fara-entrega-de-cordao-de-girassois-a-pessoas-com-deficiencias-ocultas","status":"publish","type":"post","link":"https:\/\/noticiasregionais.com.br\/?p=1277","title":{"rendered":"Prefeitura de Ourinhos far\u00e1 entrega de cord\u00e3o de girass\u00f3is a pessoas com defici\u00eancias ocultas"},"content":{"rendered":"\n<p>A Prefeitura de Ourinhos, por meio da Secretaria de Inclus\u00e3o, com o apoio da R\u00e1dio Melodia FM, far\u00e1 a entrega dos Cord\u00f5es de Girass\u00f3is, que s\u00e3o fitas de identifica\u00e7\u00e3o de pessoas com defici\u00eancias ocultas ou que n\u00e3o podem ser identificadas de imediato.<\/p>\n\n\n\n<p>A distribui\u00e7\u00e3o gratuita do cord\u00e3o de girassol est\u00e1 prevista na Lei 14.624, sancionada em 17 de julho de 2023, a qual destaca a import\u00e2ncia da inclus\u00e3o social das pessoas com defici\u00eancia e sinaliza a prefer\u00eancia de atendimento e suporte diferenciado a pessoas em caso de surdez, Transtorno do Espectro Autista (TEA), algumas defici\u00eancias intelectuais, entre outras.<\/p>\n\n\n\n<p>As pessoas com defici\u00eancia interessadas precisam apresentar uma c\u00f3pia do laudo m\u00e9dico podendo retirar o cord\u00e3o gratuitamente na Secretaria de Inclus\u00e3o situada \u00e0 Avenida Ant\u00f4nio de Almeida, 685.<\/p>\n<input type=\"hidden\" id=\"baseurl\" value=\"https:\/\/noticiasregionais.com.br\"><input type=\"hidden\" id=\"audio_nonce\" value=\"533fbb67b1\">","protected":false},"excerpt":{"rendered":"<p>A Prefeitura de Ourinhos, por meio da Secretaria de Inclus\u00e3o, com o apoio da R\u00e1dio Melodia FM, far\u00e1 a entrega&hellip;<\/p>\n","protected":false},"author":1,"featured_media":1279,"comment_status":"closed","ping_status":"open","sticky":false,"template":"","format":"standard","meta":{"sfsi_plus_gutenberg_text_before_share":"","sfsi_plus_gutenberg_show_text_before_share":"","sfsi_plus_gutenberg_icon_type":"","sfsi_plus_gutenberg_icon_alignemt":"","sfsi_plus_gutenburg_max_per_row":"","footnotes":""},"categories":[5,10,1],"tags":[],"class_list":["post-1277","post","type-post","status-publish","format-standard","has-post-thumbnail","hentry","category-ourinhos","category-destaques","category-noticias"],"_links":{"self":[{"href":"https:\/\/noticiasregionais.com.br\/index.php?rest_route=\/wp\/v2\/posts\/1277","targetHints":{"allow":["GET"]}}],"collection":[{"href":"https:\/\/noticiasregionais.com.br\/index.php?rest_route=\/wp\/v2\/posts"}],"about":[{"href":"https:\/\/noticiasregionais.com.br\/index.php?rest_route=\/wp\/v2\/types\/post"}],"author":[{"embeddable":true,"href":"https:\/\/noticiasregionais.com.br\/index.php?rest_route=\/wp\/v2\/users\/1"}],"replies":[{"embeddable":true,"href":"https:\/\/noticiasregionais.com.br\/index.php?rest_route=%2Fwp%2Fv2%2Fcomments&post=1277"}],"version-history":[{"count":1,"href":"https:\/\/noticiasregionais.com.br\/index.php?rest_route=\/wp\/v2\/posts\/1277\/revisions"}],"predecessor-version":[{"id":1280,"href":"https:\/\/noticiasregionais.com.br\/index.php?rest_route=\/wp\/v2\/posts\/1277\/revisions\/1280"}],"wp:featuredmedia":[{"embeddable":true,"href":"https:\/\/noticiasregionais.com.br\/index.php?rest_route=\/wp\/v2\/media\/1279"}],"wp:attachment":[{"href":"https:\/\/noticiasregionais.com.br\/index.php?rest_route=%2Fwp%2Fv2%2Fmedia&parent=1277"}],"wp:term":[{"taxonomy":"category","embeddable":true,"href":"https:\/\/noticiasregionais.com.br\/index.php?rest_route=%2Fwp%2Fv2%2Fcategories&post=1277"},{"taxonomy":"post_tag","embeddable":true,"href":"https:\/\/noticiasregionais.com.br\/index.php?rest_route=%2Fwp%2Fv2%2Ftags&post=1277"}],"curies":[{"name":"wp","href":"https:\/\/api.w.org\/{rel}","templated":true}]}}