{"id":1281,"date":"2023-11-24T18:53:08","date_gmt":"2023-11-24T21:53:08","guid":{"rendered":"https:\/\/noticiasregionais.com.br\/?p=1281"},"modified":"2023-11-24T18:53:20","modified_gmt":"2023-11-24T21:53:20","slug":"governo-de-sp-muda-datas-do-provao-paulista-em-razao-de-greve-nos-trens-e-metro","status":"publish","type":"post","link":"https:\/\/noticiasregionais.com.br\/?p=1281","title":{"rendered":"Governo de SP muda datas do Prov\u00e3o Paulista em raz\u00e3o de greve nos trens e metr\u00f4"},"content":{"rendered":"\n<p class=\"has-text-align-center\"><strong>Medida visa preservar direitos de 1,2 milh\u00e3o de estudantes que buscam acesso \u00e0s universidades p\u00fablicas paulistas<\/strong><\/p>\n\n\n\n<p>A Secretaria da Educa\u00e7\u00e3o (<a href=\"https:\/\/www.educacao.sp.gov.br\/institucional\/a-secretaria\/\" target=\"_blank\" rel=\"noreferrer noopener\">Seduc-SP<\/a>) informa que, por conta da paralisa\u00e7\u00e3o anunciada pelos metrovi\u00e1rios, ferrovi\u00e1rios e funcion\u00e1rios da&nbsp;<a href=\"https:\/\/site.sabesp.com.br\/site\/interna\/subHome.aspx?secaoId=3\" target=\"_blank\" rel=\"noreferrer noopener\">Sabesp<\/a>, o cronograma de aplica\u00e7\u00e3o do&nbsp;<a href=\"https:\/\/www.saopaulo.sp.gov.br\/ultimas-noticias\/provao-paulista-seriado-educacao-de-sp-abre-prazo-para-opcoes-de-cursos-superiores\/\" target=\"_blank\" rel=\"noreferrer noopener\">Prov\u00e3o Paulista<\/a>&nbsp;ser\u00e1 alterado nos 645 munic\u00edpios de modo a garantir que nenhum aluno seja impactado no dia da avalia\u00e7\u00e3o. A pasta lamenta a decis\u00e3o, mas age para evitar que uma greve abusiva no transporte sobre trilhos da capital prejudique a dezenas de milhares de estudantes.<\/p>\n\n\n\n<p>A paralisa\u00e7\u00e3o marcada para a pr\u00f3xima ter\u00e7a-feira (28) \u00e9 motivada por interesses exclusivamente pol\u00edticos, j\u00e1 que a pauta principal dos sindicatos n\u00e3o \u00e9 ligada a causas trabalhistas. A irresponsabilidade e a inconsequ\u00eancia dos grevistas prejudicam diretamente 1,2 milh\u00e3o de estudantes inscritos para as provas que come\u00e7ariam justamente no dia 28. Entre eles, cerca de 1.7 mil alunos de outros estados e de fora da rede estadual que agora ter\u00e3o de arcar com novos custos em raz\u00e3o da greve.<\/p>\n\n\n\n<p>Os alunos da 3\u00aa s\u00e9rie do ensino m\u00e9dio, que fariam o Prov\u00e3o Paulista nos dias 28 e 29, agora participar\u00e3o nos dias 29 e 30 de novembro, quarta e quinta-feira, respectivamente.<\/p>\n\n\n\n<p>Estudantes da 1\u00aa e 2\u00aa s\u00e9ries, com prova agendada originalmente para os dias 30 de novembro (quinta) e 1\u00ba de dezembro (sexta), tiveram os testes transferidos para os dias 1\u00ba (sexta) e 4 de dezembro (segunda).<\/p>\n\n\n\n<p>A Secretaria da Educa\u00e7\u00e3o refor\u00e7a que lamenta a decis\u00e3o, mas que a solu\u00e7\u00e3o encontrada tem por objetivo n\u00e3o prejudicar os estudantes da rede estadual, que em sua maioria dependem do transporte p\u00fablico. Todos os alunos inscritos no Prov\u00e3o Paulista, inclusive os que vierem de outros munic\u00edpios e estados para a capital, dever\u00e3o seguir as novas datas estipuladas para a realiza\u00e7\u00e3o das provas.<\/p>\n\n\n\n<p>Para mais informa\u00e7\u00f5es sobre o Prov\u00e3o Paulista Seriado, acesse o site\u00a0<a href=\"http:\/\/www.educacao.sp.gov.br\/\" target=\"_blank\" rel=\"noreferrer noopener\">www.educacao.sp.gov.br<\/a><\/p>\n\n\n\n<p><strong><sub>fonte: Portal do Governo do Estado de S\u00e3o Paulo<\/sub><\/strong><\/p>\n<input type=\"hidden\" id=\"baseurl\" value=\"https:\/\/noticiasregionais.com.br\"><input type=\"hidden\" id=\"audio_nonce\" value=\"533fbb67b1\">","protected":false},"excerpt":{"rendered":"<p>Medida visa preservar direitos de 1,2 milh\u00e3o de estudantes que buscam acesso \u00e0s universidades p\u00fablicas paulistas A Secretaria da Educa\u00e7\u00e3o&hellip;<\/p>\n","protected":false},"author":1,"featured_media":1282,"comment_status":"closed","ping_status":"open","sticky":false,"template":"","format":"standard","meta":{"sfsi_plus_gutenberg_text_before_share":"","sfsi_plus_gutenberg_show_text_before_share":"","sfsi_plus_gutenberg_icon_type":"","sfsi_plus_gutenberg_icon_alignemt":"","sfsi_plus_gutenburg_max_per_row":"","footnotes":""},"categories":[6,10,1],"tags":[],"class_list":["post-1281","post","type-post","status-publish","format-standard","has-post-thumbnail","hentry","category-sao_paulo","category-destaques","category-noticias"],"_links":{"self":[{"href":"https:\/\/noticiasregionais.com.br\/index.php?rest_route=\/wp\/v2\/posts\/1281","targetHints":{"allow":["GET"]}}],"collection":[{"href":"https:\/\/noticiasregionais.com.br\/index.php?rest_route=\/wp\/v2\/posts"}],"about":[{"href":"https:\/\/noticiasregionais.com.br\/index.php?rest_route=\/wp\/v2\/types\/post"}],"author":[{"embeddable":true,"href":"https:\/\/noticiasregionais.com.br\/index.php?rest_route=\/wp\/v2\/users\/1"}],"replies":[{"embeddable":true,"href":"https:\/\/noticiasregionais.com.br\/index.php?rest_route=%2Fwp%2Fv2%2Fcomments&post=1281"}],"version-history":[{"count":1,"href":"https:\/\/noticiasregionais.com.br\/index.php?rest_route=\/wp\/v2\/posts\/1281\/revisions"}],"predecessor-version":[{"id":1283,"href":"https:\/\/noticiasregionais.com.br\/index.php?rest_route=\/wp\/v2\/posts\/1281\/revisions\/1283"}],"wp:featuredmedia":[{"embeddable":true,"href":"https:\/\/noticiasregionais.com.br\/index.php?rest_route=\/wp\/v2\/media\/1282"}],"wp:attachment":[{"href":"https:\/\/noticiasregionais.com.br\/index.php?rest_route=%2Fwp%2Fv2%2Fmedia&parent=1281"}],"wp:term":[{"taxonomy":"category","embeddable":true,"href":"https:\/\/noticiasregionais.com.br\/index.php?rest_route=%2Fwp%2Fv2%2Fcategories&post=1281"},{"taxonomy":"post_tag","embeddable":true,"href":"https:\/\/noticiasregionais.com.br\/index.php?rest_route=%2Fwp%2Fv2%2Ftags&post=1281"}],"curies":[{"name":"wp","href":"https:\/\/api.w.org\/{rel}","templated":true}]}}