{"id":1284,"date":"2023-11-24T19:34:52","date_gmt":"2023-11-24T22:34:52","guid":{"rendered":"https:\/\/noticiasregionais.com.br\/?p=1284"},"modified":"2023-11-24T19:35:04","modified_gmt":"2023-11-24T22:35:04","slug":"comercio-de-ourinhos-abrira-em-horario-especial-a-partir-de-8-de-dezembro","status":"publish","type":"post","link":"https:\/\/noticiasregionais.com.br\/?p=1284","title":{"rendered":"Com\u00e9rcio de Ourinhos abrir\u00e1 em hor\u00e1rio especial a partir de 8 de dezembro"},"content":{"rendered":"\n<p>Prepare-se para o encanto das compras de Natal: o hor\u00e1rio especial de abertura do com\u00e9rcio de Ourinhos ter\u00e1 in\u00edcio no dia 08 de dezembro.<\/p>\n\n\n\n<p>\u00c9 o momento de realizar as compras que precisa, aproveitar as promo\u00e7\u00f5es e presentear.<\/p>\n\n\n\n<p>O hor\u00e1rio especial funcionar\u00e1 da seguinte forma em dezembro:<\/p>\n\n\n\n<p>Dias 02, 09, 16, 23 e 30 (s\u00e1bados) \u2013 das 9h \u00e0s 17h.<br>Dias 3 e 10 (Domingos) \u2013 Com\u00e9rcio fechado.<br>Dias 1, 4, 5, 6, 7, 27, 28, e 29 \u2013 das 9h \u00e0s 18h (segunda a sexta feira).<\/p>\n\n\n\n<p>\ud83c\udf1fDias 8, 11, 12, 13,14, 15, 18, 19, 20, 21, e 22 \u2013 das 9h \u00e0s 22h (segunda a<br>sexta-feira)\ud83c\udf1f<\/p>\n\n\n\n<p>Dia 17 de dezembro (domingo) \u2013 das 9h \u00e0s 17h.<br>Dia 24 V\u00e9spera de Natal (domingo) \u2013 das 9h \u00e0s 14 h.<br>feira).<br>Dia 25 (Natal) \u2013 Com\u00e9rcio fechado.<br>Dia 26 \u2013 das 13 h \u00e0s 18 h (segunda<br>Dia 31 (V\u00e9spera de Ano Novo) \u2013 com\u00e9rcio fechado.<\/p>\n\n\n\n<p>Ourinhos \u00e9 polo regional do com\u00e9rcio, atrai milhares de pessoas para as compras de Natal e para que os clientes possam se sentir ainda mais acolhidos, a Associa\u00e7\u00e3o Comercial e Empresarial de Ourinhos protocolou na Prefeitura um pedido de manuten\u00e7\u00e3o e melhorias no cal\u00e7ad\u00e3o da Rua Paran\u00e1.<\/p>\n\n\n\n<p>\u201cA expectativa de vendas para o Natal \u00e9 muito positiva. Por isso, esperamos que o poder p\u00fablico realize a manuten\u00e7\u00e3o no cal\u00e7ad\u00e3o e imedia\u00e7\u00f5es, deixando a cidade ainda mais acolhedora. A ACE refor\u00e7a seu compromisso em unir esfor\u00e7os para o desenvolvimento local, proporcionando todo o suporte aos neg\u00f3cios e apoio para nossos associados\u201d, destacou o presidente Robson Martuchi.<\/p>\n\n\n<div class=\"wp-block-image\">\n<figure class=\"aligncenter size-large\"><img decoding=\"async\" width=\"819\" height=\"1024\" src=\"https:\/\/noticiasregionais.com.br\/wp-content\/uploads\/2023\/11\/WhatsApp-Image-2023-11-24-at-15.24.41-819x1024.jpeg\" alt=\"\" class=\"wp-image-1285\" srcset=\"https:\/\/noticiasregionais.com.br\/wp-content\/uploads\/2023\/11\/WhatsApp-Image-2023-11-24-at-15.24.41-819x1024.jpeg 819w, https:\/\/noticiasregionais.com.br\/wp-content\/uploads\/2023\/11\/WhatsApp-Image-2023-11-24-at-15.24.41-240x300.jpeg 240w, https:\/\/noticiasregionais.com.br\/wp-content\/uploads\/2023\/11\/WhatsApp-Image-2023-11-24-at-15.24.41-768x960.jpeg 768w, https:\/\/noticiasregionais.com.br\/wp-content\/uploads\/2023\/11\/WhatsApp-Image-2023-11-24-at-15.24.41-1229x1536.jpeg 1229w, https:\/\/noticiasregionais.com.br\/wp-content\/uploads\/2023\/11\/WhatsApp-Image-2023-11-24-at-15.24.41.jpeg 1280w\" sizes=\"(max-width: 819px) 100vw, 819px\" \/><\/figure>\n<\/div><input type=\"hidden\" id=\"baseurl\" value=\"https:\/\/noticiasregionais.com.br\"><input type=\"hidden\" id=\"audio_nonce\" value=\"533fbb67b1\">","protected":false},"excerpt":{"rendered":"<p>Prepare-se para o encanto das compras de Natal: o hor\u00e1rio especial de abertura do com\u00e9rcio de Ourinhos ter\u00e1 in\u00edcio no&hellip;<\/p>\n","protected":false},"author":1,"featured_media":1286,"comment_status":"closed","ping_status":"open","sticky":false,"template":"","format":"standard","meta":{"sfsi_plus_gutenberg_text_before_share":"","sfsi_plus_gutenberg_show_text_before_share":"","sfsi_plus_gutenberg_icon_type":"","sfsi_plus_gutenberg_icon_alignemt":"","sfsi_plus_gutenburg_max_per_row":"","footnotes":""},"categories":[5,10,1],"tags":[],"class_list":["post-1284","post","type-post","status-publish","format-standard","has-post-thumbnail","hentry","category-ourinhos","category-destaques","category-noticias"],"_links":{"self":[{"href":"https:\/\/noticiasregionais.com.br\/index.php?rest_route=\/wp\/v2\/posts\/1284","targetHints":{"allow":["GET"]}}],"collection":[{"href":"https:\/\/noticiasregionais.com.br\/index.php?rest_route=\/wp\/v2\/posts"}],"about":[{"href":"https:\/\/noticiasregionais.com.br\/index.php?rest_route=\/wp\/v2\/types\/post"}],"author":[{"embeddable":true,"href":"https:\/\/noticiasregionais.com.br\/index.php?rest_route=\/wp\/v2\/users\/1"}],"replies":[{"embeddable":true,"href":"https:\/\/noticiasregionais.com.br\/index.php?rest_route=%2Fwp%2Fv2%2Fcomments&post=1284"}],"version-history":[{"count":1,"href":"https:\/\/noticiasregionais.com.br\/index.php?rest_route=\/wp\/v2\/posts\/1284\/revisions"}],"predecessor-version":[{"id":1287,"href":"https:\/\/noticiasregionais.com.br\/index.php?rest_route=\/wp\/v2\/posts\/1284\/revisions\/1287"}],"wp:featuredmedia":[{"embeddable":true,"href":"https:\/\/noticiasregionais.com.br\/index.php?rest_route=\/wp\/v2\/media\/1286"}],"wp:attachment":[{"href":"https:\/\/noticiasregionais.com.br\/index.php?rest_route=%2Fwp%2Fv2%2Fmedia&parent=1284"}],"wp:term":[{"taxonomy":"category","embeddable":true,"href":"https:\/\/noticiasregionais.com.br\/index.php?rest_route=%2Fwp%2Fv2%2Fcategories&post=1284"},{"taxonomy":"post_tag","embeddable":true,"href":"https:\/\/noticiasregionais.com.br\/index.php?rest_route=%2Fwp%2Fv2%2Ftags&post=1284"}],"curies":[{"name":"wp","href":"https:\/\/api.w.org\/{rel}","templated":true}]}}