{"id":1288,"date":"2023-11-25T10:11:25","date_gmt":"2023-11-25T13:11:25","guid":{"rendered":"https:\/\/noticiasregionais.com.br\/?p=1288"},"modified":"2023-11-25T10:11:37","modified_gmt":"2023-11-25T13:11:37","slug":"policia-militar-rodoviaria-prende-motorista-de-caminhao-e-recupera-veiculo-roubado","status":"publish","type":"post","link":"https:\/\/noticiasregionais.com.br\/?p=1288","title":{"rendered":"Pol\u00edcia Militar Rodovi\u00e1ria prende motorista de caminh\u00e3o e recupera ve\u00edculo roubado"},"content":{"rendered":"\n<p>A Pol\u00edcia Militar Rodovi\u00e1ria (PMRv) prendeu um motorista de caminh\u00e3o e recuperou um ve\u00edculo roubado na madrugada desta sexta-feira (25), na Rodovia Raposo Tavares, em Assis.<\/p>\n\n\n\n<p>De acordo com a PMRv, uma equipe do 1\u00ba Pelot\u00e3o da 3\u00aa Companhia do 2\u00ba Batalh\u00e3o, realizava a Opera\u00e7\u00e3o Impacto, quando abordou um caminh\u00e3o IVECO\/STRALIS, com placas de S\u00e3o Louren\u00e7o do Sul\/RS, que tracionava um semirreboque REB\/RANDON SR GR TR, placa tamb\u00e9m de S\u00e3o Louren\u00e7o do Sul\/RS.<\/p>\n\n\n\n<p>O motorista, um homem de 44 anos, natural de Maring\u00e1\/PR, demonstrou nervosismo durante a entrevista com os policiais. Al\u00e9m disso, as respostas do homem sobre o itiner\u00e1rio da viagem eram desconexas.<\/p>\n\n\n\n<p>Diante disso, os policiais iniciaram uma vistoria e identifica\u00e7\u00e3o veicular minuciosa. O homem confessou que o ve\u00edculo havia sido roubado em Guarulhos\/SP, e que receberia R$1.000,00 para transportar o ve\u00edculo at\u00e9 Amambai\/MS.<\/p>\n\n\n\n<p>Diante dos fatos, foi exarada voz de pris\u00e3o em flagrante delito ao homem, pelo crime de roubo. Ele foi encaminhado para o Plant\u00e3o Policial de Assis, onde permaneceu \u00e0 disposi\u00e7\u00e3o da Pol\u00edcia Civil.<\/p>\n\n\n\n<p>Al\u00e9m do ve\u00edculo roubado, tamb\u00e9m foi recuperado o caminh\u00e3o que o transportava.<\/p>\n\n\n\n<p>A a\u00e7\u00e3o da PMRv foi importante para a seguran\u00e7a p\u00fablica, pois impediu que o ve\u00edculo roubado fosse entregue aos criminosos.<\/p>\n<input type=\"hidden\" id=\"baseurl\" value=\"https:\/\/noticiasregionais.com.br\"><input type=\"hidden\" id=\"audio_nonce\" value=\"533fbb67b1\">","protected":false},"excerpt":{"rendered":"<p>A Pol\u00edcia Militar Rodovi\u00e1ria (PMRv) prendeu um motorista de caminh\u00e3o e recuperou um ve\u00edculo roubado na madrugada desta sexta-feira (25),&hellip;<\/p>\n","protected":false},"author":1,"featured_media":1289,"comment_status":"closed","ping_status":"open","sticky":false,"template":"","format":"standard","meta":{"sfsi_plus_gutenberg_text_before_share":"","sfsi_plus_gutenberg_show_text_before_share":"","sfsi_plus_gutenberg_icon_type":"","sfsi_plus_gutenberg_icon_alignemt":"","sfsi_plus_gutenburg_max_per_row":"","footnotes":""},"categories":[6,12,1],"tags":[],"class_list":["post-1288","post","type-post","status-publish","format-standard","has-post-thumbnail","hentry","category-sao_paulo","category-capa","category-noticias"],"_links":{"self":[{"href":"https:\/\/noticiasregionais.com.br\/index.php?rest_route=\/wp\/v2\/posts\/1288","targetHints":{"allow":["GET"]}}],"collection":[{"href":"https:\/\/noticiasregionais.com.br\/index.php?rest_route=\/wp\/v2\/posts"}],"about":[{"href":"https:\/\/noticiasregionais.com.br\/index.php?rest_route=\/wp\/v2\/types\/post"}],"author":[{"embeddable":true,"href":"https:\/\/noticiasregionais.com.br\/index.php?rest_route=\/wp\/v2\/users\/1"}],"replies":[{"embeddable":true,"href":"https:\/\/noticiasregionais.com.br\/index.php?rest_route=%2Fwp%2Fv2%2Fcomments&post=1288"}],"version-history":[{"count":1,"href":"https:\/\/noticiasregionais.com.br\/index.php?rest_route=\/wp\/v2\/posts\/1288\/revisions"}],"predecessor-version":[{"id":1290,"href":"https:\/\/noticiasregionais.com.br\/index.php?rest_route=\/wp\/v2\/posts\/1288\/revisions\/1290"}],"wp:featuredmedia":[{"embeddable":true,"href":"https:\/\/noticiasregionais.com.br\/index.php?rest_route=\/wp\/v2\/media\/1289"}],"wp:attachment":[{"href":"https:\/\/noticiasregionais.com.br\/index.php?rest_route=%2Fwp%2Fv2%2Fmedia&parent=1288"}],"wp:term":[{"taxonomy":"category","embeddable":true,"href":"https:\/\/noticiasregionais.com.br\/index.php?rest_route=%2Fwp%2Fv2%2Fcategories&post=1288"},{"taxonomy":"post_tag","embeddable":true,"href":"https:\/\/noticiasregionais.com.br\/index.php?rest_route=%2Fwp%2Fv2%2Ftags&post=1288"}],"curies":[{"name":"wp","href":"https:\/\/api.w.org\/{rel}","templated":true}]}}