{"id":1291,"date":"2023-11-26T11:10:03","date_gmt":"2023-11-26T14:10:03","guid":{"rendered":"https:\/\/noticiasregionais.com.br\/?p=1291"},"modified":"2023-11-26T11:10:06","modified_gmt":"2023-11-26T14:10:06","slug":"policia-rodoviaria-federal-localiza-mais-de-4-toneladas-de-maconha-fuzil-e-municoes","status":"publish","type":"post","link":"https:\/\/noticiasregionais.com.br\/?p=1291","title":{"rendered":"Policia Rodovi\u00e1ria Federal localiza mais de 4 toneladas de maconha, fuzil e muni\u00e7\u00f5es"},"content":{"rendered":"\n<p class=\"has-text-align-center\"><strong>Apreens\u00e3o ocorreu pr\u00f3ximo a cidade Ourinhos\/SP. Dois elementos tentaram se evadir abandonando o caminh\u00e3o, mas foram presos<\/strong><\/p>\n\n\n\n<p>Policiais Rodovi\u00e1rios Federais interceptaram, no incio da noite deste s\u00e1bado, um caminh\u00e3o carregado de maconha, a ocorr\u00eancia que representa uma das maiores apreens\u00f5es da droga realizada pela PRF na regi\u00e3o.<br>Segundo informa\u00e7\u00f5es dos envolvidos a quantidade pode chegar a mais de 4 toneladas.<br>Al\u00e9m da droga foi localizado um fuzil Belga Calibre 7.62 e 331 muni\u00e7\u00f5es.<\/p>\n\n\n\n<p>A equipe de servi\u00e7o recebeu informa\u00e7\u00f5es que um Caminh\u00e3o Mercedes Benz azul estaria vindo da regi\u00e3o da fronteira carregado de drogas. De imediato as equipes realizaram dilig\u00eancias, vindo a localizar um ve\u00edculo semelhante ao noticiado, na altura do km 352 da SP-270 pr\u00f3ximo ao munic\u00edpio de Chavantes\/SP.<\/p>\n\n\n\n<figure class=\"wp-block-embed is-type-video is-provider-youtube wp-block-embed-youtube wp-embed-aspect-16-9 wp-has-aspect-ratio\"><div class=\"wp-block-embed__wrapper\">\n<iframe loading=\"lazy\" title=\"Policia Rodovi\u00e1ria Federal localiza mais de 4 toneladas de maconha, fuzil e muni\u00e7\u00f5es\" width=\"640\" height=\"360\" src=\"https:\/\/www.youtube.com\/embed\/7tci1i3dqDI?feature=oembed\" frameborder=\"0\" allow=\"accelerometer; autoplay; clipboard-write; encrypted-media; gyroscope; picture-in-picture; web-share\" referrerpolicy=\"strict-origin-when-cross-origin\" allowfullscreen><\/iframe>\n<\/div><\/figure>\n\n\n\n<p>Ao avistarem a viatura dois homens saltaram do ve\u00edculo e empreenderam fuga para o canavial pr\u00f3ximo, mas ambos foram detidos pelos policiais.<\/p>\n\n\n\n<p>Ao realizarem vistoria no ve\u00edculo foram encontrados diversos fardos de subst\u00e2ncia an\u00e1loga a maconha, devidamente ensacados, em sacos pretos com fitas adesivas. Em meio a carga de maquinas de implementos agr\u00edcolas.<\/p>\n\n\n\n<p>Em conversa com os detidos, o motorista relatou em um primeiro momento que foi obrigado a realizar o transporte dos il\u00edcitos, mas depois disse que desconhecia a origem do mesmo, o passageiro deu informa\u00e7\u00f5es desencontradas e tamb\u00e9m negou, entretanto, ambos n\u00e3o souberam explicar porque fugiram ao serem abordados.<\/p>\n\n\n\n<p>A Ocorr\u00eancia foi encaminhada para Central de Pol\u00edcia Judici\u00e1ria de Ourinhos\/SP e a droga apreendida pesou 4099 Kg.<\/p>\n\n\n\n<figure class=\"wp-block-gallery has-nested-images columns-4 is-cropped wp-block-gallery-1 is-layout-flex wp-block-gallery-is-layout-flex\">\n<figure class=\"wp-block-image size-thumbnail\"><a href=\"https:\/\/noticiasregionais.com.br\/wp-content\/uploads\/2023\/11\/WhatsApp-Image-2023-11-26-at-06.16.57-2.jpeg\"><img decoding=\"async\" width=\"150\" height=\"150\" data-id=\"1294\" src=\"https:\/\/noticiasregionais.com.br\/wp-content\/uploads\/2023\/11\/WhatsApp-Image-2023-11-26-at-06.16.57-2-150x150.jpeg\" alt=\"\" class=\"wp-image-1294\"\/><\/a><\/figure>\n\n\n\n<figure class=\"wp-block-image size-thumbnail\"><a href=\"https:\/\/noticiasregionais.com.br\/wp-content\/uploads\/2023\/11\/WhatsApp-Image-2023-11-26-at-06.16.57-1.jpeg\"><img decoding=\"async\" width=\"150\" height=\"150\" data-id=\"1293\" src=\"https:\/\/noticiasregionais.com.br\/wp-content\/uploads\/2023\/11\/WhatsApp-Image-2023-11-26-at-06.16.57-1-150x150.jpeg\" alt=\"\" class=\"wp-image-1293\"\/><\/a><\/figure>\n\n\n\n<figure class=\"wp-block-image size-thumbnail\"><a href=\"https:\/\/noticiasregionais.com.br\/wp-content\/uploads\/2023\/11\/WhatsApp-Image-2023-11-25-at-23.10.56-2.jpeg\"><img decoding=\"async\" width=\"150\" height=\"150\" data-id=\"1292\" src=\"https:\/\/noticiasregionais.com.br\/wp-content\/uploads\/2023\/11\/WhatsApp-Image-2023-11-25-at-23.10.56-2-150x150.jpeg\" alt=\"\" class=\"wp-image-1292\"\/><\/a><\/figure>\n\n\n\n<figure class=\"wp-block-image size-thumbnail\"><a href=\"https:\/\/noticiasregionais.com.br\/wp-content\/uploads\/2023\/11\/WhatsApp-Image-2023-11-25-at-23.10.55.jpeg\"><img decoding=\"async\" width=\"150\" height=\"150\" data-id=\"1295\" src=\"https:\/\/noticiasregionais.com.br\/wp-content\/uploads\/2023\/11\/WhatsApp-Image-2023-11-25-at-23.10.55-150x150.jpeg\" alt=\"\" class=\"wp-image-1295\"\/><\/a><\/figure>\n<\/figure>\n<input type=\"hidden\" id=\"baseurl\" value=\"https:\/\/noticiasregionais.com.br\"><input type=\"hidden\" id=\"audio_nonce\" value=\"533fbb67b1\">","protected":false},"excerpt":{"rendered":"<p>Apreens\u00e3o ocorreu pr\u00f3ximo a cidade Ourinhos\/SP. Dois elementos tentaram se evadir abandonando o caminh\u00e3o, mas foram presos Policiais Rodovi\u00e1rios Federais&hellip;<\/p>\n","protected":false},"author":1,"featured_media":1296,"comment_status":"closed","ping_status":"open","sticky":false,"template":"","format":"standard","meta":{"sfsi_plus_gutenberg_text_before_share":"","sfsi_plus_gutenberg_show_text_before_share":"","sfsi_plus_gutenberg_icon_type":"","sfsi_plus_gutenberg_icon_alignemt":"","sfsi_plus_gutenburg_max_per_row":"","footnotes":""},"categories":[5,12,1],"tags":[],"class_list":["post-1291","post","type-post","status-publish","format-standard","has-post-thumbnail","hentry","category-ourinhos","category-capa","category-noticias"],"_links":{"self":[{"href":"https:\/\/noticiasregionais.com.br\/index.php?rest_route=\/wp\/v2\/posts\/1291","targetHints":{"allow":["GET"]}}],"collection":[{"href":"https:\/\/noticiasregionais.com.br\/index.php?rest_route=\/wp\/v2\/posts"}],"about":[{"href":"https:\/\/noticiasregionais.com.br\/index.php?rest_route=\/wp\/v2\/types\/post"}],"author":[{"embeddable":true,"href":"https:\/\/noticiasregionais.com.br\/index.php?rest_route=\/wp\/v2\/users\/1"}],"replies":[{"embeddable":true,"href":"https:\/\/noticiasregionais.com.br\/index.php?rest_route=%2Fwp%2Fv2%2Fcomments&post=1291"}],"version-history":[{"count":1,"href":"https:\/\/noticiasregionais.com.br\/index.php?rest_route=\/wp\/v2\/posts\/1291\/revisions"}],"predecessor-version":[{"id":1297,"href":"https:\/\/noticiasregionais.com.br\/index.php?rest_route=\/wp\/v2\/posts\/1291\/revisions\/1297"}],"wp:featuredmedia":[{"embeddable":true,"href":"https:\/\/noticiasregionais.com.br\/index.php?rest_route=\/wp\/v2\/media\/1296"}],"wp:attachment":[{"href":"https:\/\/noticiasregionais.com.br\/index.php?rest_route=%2Fwp%2Fv2%2Fmedia&parent=1291"}],"wp:term":[{"taxonomy":"category","embeddable":true,"href":"https:\/\/noticiasregionais.com.br\/index.php?rest_route=%2Fwp%2Fv2%2Fcategories&post=1291"},{"taxonomy":"post_tag","embeddable":true,"href":"https:\/\/noticiasregionais.com.br\/index.php?rest_route=%2Fwp%2Fv2%2Ftags&post=1291"}],"curies":[{"name":"wp","href":"https:\/\/api.w.org\/{rel}","templated":true}]}}