{"id":1298,"date":"2023-11-26T18:50:52","date_gmt":"2023-11-26T21:50:52","guid":{"rendered":"https:\/\/noticiasregionais.com.br\/?p=1298"},"modified":"2023-11-26T18:51:04","modified_gmt":"2023-11-26T21:51:04","slug":"pre-localiza-pasta-base-de-cocaina-escondida-em-estepe-de-veiculo-e-detem-traficante","status":"publish","type":"post","link":"https:\/\/noticiasregionais.com.br\/?p=1298","title":{"rendered":"PRE localiza Pasta Base de Coca\u00edna escondida em estepe de ve\u00edculo e det\u00eam traficante"},"content":{"rendered":"\n<p>Durante a &#8220;Opera\u00e7\u00e3o Impacto&#8221;, uma equipe do TOR (T\u00e1tico Ostensivo Rodovi\u00e1rio) abordou um ve\u00edculo Jeep\/Compass, com placas de S\u00e3o Paulo. Durante a vistoria veicular, os policiais desconfiaram das caracter\u00edsticas do estepe e solicitaram apoio do Canil.<\/p>\n\n\n\n<p>O c\u00e3o policial indicou que havia algo dentro do pneu sobressalente. Desta forma, os policiais realizaram a desmontagem do estepe e localizaram pasta base de coca\u00edna, pesando cerca de 10 quilos.<\/p>\n\n\n\n<p>O indiv\u00edduo, que n\u00e3o teve a identidade divulgada, foi encaminhado \u00e0 Delegacia da Pol\u00edcia Federal de Mar\u00edlia, onde foi autuado em flagrante por tr\u00e1fico de drogas.<\/p>\n\n\n\n<p>A ocorr\u00eancia segue em andamento.<\/p>\n\n\n\n<p><strong>Dados sujeitos a altera\u00e7\u00f5es.<\/strong><\/p>\n\n\n\n<figure class=\"wp-block-image size-large\"><img decoding=\"async\" width=\"1024\" height=\"768\" src=\"https:\/\/noticiasregionais.com.br\/wp-content\/uploads\/2023\/11\/WhatsApp-Image-2023-11-26-at-16.28.14-1024x768.jpeg\" alt=\"\" class=\"wp-image-1300\" srcset=\"https:\/\/noticiasregionais.com.br\/wp-content\/uploads\/2023\/11\/WhatsApp-Image-2023-11-26-at-16.28.14-1024x768.jpeg 1024w, https:\/\/noticiasregionais.com.br\/wp-content\/uploads\/2023\/11\/WhatsApp-Image-2023-11-26-at-16.28.14-300x225.jpeg 300w, https:\/\/noticiasregionais.com.br\/wp-content\/uploads\/2023\/11\/WhatsApp-Image-2023-11-26-at-16.28.14-768x576.jpeg 768w, https:\/\/noticiasregionais.com.br\/wp-content\/uploads\/2023\/11\/WhatsApp-Image-2023-11-26-at-16.28.14-1536x1152.jpeg 1536w, https:\/\/noticiasregionais.com.br\/wp-content\/uploads\/2023\/11\/WhatsApp-Image-2023-11-26-at-16.28.14.jpeg 1600w\" sizes=\"(max-width: 1024px) 100vw, 1024px\" \/><\/figure>\n<input type=\"hidden\" id=\"baseurl\" value=\"https:\/\/noticiasregionais.com.br\"><input type=\"hidden\" id=\"audio_nonce\" value=\"533fbb67b1\">","protected":false},"excerpt":{"rendered":"<p>Durante a &#8220;Opera\u00e7\u00e3o Impacto&#8221;, uma equipe do TOR (T\u00e1tico Ostensivo Rodovi\u00e1rio) abordou um ve\u00edculo Jeep\/Compass, com placas de S\u00e3o Paulo.&hellip;<\/p>\n","protected":false},"author":1,"featured_media":1299,"comment_status":"closed","ping_status":"open","sticky":false,"template":"","format":"standard","meta":{"sfsi_plus_gutenberg_text_before_share":"","sfsi_plus_gutenberg_show_text_before_share":"","sfsi_plus_gutenberg_icon_type":"","sfsi_plus_gutenberg_icon_alignemt":"","sfsi_plus_gutenburg_max_per_row":"","footnotes":""},"categories":[6,10,1],"tags":[],"class_list":["post-1298","post","type-post","status-publish","format-standard","has-post-thumbnail","hentry","category-sao_paulo","category-destaques","category-noticias"],"_links":{"self":[{"href":"https:\/\/noticiasregionais.com.br\/index.php?rest_route=\/wp\/v2\/posts\/1298","targetHints":{"allow":["GET"]}}],"collection":[{"href":"https:\/\/noticiasregionais.com.br\/index.php?rest_route=\/wp\/v2\/posts"}],"about":[{"href":"https:\/\/noticiasregionais.com.br\/index.php?rest_route=\/wp\/v2\/types\/post"}],"author":[{"embeddable":true,"href":"https:\/\/noticiasregionais.com.br\/index.php?rest_route=\/wp\/v2\/users\/1"}],"replies":[{"embeddable":true,"href":"https:\/\/noticiasregionais.com.br\/index.php?rest_route=%2Fwp%2Fv2%2Fcomments&post=1298"}],"version-history":[{"count":1,"href":"https:\/\/noticiasregionais.com.br\/index.php?rest_route=\/wp\/v2\/posts\/1298\/revisions"}],"predecessor-version":[{"id":1301,"href":"https:\/\/noticiasregionais.com.br\/index.php?rest_route=\/wp\/v2\/posts\/1298\/revisions\/1301"}],"wp:featuredmedia":[{"embeddable":true,"href":"https:\/\/noticiasregionais.com.br\/index.php?rest_route=\/wp\/v2\/media\/1299"}],"wp:attachment":[{"href":"https:\/\/noticiasregionais.com.br\/index.php?rest_route=%2Fwp%2Fv2%2Fmedia&parent=1298"}],"wp:term":[{"taxonomy":"category","embeddable":true,"href":"https:\/\/noticiasregionais.com.br\/index.php?rest_route=%2Fwp%2Fv2%2Fcategories&post=1298"},{"taxonomy":"post_tag","embeddable":true,"href":"https:\/\/noticiasregionais.com.br\/index.php?rest_route=%2Fwp%2Fv2%2Ftags&post=1298"}],"curies":[{"name":"wp","href":"https:\/\/api.w.org\/{rel}","templated":true}]}}