{"id":130,"date":"2023-09-01T22:51:12","date_gmt":"2023-09-02T01:51:12","guid":{"rendered":"https:\/\/noticiasregionais.com.br\/?p=130"},"modified":"2023-09-01T23:35:33","modified_gmt":"2023-09-02T02:35:33","slug":"gincana-ambiental-leva-conhecimento-e-diversao-a-estudantes-de-escolas-municipais","status":"publish","type":"post","link":"https:\/\/noticiasregionais.com.br\/?p=130","title":{"rendered":"Gincana Ambiental leva conhecimento e divers\u00e3o a estudantes de escolas municipais"},"content":{"rendered":"\n<p>As EMEFs Adelaide Pedroso Racanello, Am\u00e9lia Abujamra Maron e Jos\u00e9 Alves Martins est\u00e3o realizando com alunos dos s\u00e9timos anos uma Gincana Ambiental, idealizada pelos professores formadores Larissa Delboni (Ci\u00eancias da Natureza) e Tiago Lucas (Geografia).<\/p>\n\n\n\n<p>A inten\u00e7\u00e3o \u00e9 proporcionar aos estudantes os conhecimentos relacionados a biomas nacionais e internacionais e conscientiz\u00e1-los sobre os cuidados com a natureza.<\/p>\n\n\n\n<p>As atividades foram divididas em quatro etapas. Primeiramente, foi realizada uma coleta de materiais recicl\u00e1veis e limpeza das salas de aulas. A segunda etapa foi um quis educativo virtual. A parte seguinte foi visitar o Parque Ecol\u00f3gico para realiza\u00e7\u00e3o da trilha, onde foi poss\u00edvel observar as caracter\u00edsticas do local, vegeta\u00e7\u00e3o e habitat.<\/p>\n\n\n\n<p>Por fim, a \u00faltima atividade ser\u00e1 no CREF, com brincadeiras de perguntas e respostas sobre aquecimento global e sustentabilidade, coleta de recicl\u00e1veis conforme o recipiente correto e identifica\u00e7\u00e3o de esp\u00e9cies arb\u00f3reas na floresta em crescimento no local.<\/p>\n\n\n\n<p>A sala com mais pontos ser\u00e1 a grande campe\u00e3 da Gincana Ambiental, com premia\u00e7\u00e3o de medalhas e trof\u00e9u para as melhores colocadas.<\/p>\n\n\n\n<figure class=\"wp-block-gallery has-nested-images columns-4 is-cropped wp-block-gallery-1 is-layout-flex wp-block-gallery-is-layout-flex\">\n<figure class=\"wp-block-image size-thumbnail\"><a href=\"https:\/\/noticiasregionais.com.br\/wp-content\/uploads\/2023\/09\/WhatsApp-Image-2023-09-01-at-11.46.29-1.jpeg\" target=\"_blank\" rel=\"noopener\"><img decoding=\"async\" width=\"150\" height=\"150\" data-id=\"135\" src=\"https:\/\/noticiasregionais.com.br\/wp-content\/uploads\/2023\/09\/WhatsApp-Image-2023-09-01-at-11.46.29-1-150x150.jpeg\" alt=\"\" class=\"wp-image-135\"\/><\/a><\/figure>\n\n\n\n<figure class=\"wp-block-image size-large\"><a href=\"https:\/\/noticiasregionais.com.br\/wp-content\/uploads\/2023\/09\/WhatsApp-Image-2023-09-01-at-11.46.28-2.jpeg\" target=\"_blank\" rel=\"noopener\"><img decoding=\"async\" width=\"720\" height=\"720\" data-id=\"131\" src=\"https:\/\/noticiasregionais.com.br\/wp-content\/uploads\/2023\/09\/WhatsApp-Image-2023-09-01-at-11.46.28-2.jpeg\" alt=\"\" class=\"wp-image-131\" srcset=\"https:\/\/noticiasregionais.com.br\/wp-content\/uploads\/2023\/09\/WhatsApp-Image-2023-09-01-at-11.46.28-2.jpeg 720w, https:\/\/noticiasregionais.com.br\/wp-content\/uploads\/2023\/09\/WhatsApp-Image-2023-09-01-at-11.46.28-2-300x300.jpeg 300w, https:\/\/noticiasregionais.com.br\/wp-content\/uploads\/2023\/09\/WhatsApp-Image-2023-09-01-at-11.46.28-2-150x150.jpeg 150w\" sizes=\"(max-width: 720px) 100vw, 720px\" \/><\/a><\/figure>\n\n\n\n<figure class=\"wp-block-image size-large\"><a href=\"https:\/\/noticiasregionais.com.br\/wp-content\/uploads\/2023\/09\/WhatsApp-Image-2023-09-01-at-11.46.28-1.jpeg\" target=\"_blank\" rel=\"noopener\"><img decoding=\"async\" width=\"720\" height=\"720\" data-id=\"136\" src=\"https:\/\/noticiasregionais.com.br\/wp-content\/uploads\/2023\/09\/WhatsApp-Image-2023-09-01-at-11.46.28-1.jpeg\" alt=\"\" class=\"wp-image-136\" srcset=\"https:\/\/noticiasregionais.com.br\/wp-content\/uploads\/2023\/09\/WhatsApp-Image-2023-09-01-at-11.46.28-1.jpeg 720w, https:\/\/noticiasregionais.com.br\/wp-content\/uploads\/2023\/09\/WhatsApp-Image-2023-09-01-at-11.46.28-1-300x300.jpeg 300w, https:\/\/noticiasregionais.com.br\/wp-content\/uploads\/2023\/09\/WhatsApp-Image-2023-09-01-at-11.46.28-1-150x150.jpeg 150w\" sizes=\"(max-width: 720px) 100vw, 720px\" \/><\/a><\/figure>\n\n\n\n<figure class=\"wp-block-image size-large\"><a href=\"https:\/\/noticiasregionais.com.br\/wp-content\/uploads\/2023\/09\/WhatsApp-Image-2023-09-01-at-11.46.28.jpeg\" target=\"_blank\" rel=\"noopener\"><img decoding=\"async\" width=\"720\" height=\"720\" data-id=\"132\" src=\"https:\/\/noticiasregionais.com.br\/wp-content\/uploads\/2023\/09\/WhatsApp-Image-2023-09-01-at-11.46.28.jpeg\" alt=\"\" class=\"wp-image-132\" srcset=\"https:\/\/noticiasregionais.com.br\/wp-content\/uploads\/2023\/09\/WhatsApp-Image-2023-09-01-at-11.46.28.jpeg 720w, https:\/\/noticiasregionais.com.br\/wp-content\/uploads\/2023\/09\/WhatsApp-Image-2023-09-01-at-11.46.28-300x300.jpeg 300w, https:\/\/noticiasregionais.com.br\/wp-content\/uploads\/2023\/09\/WhatsApp-Image-2023-09-01-at-11.46.28-150x150.jpeg 150w\" sizes=\"(max-width: 720px) 100vw, 720px\" \/><\/a><\/figure>\n\n\n\n<figure class=\"wp-block-image size-large\"><a href=\"https:\/\/noticiasregionais.com.br\/wp-content\/uploads\/2023\/09\/WhatsApp-Image-2023-09-01-at-11.46.27.jpeg\" target=\"_blank\" rel=\"noopener\"><img decoding=\"async\" width=\"1024\" height=\"768\" data-id=\"134\" src=\"https:\/\/noticiasregionais.com.br\/wp-content\/uploads\/2023\/09\/WhatsApp-Image-2023-09-01-at-11.46.27-1024x768.jpeg\" alt=\"\" class=\"wp-image-134\" srcset=\"https:\/\/noticiasregionais.com.br\/wp-content\/uploads\/2023\/09\/WhatsApp-Image-2023-09-01-at-11.46.27-1024x768.jpeg 1024w, https:\/\/noticiasregionais.com.br\/wp-content\/uploads\/2023\/09\/WhatsApp-Image-2023-09-01-at-11.46.27-300x225.jpeg 300w, https:\/\/noticiasregionais.com.br\/wp-content\/uploads\/2023\/09\/WhatsApp-Image-2023-09-01-at-11.46.27-768x576.jpeg 768w, https:\/\/noticiasregionais.com.br\/wp-content\/uploads\/2023\/09\/WhatsApp-Image-2023-09-01-at-11.46.27-1536x1152.jpeg 1536w, https:\/\/noticiasregionais.com.br\/wp-content\/uploads\/2023\/09\/WhatsApp-Image-2023-09-01-at-11.46.27.jpeg 1600w\" sizes=\"(max-width: 1024px) 100vw, 1024px\" \/><\/a><\/figure>\n\n\n\n<figure class=\"wp-block-image size-large\"><a href=\"https:\/\/noticiasregionais.com.br\/wp-content\/uploads\/2023\/09\/WhatsApp-Image-2023-09-01-at-11.46.29.jpeg\" target=\"_blank\" rel=\"noopener\"><img decoding=\"async\" width=\"720\" height=\"720\" data-id=\"133\" src=\"https:\/\/noticiasregionais.com.br\/wp-content\/uploads\/2023\/09\/WhatsApp-Image-2023-09-01-at-11.46.29.jpeg\" alt=\"\" class=\"wp-image-133\" srcset=\"https:\/\/noticiasregionais.com.br\/wp-content\/uploads\/2023\/09\/WhatsApp-Image-2023-09-01-at-11.46.29.jpeg 720w, https:\/\/noticiasregionais.com.br\/wp-content\/uploads\/2023\/09\/WhatsApp-Image-2023-09-01-at-11.46.29-300x300.jpeg 300w, https:\/\/noticiasregionais.com.br\/wp-content\/uploads\/2023\/09\/WhatsApp-Image-2023-09-01-at-11.46.29-150x150.jpeg 150w\" sizes=\"(max-width: 720px) 100vw, 720px\" \/><\/a><\/figure>\n<\/figure>\n<input type=\"hidden\" id=\"baseurl\" value=\"https:\/\/noticiasregionais.com.br\"><input type=\"hidden\" id=\"audio_nonce\" value=\"533fbb67b1\">","protected":false},"excerpt":{"rendered":"<p>As EMEFs Adelaide Pedroso Racanello, Am\u00e9lia Abujamra Maron e Jos\u00e9 Alves Martins est\u00e3o realizando com alunos dos s\u00e9timos anos uma&hellip;<\/p>\n","protected":false},"author":1,"featured_media":139,"comment_status":"closed","ping_status":"open","sticky":false,"template":"","format":"standard","meta":{"sfsi_plus_gutenberg_text_before_share":"","sfsi_plus_gutenberg_show_text_before_share":"","sfsi_plus_gutenberg_icon_type":"","sfsi_plus_gutenberg_icon_alignemt":"","sfsi_plus_gutenburg_max_per_row":"","footnotes":""},"categories":[10,1,5],"tags":[],"class_list":["post-130","post","type-post","status-publish","format-standard","has-post-thumbnail","hentry","category-destaques","category-noticias","category-ourinhos"],"_links":{"self":[{"href":"https:\/\/noticiasregionais.com.br\/index.php?rest_route=\/wp\/v2\/posts\/130","targetHints":{"allow":["GET"]}}],"collection":[{"href":"https:\/\/noticiasregionais.com.br\/index.php?rest_route=\/wp\/v2\/posts"}],"about":[{"href":"https:\/\/noticiasregionais.com.br\/index.php?rest_route=\/wp\/v2\/types\/post"}],"author":[{"embeddable":true,"href":"https:\/\/noticiasregionais.com.br\/index.php?rest_route=\/wp\/v2\/users\/1"}],"replies":[{"embeddable":true,"href":"https:\/\/noticiasregionais.com.br\/index.php?rest_route=%2Fwp%2Fv2%2Fcomments&post=130"}],"version-history":[{"count":1,"href":"https:\/\/noticiasregionais.com.br\/index.php?rest_route=\/wp\/v2\/posts\/130\/revisions"}],"predecessor-version":[{"id":137,"href":"https:\/\/noticiasregionais.com.br\/index.php?rest_route=\/wp\/v2\/posts\/130\/revisions\/137"}],"wp:featuredmedia":[{"embeddable":true,"href":"https:\/\/noticiasregionais.com.br\/index.php?rest_route=\/wp\/v2\/media\/139"}],"wp:attachment":[{"href":"https:\/\/noticiasregionais.com.br\/index.php?rest_route=%2Fwp%2Fv2%2Fmedia&parent=130"}],"wp:term":[{"taxonomy":"category","embeddable":true,"href":"https:\/\/noticiasregionais.com.br\/index.php?rest_route=%2Fwp%2Fv2%2Fcategories&post=130"},{"taxonomy":"post_tag","embeddable":true,"href":"https:\/\/noticiasregionais.com.br\/index.php?rest_route=%2Fwp%2Fv2%2Ftags&post=130"}],"curies":[{"name":"wp","href":"https:\/\/api.w.org\/{rel}","templated":true}]}}