{"id":1306,"date":"2023-11-27T07:24:52","date_gmt":"2023-11-27T10:24:52","guid":{"rendered":"https:\/\/noticiasregionais.com.br\/?p=1306"},"modified":"2023-11-27T07:24:55","modified_gmt":"2023-11-27T10:24:55","slug":"bauru-e-aprovada-para-receber-moradias-do-minha-casa-minha-vida","status":"publish","type":"post","link":"https:\/\/noticiasregionais.com.br\/?p=1306","title":{"rendered":"Bauru \u00e9 aprovada para receber moradias do Minha Casa Minha Vida"},"content":{"rendered":"\n<p class=\"has-text-align-center\"><strong>Casas ser\u00e3o constru\u00eddas na regi\u00e3o do Jardim Europa<\/strong><\/p>\n\n\n\n<p>A Prefeitura de Bauru foi selecionada para receber 400 moradias da faixa 1 do Programa Minha Casa Minha Vida, do governo federal. O an\u00fancio foi feito pela prefeita Su\u00e9llen Rosim nesta quarta-feira (22), ap\u00f3s reuni\u00e3o no Minist\u00e9rio das Cidades, em Bras\u00edlia. As casas ser\u00e3o constru\u00eddas na regi\u00e3o do Jardim Europa.<\/p>\n\n\n\n<p>A prefeita agradeceu o apoio da deputada federal Simone Marquetto, dos vereadores Manoel Losila e Guilherme Berriel, e do presidente do MDB de Bauru, Rodrigo Mandaliti, al\u00e9m do ministro das Cidades, Jader Filho.<\/p>\n\n\n\n<p>Com a confirma\u00e7\u00e3o de que o munic\u00edpio est\u00e1 inclu\u00eddo na faixa 1 do Programa Minha Casa Minha Vida, destinado a fam\u00edlias em situa\u00e7\u00e3o de vulnerabilidade social, ser\u00e1 elaborado o projeto para a constru\u00e7\u00e3o das resid\u00eancias.<\/p>\n\n\n\n<p><strong>O que \u00e9<br><\/strong>O Programa Minha Casa, Minha Vida Faixa I conta com recursos do Governo Federal para produ\u00e7\u00e3o de unidades habitacionais subsidiadas para a aquisi\u00e7\u00e3o da moradia por fam\u00edlias enquadradas na faixa I do programa.<\/p>\n\n\n\n<p><strong>A quem se destina<br><\/strong>Habita\u00e7\u00e3o urbana &#8211; Fam\u00edlias com renda mensal bruta at\u00e9 R$ 2.640,00, de im\u00f3veis subsidiados com recursos do Fundo de Arrendamento Residencial (FAR) ou Fundo de Desenvolvimento Social (FDS).<br>Habita\u00e7\u00e3o rural &#8211; Fam\u00edlias com renda anual bruta at\u00e9 R$ 31.680,00<\/p>\n\n\n\n<p><strong>Vantagens<br><\/strong>A aquisi\u00e7\u00e3o de novos im\u00f3veis, no Programa, ocorre por meio de concess\u00e3o de financiamento, em 60 meses, sob a forma de parcelamento, sem juros, com parcelas m\u00ednimas de R$80,00. Os benefici\u00e1rios que recebem o Bolsa Fam\u00edlia ou Benef\u00edcio de Presta\u00e7\u00e3o Continuada (BPC) s\u00e3o isentos do pagamento de presta\u00e7\u00e3o e recebem o im\u00f3vel j\u00e1 quitado, devendo, entretanto, cumprir as obriga\u00e7\u00f5es contratuais.<\/p>\n\n\n\n<p class=\"has-text-align-left\"><strong><sub>fonte: Sampi \/ Folhapress<\/sub><\/strong><\/p>\n<input type=\"hidden\" id=\"baseurl\" value=\"https:\/\/noticiasregionais.com.br\"><input type=\"hidden\" id=\"audio_nonce\" value=\"533fbb67b1\">","protected":false},"excerpt":{"rendered":"<p>Casas ser\u00e3o constru\u00eddas na regi\u00e3o do Jardim Europa A Prefeitura de Bauru foi selecionada para receber 400 moradias da faixa&hellip;<\/p>\n","protected":false},"author":1,"featured_media":1307,"comment_status":"closed","ping_status":"open","sticky":false,"template":"","format":"standard","meta":{"sfsi_plus_gutenberg_text_before_share":"","sfsi_plus_gutenberg_show_text_before_share":"","sfsi_plus_gutenberg_icon_type":"","sfsi_plus_gutenberg_icon_alignemt":"","sfsi_plus_gutenburg_max_per_row":"","footnotes":""},"categories":[6,10,1],"tags":[],"class_list":["post-1306","post","type-post","status-publish","format-standard","has-post-thumbnail","hentry","category-sao_paulo","category-destaques","category-noticias"],"_links":{"self":[{"href":"https:\/\/noticiasregionais.com.br\/index.php?rest_route=\/wp\/v2\/posts\/1306","targetHints":{"allow":["GET"]}}],"collection":[{"href":"https:\/\/noticiasregionais.com.br\/index.php?rest_route=\/wp\/v2\/posts"}],"about":[{"href":"https:\/\/noticiasregionais.com.br\/index.php?rest_route=\/wp\/v2\/types\/post"}],"author":[{"embeddable":true,"href":"https:\/\/noticiasregionais.com.br\/index.php?rest_route=\/wp\/v2\/users\/1"}],"replies":[{"embeddable":true,"href":"https:\/\/noticiasregionais.com.br\/index.php?rest_route=%2Fwp%2Fv2%2Fcomments&post=1306"}],"version-history":[{"count":1,"href":"https:\/\/noticiasregionais.com.br\/index.php?rest_route=\/wp\/v2\/posts\/1306\/revisions"}],"predecessor-version":[{"id":1308,"href":"https:\/\/noticiasregionais.com.br\/index.php?rest_route=\/wp\/v2\/posts\/1306\/revisions\/1308"}],"wp:featuredmedia":[{"embeddable":true,"href":"https:\/\/noticiasregionais.com.br\/index.php?rest_route=\/wp\/v2\/media\/1307"}],"wp:attachment":[{"href":"https:\/\/noticiasregionais.com.br\/index.php?rest_route=%2Fwp%2Fv2%2Fmedia&parent=1306"}],"wp:term":[{"taxonomy":"category","embeddable":true,"href":"https:\/\/noticiasregionais.com.br\/index.php?rest_route=%2Fwp%2Fv2%2Fcategories&post=1306"},{"taxonomy":"post_tag","embeddable":true,"href":"https:\/\/noticiasregionais.com.br\/index.php?rest_route=%2Fwp%2Fv2%2Ftags&post=1306"}],"curies":[{"name":"wp","href":"https:\/\/api.w.org\/{rel}","templated":true}]}}