{"id":13146,"date":"2026-03-02T04:05:00","date_gmt":"2026-03-02T07:05:00","guid":{"rendered":"https:\/\/noticiasregionais.com.br\/?p=13146"},"modified":"2026-03-02T04:05:00","modified_gmt":"2026-03-02T07:05:00","slug":"boi-gordo-hoje-confira-as-cotacoes-para-terca-feira-3","status":"publish","type":"post","link":"https:\/\/noticiasregionais.com.br\/?p=13146","title":{"rendered":"Boi gordo hoje: confira as cota\u00e7\u00f5es para ter\u00e7a-feira (3)"},"content":{"rendered":"<p>\t\t\t\t\t\t\t\t\t\t\t<audio controls class=\"b61_audio_player\" data-noticia=\"88087\" src=\"https:\/\/brasil61.com\/rails\/active_storage\/blobs\/eyJfcmFpbHMiOnsibWVzc2FnZSI6IkJBaHBBejcvQXc9PSIsImV4cCI6bnVsbCwicHVyIjoiYmxvYl9pZCJ9fQ==--f0871f1e2ee745ee349ba9661fc085c479282a3a\/PAGR266137A\"><\/audio><\/p>\n<p>O pre\u00e7o do <b>boi gordo<\/b> nesta ter\u00e7a-feira (3) apresenta<b> leve queda<\/b>; a arroba est\u00e1 sendo negociada a<b> R$ 353,10<\/b>, no estado de S\u00e3o Paulo.\u00a0<\/p>\n<\/p>\n<p>\n<b>INDICADOR DO BOI GORDO CEPEA\/ESALQ<\/b><\/p>\n<table>\n<thead>\n<tr>\n<th>Data<\/th>\n<th>Valor R$*<\/th>\n<th>Var.\/Dia<\/th>\n<th>Var.\/M\u00eas<\/th>\n<th>Valor US$*<\/th>\n<\/tr>\n<\/thead>\n<tbody>\n<tr>\n<td>02\/03\/2026<\/td>\n<td>353,10<\/td>\n<td>-0,01%<\/td>\n<td>-0,01%<\/td>\n<td>68,31<\/td>\n<\/tr>\n<tr>\n<td>27\/02\/2026<\/td>\n<td>353,15<\/td>\n<td>0,10%<\/td>\n<td>8,03%<\/td>\n<td>68,75<\/td>\n<\/tr>\n<tr>\n<td>26\/02\/2026<\/td>\n<td>352,80<\/td>\n<td>0,51%<\/td>\n<td>7,92%<\/td>\n<td>68,58<\/td>\n<\/tr>\n<tr>\n<td>25\/02\/2026<\/td>\n<td>351,00<\/td>\n<td>0,26%<\/td>\n<td>7,37%<\/td>\n<td>68,46<\/td>\n<\/tr>\n<tr>\n<td>24\/02\/2026<\/td>\n<td>350,10<\/td>\n<td>0,10%<\/td>\n<td>7,10%<\/td>\n<td>67,91<\/td>\n<\/tr>\n<\/tbody>\n<\/table>\n<p>Na Grande S\u00e3o Paulo, em S\u00e3o Jos\u00e9 do Rio Preto e em Descalvado, os pre\u00e7os do <strong>frango <\/strong>apresentaram <strong>queda<\/strong>. O<strong> frango congelado<\/strong> passou a ser negociado a R$ 7,12 com baixa de 1,93%, enquanto o <strong>frango resfriado<\/strong> fechou a R$ 7,17 com queda de 1,92%.<\/p>\n<p>\n<strong>PRE\u00c7OS DO FRANGO CONGELADO CEPEA\/ESALQ &#8211; ESTADO SP<\/strong><\/p>\n<table>\n<thead>\n<tr>\n<th>Data<\/th>\n<th>Valor R$<\/th>\n<th>Var.\/Dia<\/th>\n<th>Var.\/M\u00eas<\/th>\n<\/tr>\n<\/thead>\n<tbody>\n<tr>\n<td>02\/03\/2026<\/td>\n<td>7,12<\/td>\n<td>-1,93%<\/td>\n<td>-1,93%<\/td>\n<\/tr>\n<tr>\n<td>27\/02\/2026<\/td>\n<td>7,26<\/td>\n<td>0,00%<\/td>\n<td>3,86%<\/td>\n<\/tr>\n<tr>\n<td>26\/02\/2026<\/td>\n<td>7,26<\/td>\n<td>0,00%<\/td>\n<td>3,86%<\/td>\n<\/tr>\n<tr>\n<td>25\/02\/2026<\/td>\n<td>7,26<\/td>\n<td>0,00%<\/td>\n<td>3,86%<\/td>\n<\/tr>\n<tr>\n<td>24\/02\/2026<\/td>\n<td>7,26<\/td>\n<td>0,00%<\/td>\n<td>3,86%<\/td>\n<\/tr>\n<\/tbody>\n<\/table>\n<p dir=\"ltr\"><b>PRE\u00c7OS DO FRANGO RESFRIADO CEPEA\/ESALQ &#8211; ESTADO SP<\/b><\/p>\n<table>\n<thead>\n<tr>\n<th>Data<\/th>\n<th>Valor R$<\/th>\n<th>Var.\/Dia<\/th>\n<th>Var.\/M\u00eas<\/th>\n<\/tr>\n<\/thead>\n<tbody>\n<tr>\n<td>02\/03\/2026<\/td>\n<td>7,17<\/td>\n<td>-1,92%<\/td>\n<td>-1,92%<\/td>\n<\/tr>\n<tr>\n<td>27\/02\/2026<\/td>\n<td>7,31<\/td>\n<td>0,00%<\/td>\n<td>3,69%<\/td>\n<\/tr>\n<tr>\n<td>26\/02\/2026<\/td>\n<td>7,31<\/td>\n<td>0,00%<\/td>\n<td>3,69%<\/td>\n<\/tr>\n<tr>\n<td>25\/02\/2026<\/td>\n<td>7,31<\/td>\n<td>0,00%<\/td>\n<td>3,69%<\/td>\n<\/tr>\n<tr>\n<td>24\/02\/2026<\/td>\n<td>7,31<\/td>\n<td>0,00%<\/td>\n<td>3,69%<\/td>\n<\/tr>\n<\/tbody>\n<\/table>\n<h2>Pre\u00e7o da carca\u00e7a su\u00edna especial e su\u00edno vivo<\/h2>\n<p>A<b> carca\u00e7a su\u00edna especial <\/b>apresenta <b>alta de 0,89%, sendo negociada a R$ 10,19<\/b>, por quilo nos atacados da Grande S\u00e3o Paulo.<\/p>\n<p>O<b> su\u00edno vivo <\/b>tamb\u00e9m registra <b>alta<\/b> na maior parte dos estados, com destaque para S\u00e3o Paulo, onde o animal \u00e9 comercializado a<b> R$ 6,91.<\/b><\/p>\n<p>\n<b>PRE\u00c7OS DA CARCA\u00c7A SU\u00cdNA ESPECIAL (R$\/kg)<\/b><\/p>\n<table>\n<thead>\n<tr>\n<th>Data<\/th>\n<th>M\u00e9dia<\/th>\n<th>Var.\/Dia<\/th>\n<th>Var.\/M\u00eas<\/th>\n<\/tr>\n<\/thead>\n<tbody>\n<tr>\n<td>02\/03\/2026<\/td>\n<td>10,19<\/td>\n<td>0,89%<\/td>\n<td>0,89%<\/td>\n<\/tr>\n<tr>\n<td>27\/02\/2026<\/td>\n<td>10,10<\/td>\n<td>0,20%<\/td>\n<td>-9,25%<\/td>\n<\/tr>\n<tr>\n<td>26\/02\/2026<\/td>\n<td>10,08<\/td>\n<td>0,00%<\/td>\n<td>-9,43%<\/td>\n<\/tr>\n<tr>\n<td>25\/02\/2026<\/td>\n<td>10,08<\/td>\n<td>0,00%<\/td>\n<td>-9,43%<\/td>\n<\/tr>\n<tr>\n<td>24\/02\/2026<\/td>\n<td>10,08<\/td>\n<td>0,90%<\/td>\n<td>-9,43%<\/td>\n<\/tr>\n<\/tbody>\n<\/table>\n<p><strong>INDICADOR DO SU\u00cdNO VIVO CEPEA\/ESALQ (R$\/kg)\u200b<\/strong>\u200b\u200b\u200b\u200b\u200b\u200b<\/p>\n<table>\n<thead>\n<tr>\n<th>Data<\/th>\n<th>Estado<\/th>\n<th>Valor R$*<\/th>\n<th>Var.\/Dia<\/th>\n<th>Var.\/M\u00eas<\/th>\n<\/tr>\n<\/thead>\n<tbody>\n<tr>\n<td>02\/03\/2026<\/td>\n<td>MG &#8211; posto<\/td>\n<td>6,76<\/td>\n<td>0,00%<\/td>\n<td>0,00%<\/td>\n<\/tr>\n<tr>\n<td>02\/03\/2026<\/td>\n<td>PR &#8211; a retirar<\/td>\n<td>6,60<\/td>\n<td>0,15%<\/td>\n<td>0,15%<\/td>\n<\/tr>\n<tr>\n<td>02\/03\/2026<\/td>\n<td>RS &#8211; a retirar<\/td>\n<td>6,74<\/td>\n<td>0,15%<\/td>\n<td>0,15%<\/td>\n<\/tr>\n<tr>\n<td>02\/03\/2026<\/td>\n<td>SC &#8211; a retirar<\/td>\n<td>6,51<\/td>\n<td>0,00%<\/td>\n<td>0,00%<\/td>\n<\/tr>\n<tr>\n<td>02\/03\/2026<\/td>\n<td>SP &#8211; posto<\/td>\n<td>6,91<\/td>\n<td>0,14%<\/td>\n<td>0,14%<\/td>\n<\/tr>\n<\/tbody>\n<\/table>\n<p>Os valores s\u00e3o do <a href=\"https:\/\/www.cepea.org.br\/br\/indicador\/suino.aspx\" target=\"_blank\" rel=\"noopener\">Cepea<\/a>.<\/p>\n<h2>O que \u00e9 o boi gordo? Entenda o termo do mercado bovino<\/h2>\n<p>O boi gordo \u00e9 o bovino macho pronto para o abate, com peso m\u00ednimo de 16 arrobas l\u00edquidas de carca\u00e7a (aproximadamente 240 kg) e at\u00e9 42 meses de idade. Atende aos padr\u00f5es do mercado nacional e internacional, incluindo exporta\u00e7\u00f5es para Europa, China e cota Hilton.<\/p>\n<h2>Diferen\u00e7as entre frango congelado e frango resfriado<\/h2>\n<p>O frango congelado passa por congelamento r\u00e1pido, com temperaturas abaixo de -12\u00b0C, garantindo maior vida \u00fatil para armazenamento e transporte a longas dist\u00e2ncias. J\u00e1 o frango resfriado \u00e9 mantido entre 0\u00b0C e 4\u00b0C, com validade de 5 a 7 dias, oferecendo textura e sabor mais pr\u00f3ximos do fresco, ideal para consumidores exigentes e restaurantes.<\/p>\n<p>\t\t\t\t\t\t\t\t\t\t<img decoding=\"async\" src=\"https:\/\/brasil61.com\/api\/v1\/serve_pixel\/22254\/88087\" alt=\"Pixel Brasil 61\" class=\"b61_pixel\" width=\"0\" height=\"0\"><\/p>\n<div class=\"br61_backlink\">\n<p>\n\t\t\t\tFonte: <a href=\"https:\/\/brasil61.com\/boi-gordo-hoje-confira-as-cotacoes-para-terca-feira-3-pagr266137\" title=\"Artigo Original: Boi gordo hoje: confira as cota\u00e7\u00f5es para ter\u00e7a-feira (3) \" target=\"_blank\" rel=\"noopener\">Brasil 61<\/a>\n\t\t\t<\/p>\n<\/p><\/div>\n<input type=\"hidden\" id=\"baseurl\" value=\"https:\/\/noticiasregionais.com.br\"><input type=\"hidden\" id=\"audio_nonce\" value=\"533fbb67b1\">","protected":false},"excerpt":{"rendered":"<p>As cota\u00e7\u00f5es do frango congelado apresentam queda, carca\u00e7a su\u00edna registra alta<\/p>\n","protected":false},"author":1,"featured_media":13147,"comment_status":"","ping_status":"open","sticky":false,"template":"","format":"standard","meta":{"sfsi_plus_gutenberg_text_before_share":"","sfsi_plus_gutenberg_show_text_before_share":"","sfsi_plus_gutenberg_icon_type":"","sfsi_plus_gutenberg_icon_alignemt":"","sfsi_plus_gutenburg_max_per_row":"","footnotes":""},"categories":[8],"tags":[],"class_list":["post-13146","post","type-post","status-publish","format-standard","has-post-thumbnail","hentry","category-brasil"],"_links":{"self":[{"href":"https:\/\/noticiasregionais.com.br\/index.php?rest_route=\/wp\/v2\/posts\/13146","targetHints":{"allow":["GET"]}}],"collection":[{"href":"https:\/\/noticiasregionais.com.br\/index.php?rest_route=\/wp\/v2\/posts"}],"about":[{"href":"https:\/\/noticiasregionais.com.br\/index.php?rest_route=\/wp\/v2\/types\/post"}],"author":[{"embeddable":true,"href":"https:\/\/noticiasregionais.com.br\/index.php?rest_route=\/wp\/v2\/users\/1"}],"replies":[{"embeddable":true,"href":"https:\/\/noticiasregionais.com.br\/index.php?rest_route=%2Fwp%2Fv2%2Fcomments&post=13146"}],"version-history":[{"count":0,"href":"https:\/\/noticiasregionais.com.br\/index.php?rest_route=\/wp\/v2\/posts\/13146\/revisions"}],"wp:featuredmedia":[{"embeddable":true,"href":"https:\/\/noticiasregionais.com.br\/index.php?rest_route=\/wp\/v2\/media\/13147"}],"wp:attachment":[{"href":"https:\/\/noticiasregionais.com.br\/index.php?rest_route=%2Fwp%2Fv2%2Fmedia&parent=13146"}],"wp:term":[{"taxonomy":"category","embeddable":true,"href":"https:\/\/noticiasregionais.com.br\/index.php?rest_route=%2Fwp%2Fv2%2Fcategories&post=13146"},{"taxonomy":"post_tag","embeddable":true,"href":"https:\/\/noticiasregionais.com.br\/index.php?rest_route=%2Fwp%2Fv2%2Ftags&post=13146"}],"curies":[{"name":"wp","href":"https:\/\/api.w.org\/{rel}","templated":true}]}}