{"id":1316,"date":"2023-11-27T20:25:51","date_gmt":"2023-11-27T23:25:51","guid":{"rendered":"https:\/\/noticiasregionais.com.br\/?p=1316"},"modified":"2023-11-27T20:26:03","modified_gmt":"2023-11-27T23:26:03","slug":"policia-militar-recupera-moto-roubada-em-ourinhos","status":"publish","type":"post","link":"https:\/\/noticiasregionais.com.br\/?p=1316","title":{"rendered":"Pol\u00edcia Militar recupera moto roubada em Ourinhos"},"content":{"rendered":"\n<p>A Pol\u00edcia Militar recuperou uma motocicleta Honda Biz-125, branca, produto de roubo na tarde de ontem (26), no Jardim Itamaraty, em Ourinhos.<\/p>\n\n\n\n<p>Segundo informa\u00e7\u00f5es da PM, policiais do 31\u00ba Batalh\u00e3o de Pol\u00edcia Militar do Interior, em dilig\u00eancias ap\u00f3s o recebimento de uma den\u00fancia, localizaram a moto em um im\u00f3vel na Rua Jos\u00e9 Silvestre. A moradora da resid\u00eancia, em entrevista, identificou seu companheiro, que n\u00e3o estava presente e que havia deixado a moto no local.<\/p>\n\n\n\n<p>A ocorr\u00eancia com natureza Localiza\u00e7\u00e3o \/ Apreens\u00e3o de Ve\u00edculo foi registrada na Central de Pol\u00edcia Judici\u00e1ria e a moradora da casa ouvida e liberada.<\/p>\n\n\n\n<p>O propriet\u00e1rio da moto foi localizado e informou que a moto havia sido roubada na noite anterior, no Bairro da Sobra. Ele foi orientado sobre os procedimentos a serem adotados para a recupera\u00e7\u00e3o da moto.<\/p>\n\n\n\n<p>A pol\u00edcia segue investigando o caso para identificar e prender o autor do roubo.<\/p>\n<input type=\"hidden\" id=\"baseurl\" value=\"https:\/\/noticiasregionais.com.br\"><input type=\"hidden\" id=\"audio_nonce\" value=\"5c13e0637f\">","protected":false},"excerpt":{"rendered":"<p>A Pol\u00edcia Militar recuperou uma motocicleta Honda Biz-125, branca, produto de roubo na tarde de ontem (26), no Jardim Itamaraty,&hellip;<\/p>\n","protected":false},"author":1,"featured_media":1317,"comment_status":"closed","ping_status":"open","sticky":false,"template":"","format":"standard","meta":{"sfsi_plus_gutenberg_text_before_share":"","sfsi_plus_gutenberg_show_text_before_share":"","sfsi_plus_gutenberg_icon_type":"","sfsi_plus_gutenberg_icon_alignemt":"","sfsi_plus_gutenburg_max_per_row":"","footnotes":""},"categories":[5,10,1],"tags":[],"class_list":["post-1316","post","type-post","status-publish","format-standard","has-post-thumbnail","hentry","category-ourinhos","category-destaques","category-noticias"],"_links":{"self":[{"href":"https:\/\/noticiasregionais.com.br\/index.php?rest_route=\/wp\/v2\/posts\/1316","targetHints":{"allow":["GET"]}}],"collection":[{"href":"https:\/\/noticiasregionais.com.br\/index.php?rest_route=\/wp\/v2\/posts"}],"about":[{"href":"https:\/\/noticiasregionais.com.br\/index.php?rest_route=\/wp\/v2\/types\/post"}],"author":[{"embeddable":true,"href":"https:\/\/noticiasregionais.com.br\/index.php?rest_route=\/wp\/v2\/users\/1"}],"replies":[{"embeddable":true,"href":"https:\/\/noticiasregionais.com.br\/index.php?rest_route=%2Fwp%2Fv2%2Fcomments&post=1316"}],"version-history":[{"count":1,"href":"https:\/\/noticiasregionais.com.br\/index.php?rest_route=\/wp\/v2\/posts\/1316\/revisions"}],"predecessor-version":[{"id":1318,"href":"https:\/\/noticiasregionais.com.br\/index.php?rest_route=\/wp\/v2\/posts\/1316\/revisions\/1318"}],"wp:featuredmedia":[{"embeddable":true,"href":"https:\/\/noticiasregionais.com.br\/index.php?rest_route=\/wp\/v2\/media\/1317"}],"wp:attachment":[{"href":"https:\/\/noticiasregionais.com.br\/index.php?rest_route=%2Fwp%2Fv2%2Fmedia&parent=1316"}],"wp:term":[{"taxonomy":"category","embeddable":true,"href":"https:\/\/noticiasregionais.com.br\/index.php?rest_route=%2Fwp%2Fv2%2Fcategories&post=1316"},{"taxonomy":"post_tag","embeddable":true,"href":"https:\/\/noticiasregionais.com.br\/index.php?rest_route=%2Fwp%2Fv2%2Ftags&post=1316"}],"curies":[{"name":"wp","href":"https:\/\/api.w.org\/{rel}","templated":true}]}}