{"id":1326,"date":"2023-11-28T08:34:20","date_gmt":"2023-11-28T11:34:20","guid":{"rendered":"https:\/\/noticiasregionais.com.br\/?p=1326"},"modified":"2023-11-28T09:11:51","modified_gmt":"2023-11-28T12:11:51","slug":"sae-informa-manutencao-em-seu-sistema-telefonico-e-mantem-canais-alternativos-de-atendimento","status":"publish","type":"post","link":"https:\/\/noticiasregionais.com.br\/?p=1326","title":{"rendered":"SAE informa manuten\u00e7\u00e3o em seu sistema telef\u00f4nico e mantem canais alternativos de atendimento"},"content":{"rendered":"\n<p>A Superintend\u00eancia de \u00c1gua e Esgoto (SAE) de Ourinhos, no interior de S\u00e3o Paulo, informou nesta ter\u00e7a-feira (28) que o sistema telef\u00f4nico da autarquia est\u00e1 em manuten\u00e7\u00e3o preventiva e est\u00e1 temporariamente fora de opera\u00e7\u00e3o.<\/p>\n\n\n\n<p>De acordo com a SAE, o atendimento ao p\u00fablico est\u00e1 concentrado no Call Center, pelo telefone (14) 3512-0952. A popula\u00e7\u00e3o tamb\u00e9m pode solicitar servi\u00e7os e tirar d\u00favidas pelo WhatsApp 3302-1000.<\/p>\n\n\n\n<p>A SAE informou que a manuten\u00e7\u00e3o \u00e9 necess\u00e1ria para garantir a qualidade do servi\u00e7o prestado \u00e0 popula\u00e7\u00e3o. A previs\u00e3o para retorno do sistema telef\u00f4nico n\u00e3o foi informado<\/p>\n\n\n\n<p>A autarquia pede a compreens\u00e3o da popula\u00e7\u00e3o e orienta que os servi\u00e7os sejam solicitados pelos canais alternativos dispon\u00edveis.<\/p>\n\n\n\n<figure class=\"wp-block-image size-large\"><img decoding=\"async\" width=\"1024\" height=\"1024\" src=\"https:\/\/noticiasregionais.com.br\/wp-content\/uploads\/2023\/11\/WhatsApp-Image-2023-11-28-at-08.25.53-1024x1024.jpeg\" alt=\"\" class=\"wp-image-1327\" srcset=\"https:\/\/noticiasregionais.com.br\/wp-content\/uploads\/2023\/11\/WhatsApp-Image-2023-11-28-at-08.25.53-1024x1024.jpeg 1024w, https:\/\/noticiasregionais.com.br\/wp-content\/uploads\/2023\/11\/WhatsApp-Image-2023-11-28-at-08.25.53-300x300.jpeg 300w, https:\/\/noticiasregionais.com.br\/wp-content\/uploads\/2023\/11\/WhatsApp-Image-2023-11-28-at-08.25.53-150x150.jpeg 150w, https:\/\/noticiasregionais.com.br\/wp-content\/uploads\/2023\/11\/WhatsApp-Image-2023-11-28-at-08.25.53-768x768.jpeg 768w, https:\/\/noticiasregionais.com.br\/wp-content\/uploads\/2023\/11\/WhatsApp-Image-2023-11-28-at-08.25.53.jpeg 1080w\" sizes=\"(max-width: 1024px) 100vw, 1024px\" \/><\/figure>\n<input type=\"hidden\" id=\"baseurl\" value=\"https:\/\/noticiasregionais.com.br\"><input type=\"hidden\" id=\"audio_nonce\" value=\"533fbb67b1\">","protected":false},"excerpt":{"rendered":"<p>A Superintend\u00eancia de \u00c1gua e Esgoto (SAE) de Ourinhos, no interior de S\u00e3o Paulo, informou nesta ter\u00e7a-feira (28) que o&hellip;<\/p>\n","protected":false},"author":1,"featured_media":950,"comment_status":"closed","ping_status":"open","sticky":false,"template":"","format":"standard","meta":{"sfsi_plus_gutenberg_text_before_share":"","sfsi_plus_gutenberg_show_text_before_share":"","sfsi_plus_gutenberg_icon_type":"","sfsi_plus_gutenberg_icon_alignemt":"","sfsi_plus_gutenburg_max_per_row":"","footnotes":""},"categories":[5,10,1],"tags":[],"class_list":["post-1326","post","type-post","status-publish","format-standard","has-post-thumbnail","hentry","category-ourinhos","category-destaques","category-noticias"],"_links":{"self":[{"href":"https:\/\/noticiasregionais.com.br\/index.php?rest_route=\/wp\/v2\/posts\/1326","targetHints":{"allow":["GET"]}}],"collection":[{"href":"https:\/\/noticiasregionais.com.br\/index.php?rest_route=\/wp\/v2\/posts"}],"about":[{"href":"https:\/\/noticiasregionais.com.br\/index.php?rest_route=\/wp\/v2\/types\/post"}],"author":[{"embeddable":true,"href":"https:\/\/noticiasregionais.com.br\/index.php?rest_route=\/wp\/v2\/users\/1"}],"replies":[{"embeddable":true,"href":"https:\/\/noticiasregionais.com.br\/index.php?rest_route=%2Fwp%2Fv2%2Fcomments&post=1326"}],"version-history":[{"count":1,"href":"https:\/\/noticiasregionais.com.br\/index.php?rest_route=\/wp\/v2\/posts\/1326\/revisions"}],"predecessor-version":[{"id":1328,"href":"https:\/\/noticiasregionais.com.br\/index.php?rest_route=\/wp\/v2\/posts\/1326\/revisions\/1328"}],"wp:featuredmedia":[{"embeddable":true,"href":"https:\/\/noticiasregionais.com.br\/index.php?rest_route=\/wp\/v2\/media\/950"}],"wp:attachment":[{"href":"https:\/\/noticiasregionais.com.br\/index.php?rest_route=%2Fwp%2Fv2%2Fmedia&parent=1326"}],"wp:term":[{"taxonomy":"category","embeddable":true,"href":"https:\/\/noticiasregionais.com.br\/index.php?rest_route=%2Fwp%2Fv2%2Fcategories&post=1326"},{"taxonomy":"post_tag","embeddable":true,"href":"https:\/\/noticiasregionais.com.br\/index.php?rest_route=%2Fwp%2Fv2%2Ftags&post=1326"}],"curies":[{"name":"wp","href":"https:\/\/api.w.org\/{rel}","templated":true}]}}