{"id":13271,"date":"2026-03-10T04:25:00","date_gmt":"2026-03-10T07:25:00","guid":{"rendered":"https:\/\/noticiasregionais.com.br\/?p=13271"},"modified":"2026-03-10T04:25:00","modified_gmt":"2026-03-10T07:25:00","slug":"cfem-justica-revoga-liminar-e-mantem-regra-da-anm-para-calculo-dos-royalties-da-mineracao","status":"publish","type":"post","link":"https:\/\/noticiasregionais.com.br\/?p=13271","title":{"rendered":"CFEM: Justi\u00e7a revoga liminar e mant\u00e9m regra da ANM para c\u00e1lculo dos royalties da minera\u00e7\u00e3o"},"content":{"rendered":"<p>\t\t\t\t\t\t\t\t\t\t\t<audio controls class=\"b61_audio_player\" data-noticia=\"88212\" src=\"https:\/\/brasil61.com\/rails\/active_storage\/blobs\/eyJfcmFpbHMiOnsibWVzc2FnZSI6IkJBaHBBMGNDQkE9PSIsImV4cCI6bnVsbCwicHVyIjoiYmxvYl9pZCJ9fQ==--21f62e9502a72c4a85b32c6cb12c5e022b4e9f25\/BRAS2616016A\"><\/audio><\/p>\n<p><strong>A Justi\u00e7a Federal em Minas Gerais validou o entendimento da Ag\u00eancia Nacional de Minera\u00e7\u00e3o <a href=\"https:\/\/www.gov.br\/anm\/pt-br\" target=\"_blank\" rel=\"noopener\">(ANM)<\/a> sobre a metodologia de c\u00e1lculo da Compensa\u00e7\u00e3o Financeira pela Explora\u00e7\u00e3o de Recursos Minerais (CFEM), conhecida como royalties da minera\u00e7\u00e3o.\u00a0<\/strong><\/p>\n<p>A decis\u00e3o revogou uma liminar que havia permitido a uma mineradora excluir da base de c\u00e1lculo da CFEM valores pagos a t\u00edtulo de taxa estadual de fiscaliza\u00e7\u00e3o da atividade mineral.<\/p>\n<p><strong>A controv\u00e9rsia originou-se a partir de um mandado de seguran\u00e7a apresentado por uma empresa de minera\u00e7\u00e3o estabelecida em Minas Gerais. No processo, a mineradora pedia que os valores recolhidos como Taxa de Controle, Monitoramento e Fiscaliza\u00e7\u00e3o das Atividades de Pesquisa, Lavra, Explora\u00e7\u00e3o e Aproveitamento de Recursos Miner\u00e1rios (TFRM) fossem retirados da base de c\u00e1lculo da CFEM.\u00a0<\/strong><\/p>\n<p>A argumenta\u00e7\u00e3o da companhia era de que a taxa estadual teria o mesmo fato gerador da compensa\u00e7\u00e3o, uma vez que ambos estariam relacionados \u00e0 comercializa\u00e7\u00e3o do min\u00e9rio.<\/p>\n<p>Em um primeiro momento, o pedido foi acolhido em decis\u00e3o liminar. Contudo, a ANM, representada pela Procuradoria-Geral Federal <a href=\"https:\/\/www.gov.br\/agu\/pt-br\/composicao\/procuradoria-geral-federal-1\" target=\"_blank\" rel=\"noopener\">(PGF)<\/a>, \u00f3rg\u00e3o da Advocacia-Geral da Uni\u00e3o <a href=\"https:\/\/www.gov.br\/agu\/pt-br\" target=\"_blank\" rel=\"noopener\">(AGU)<\/a>, apresentou recurso.\u00a0<\/p>\n<p><strong>A autarquia sustentou que n\u00e3o h\u00e1 possibilidade de compensa\u00e7\u00e3o entre a CFEM \u2014 considerada receita patrimonial da Uni\u00e3o decorrente da explora\u00e7\u00e3o econ\u00f4mica de recursos minerais \u2014 e uma taxa estadual vinculada ao exerc\u00edcio do poder de pol\u00edcia sobre a atividade miner\u00e1ria.<\/strong><\/p>\n<p>Ao analisar o recurso, o ju\u00edzo da 8\u00aa Vara Federal C\u00edvel da Se\u00e7\u00e3o Judici\u00e1ria de Belo Horizonte revogou a liminar anteriormente concedida e reconheceu que a TFRM n\u00e3o pode ser abatida da base de c\u00e1lculo da CFEM.\u00a0<\/p>\n<p><strong>VEJA MAIS:<\/strong><\/p>\n<ul>\n<li><a href=\"https:\/\/brasil61.com\/n\/fpm-valor-destinado-aos-municipios-registra-nova-queda-repasse-sera-feito-nesta-terca-feira-10-bras2616003\" target=\"_blank\" rel=\"noopener\">FPM: valor destinado aos munic\u00edpios registra nova queda; repasse ser\u00e1 feito nesta ter\u00e7a-feira (10)<\/a><\/li>\n<li><a href=\"https:\/\/brasil61.com\/n\/estados-e-municipios-partilham-r-3-8-bi-referentes-a-segunda-parcela-do-fundeb-para-a-educacao-basica-bras2616007\" target=\"_blank\" rel=\"noopener\">Estados e munic\u00edpios partilham R$ 3,8 bi referentes \u00e0 segunda parcela do Fundeb para a Educa\u00e7\u00e3o B\u00e1sica<\/a><\/li>\n<\/ul>\n<p>Na decis\u00e3o, foi destacado que a taxa estadual remunera a atividade de fiscaliza\u00e7\u00e3o realizada pelo Estado e, por isso, deve ser tratada como parte dos custos operacionais da empresa, n\u00e3o sendo caracterizada como tributo incidente sobre a comercializa\u00e7\u00e3o do min\u00e9rio.<\/p>\n<h2>O que prev\u00ea a legisla\u00e7\u00e3o que trata da CFEM<\/h2>\n<p><strong>Pelo que prev\u00eas a legisla\u00e7\u00e3o que trata da CFEM (<a href=\"https:\/\/www.planalto.gov.br\/ccivil_03\/leis\/l8001.htm\" target=\"_blank\" rel=\"noopener\">Lei n\u00ba 8.001\/1990<\/a>, com as altera\u00e7\u00f5es introduzidas pela <a href=\"https:\/\/www.planalto.gov.br\/ccivil_03\/_ato2015-2018\/2017\/lei\/l13540.htm\" target=\"_blank\" rel=\"noopener\">Lei n\u00ba 13.540\/2017<\/a>), a compensa\u00e7\u00e3o \u00e9 calculada com base na receita bruta obtida com a venda do produto mineral. A norma autoriza apenas a dedu\u00e7\u00e3o de tributos que incidam diretamente sobre a comercializa\u00e7\u00e3o.<\/strong><\/p>\n<p>Nesse sentido, a decis\u00e3o judicial refor\u00e7a a interpreta\u00e7\u00e3o adotada pela ANM no exerc\u00edcio de suas atribui\u00e7\u00f5es de regulamenta\u00e7\u00e3o e fiscaliza\u00e7\u00e3o da CFEM, contribuindo para a seguran\u00e7a jur\u00eddica quanto aos crit\u00e9rios de apura\u00e7\u00e3o da compensa\u00e7\u00e3o financeira devida pelas empresas do setor mineral.<\/p>\n<h2>Import\u00e2ncia da CFEM para o setor mineral\u00a0<\/h2>\n<p>Os recursos provenientes da CFEM s\u00e3o distribu\u00eddos entre Uni\u00e3o, estados e munic\u00edpios e contribuem para o financiamento de pol\u00edticas p\u00fablicas, especialmente em localidades impactadas pela atividade miner\u00e1ria.<\/p>\n<p>A defesa da autarquia foi conduzida pela Procuradoria Federal Especializada junto \u00e0 Ag\u00eancia Nacional de Minera\u00e7\u00e3o (PFE-ANM) e pela Equipe de Cobran\u00e7a Judicial da 6\u00aa Regi\u00e3o, unidades vinculadas \u00e0 Procuradoria-Geral Federal da AGU. O processo tramita na Justi\u00e7a Federal sob o n\u00ba 1018493-79.2022.4.06.3800\/MG.<br \/>\n\u00a0<\/p>\n<p>\t\t\t\t\t\t\t\t\t\t<img decoding=\"async\" src=\"https:\/\/brasil61.com\/api\/v1\/serve_pixel\/22254\/88212\" alt=\"Pixel Brasil 61\" class=\"b61_pixel\" width=\"0\" height=\"0\"><\/p>\n<div class=\"br61_backlink\">\n<p>\n\t\t\t\tFonte: <a href=\"https:\/\/brasil61.com\/cfem-justica-revoga-liminar-e-mantem-regra-da-anm-para-calculo-dos-royalties-da-mineracao-bras2616016\" title=\"Artigo Original: CFEM: Justi\u00e7a revoga liminar e mant\u00e9m regra da ANM para c\u00e1lculo dos royalties da minera\u00e7\u00e3o\" target=\"_blank\" rel=\"noopener\">Brasil 61<\/a>\n\t\t\t<\/p>\n<\/p><\/div>\n<input type=\"hidden\" id=\"baseurl\" value=\"https:\/\/noticiasregionais.com.br\"><input type=\"hidden\" id=\"audio_nonce\" value=\"6ac8786ede\">","protected":false},"excerpt":{"rendered":"<p>Decis\u00e3o reconhece que taxa estadual de fiscaliza\u00e7\u00e3o integra custos operacionais e n\u00e3o pode ser deduzida dos royalties da minera\u00e7\u00e3o<\/p>\n","protected":false},"author":1,"featured_media":13272,"comment_status":"","ping_status":"open","sticky":false,"template":"","format":"standard","meta":{"sfsi_plus_gutenberg_text_before_share":"","sfsi_plus_gutenberg_show_text_before_share":"","sfsi_plus_gutenberg_icon_type":"","sfsi_plus_gutenberg_icon_alignemt":"","sfsi_plus_gutenburg_max_per_row":"","footnotes":""},"categories":[8],"tags":[],"class_list":["post-13271","post","type-post","status-publish","format-standard","has-post-thumbnail","hentry","category-brasil"],"_links":{"self":[{"href":"https:\/\/noticiasregionais.com.br\/index.php?rest_route=\/wp\/v2\/posts\/13271","targetHints":{"allow":["GET"]}}],"collection":[{"href":"https:\/\/noticiasregionais.com.br\/index.php?rest_route=\/wp\/v2\/posts"}],"about":[{"href":"https:\/\/noticiasregionais.com.br\/index.php?rest_route=\/wp\/v2\/types\/post"}],"author":[{"embeddable":true,"href":"https:\/\/noticiasregionais.com.br\/index.php?rest_route=\/wp\/v2\/users\/1"}],"replies":[{"embeddable":true,"href":"https:\/\/noticiasregionais.com.br\/index.php?rest_route=%2Fwp%2Fv2%2Fcomments&post=13271"}],"version-history":[{"count":0,"href":"https:\/\/noticiasregionais.com.br\/index.php?rest_route=\/wp\/v2\/posts\/13271\/revisions"}],"wp:featuredmedia":[{"embeddable":true,"href":"https:\/\/noticiasregionais.com.br\/index.php?rest_route=\/wp\/v2\/media\/13272"}],"wp:attachment":[{"href":"https:\/\/noticiasregionais.com.br\/index.php?rest_route=%2Fwp%2Fv2%2Fmedia&parent=13271"}],"wp:term":[{"taxonomy":"category","embeddable":true,"href":"https:\/\/noticiasregionais.com.br\/index.php?rest_route=%2Fwp%2Fv2%2Fcategories&post=13271"},{"taxonomy":"post_tag","embeddable":true,"href":"https:\/\/noticiasregionais.com.br\/index.php?rest_route=%2Fwp%2Fv2%2Ftags&post=13271"}],"curies":[{"name":"wp","href":"https:\/\/api.w.org\/{rel}","templated":true}]}}