{"id":13281,"date":"2026-03-10T04:20:00","date_gmt":"2026-03-10T07:20:00","guid":{"rendered":"https:\/\/noticiasregionais.com.br\/?p=13281"},"modified":"2026-03-10T04:20:00","modified_gmt":"2026-03-10T07:20:00","slug":"infogripe-casos-de-srag-voltam-a-aumentar-no-pais","status":"publish","type":"post","link":"https:\/\/noticiasregionais.com.br\/?p=13281","title":{"rendered":"InfoGripe: casos de SRAG voltam a aumentar no pa\u00eds"},"content":{"rendered":"<p>\t\t\t\t\t\t\t\t\t\t\t<audio controls class=\"b61_audio_player\" data-noticia=\"88218\" src=\"https:\/\/brasil61.com\/rails\/active_storage\/blobs\/eyJfcmFpbHMiOnsibWVzc2FnZSI6IkJBaHBBeHNDQkE9PSIsImV4cCI6bnVsbCwicHVyIjoiYmxvYl9pZCJ9fQ==--dabd2f4f96773a36d464880f087079948a406c50\/BRAS2616018A\"><\/audio><\/p>\n<p>O mais recente <a href=\"https:\/\/agencia.fiocruz.br\/infogripe-numero-de-casos-de-srag-volta-aumentar-em-quase-todo-o-pais\" target=\"_blank\" rel=\"noopener\">Boletim InfoGripe<\/a>, divulgado pela Funda\u00e7\u00e3o Oswaldo Cruz (<a href=\"https:\/\/fiocruz.br\/\" target=\"_blank\" rel=\"noopener\">Fiocruz<\/a>) na sexta-feira (6), aponta <strong>crescimento nos casos<\/strong> de S\u00edndrome Respirat\u00f3ria Aguda Grave (<a href=\"https:\/\/www.gov.br\/saude\/pt-br\/composicao\/svsa\/cnie\/srag\" target=\"_blank\" rel=\"noopener\">SRAG<\/a>) em <strong>23 estados e no Distrito Federal <\/strong>(DF). Apenas <strong>Roraima<\/strong>, <strong>Tocantins<\/strong>, <strong>Esp\u00edrito Santo<\/strong> e<strong> Rio Grande do Sul <\/strong>n\u00e3o registraram aumento nas notifica\u00e7\u00f5es. Os dados se referem \u00e0 Semana Epidemiol\u00f3gica 8, entre 22 e 28 de fevereiro.<\/p>\n<p>Segundo o levantamento epidemiol\u00f3gico, o <strong>cen\u00e1rio est\u00e1 associado ao aumento do n\u00famero de hospitaliza\u00e7\u00f5es<\/strong> por:<\/p>\n<ul>\n<li><strong>rinov\u00edrus <\/strong>em crian\u00e7as e adolescentes de 2 a 14 anos;<\/li>\n<li><strong>v\u00edrus sincicial respirat\u00f3rio <\/strong>(<a href=\"https:\/\/www.gov.br\/saude\/pt-br\/assuntos\/saude-de-a-a-z\/v\/vsr\/faq\/conceito-e-abrangencia-virus-sincicial-respiratorio-vsr\/o-que-e-o-virus\" target=\"_blank\" rel=\"noopener\">VSR<\/a>) nas crian\u00e7as menores de 2 anos; e\u00a0<\/li>\n<li><strong><a href=\"https:\/\/www.gov.br\/saude\/pt-br\/assuntos\/saude-de-a-a-z\/g\/gripe-influenza\" target=\"_blank\" rel=\"noopener\">influenza<\/a> A <\/strong>em jovens, adultos e idosos.<\/li>\n<\/ul>\n<p>De acordo com a\u00a0pesquisadora do Programa de Computa\u00e7\u00e3o Cient\u00edfica da Fiocruz e do Boletim InfoGripe, Tatiana Portella, a <strong>alta entre o p\u00fablico infantojuvenil pode estar relacionada ao retorno das aulas<\/strong>.\u00a0<\/p>\n<p>Ela recomenda que \u201ccaso a crian\u00e7a ou adolescente apresente algum sintoma de gripe ou resfriado, que os pais evitem lev\u00e1-la \u00e0 escola, para evitar a transmiss\u00e3o do v\u00edrus para outras crian\u00e7as. Se n\u00e3o for poss\u00edvel deixar a crian\u00e7a ou adolescente em casa, o ideal \u00e9 que ela use uma boa m\u00e1scara, especialmente dentro da sala de aula.\u201d<\/p>\n<h2>Regi\u00f5es em alerta<\/h2>\n<p><strong>UFs<\/strong><\/p>\n<p><strong>Dez <\/strong>unidades da Federa\u00e7\u00e3o (UFs) apresentam n\u00edvel de atividade de SRAG em alerta, risco ou alto risco:\u00a0<\/p>\n<ul>\n<li>Acre;<\/li>\n<li>Amazonas;<\/li>\n<li>Par\u00e1;<\/li>\n<li>Amap\u00e1;<\/li>\n<li>Rond\u00f4nia;<\/li>\n<li>Mato Grosso;<\/li>\n<li>Goi\u00e1s;<\/li>\n<li>Distrito Federal;<\/li>\n<li>Maranh\u00e3o; e\u00a0<\/li>\n<li>Sergipe.<\/li>\n<\/ul>\n<p><strong>Capitais<\/strong><\/p>\n<p>Entre as capitais,<strong> 12 das 27 registram n\u00edvel de atividade de SRAG em alerta<\/strong>, risco ou alto risco, com tend\u00eancia de crescimento no longo prazo.<\/p>\n<ul>\n<li>Aracaju (SE);<\/li>\n<li>Bel\u00e9m (PA);<\/li>\n<li>Belo Horizonte (MG);<\/li>\n<li>Bras\u00edlia (DF);<\/li>\n<li>Cuiab\u00e1 (MT);<\/li>\n<li>Fortaleza (CE);<\/li>\n<li>Jo\u00e3o Pessoa (PB);<\/li>\n<li>Macap\u00e1 (AP);<\/li>\n<li>Manaus (AM);<\/li>\n<li>Porto Velho (RO);\u00a0<\/li>\n<li>Rio Branco (AC); e\u00a0<\/li>\n<li>S\u00e3o Lu\u00eds (MA).<\/li>\n<\/ul>\n<h2>Preval\u00eancia dos v\u00edrus<\/h2>\n<p>Ao longo do <strong>ano epidemiol\u00f3gico de 2026<\/strong>, foram notificados mais de <strong>14,3 mil casos de SRAG<\/strong>, sendo <strong>35%<\/strong> com resultado laboratorial positivo para algum v\u00edrus respirat\u00f3rio. Dentre os casos positivos, o <strong>rinov\u00edrus \u00e9 o agente mais detectado<\/strong>, seguido pela influenza A e covid-19.<\/p>\n<table>\n<tbody>\n<tr>\n<td>V\u00edrus<\/td>\n<td>Preval\u00eancia (%)<\/td>\n<\/tr>\n<tr>\n<td>V\u00edrus Sincicial Respirat\u00f3rio (VSR)<\/td>\n<td>13,6%<\/td>\n<\/tr>\n<tr>\n<td>Influenza A<\/td>\n<td>20%<\/td>\n<\/tr>\n<tr>\n<td>Rinov\u00edrus<\/td>\n<td>40%<\/td>\n<\/tr>\n<tr>\n<td>Sars-CoV-2 (Covid-19)<\/td>\n<td>17%<\/td>\n<\/tr>\n<tr>\n<td>Influenza B<\/td>\n<td>1,7%<\/td>\n<\/tr>\n<\/tbody>\n<\/table>\n<h2>Incid\u00eancia e mortalidade<\/h2>\n<p>Em rela\u00e7\u00e3o aos \u00f3bitos, a <strong>covid-19 responde pela maior parte das mortes registradas<\/strong>, seguida pela influenza A e pelo rinov\u00edrus.<\/p>\n<table>\n<tbody>\n<tr>\n<td>V\u00edrus<\/td>\n<td>Preval\u00eancia (%)<\/td>\n<\/tr>\n<tr>\n<td>V\u00edrus Sincicial Respirat\u00f3rio (VSR)<\/td>\n<td>8,7%<\/td>\n<\/tr>\n<tr>\n<td>Influenza A<\/td>\n<td>27,5%<\/td>\n<\/tr>\n<tr>\n<td>Rinov\u00edrus<\/td>\n<td>17,4%<\/td>\n<\/tr>\n<tr>\n<td>Sars-CoV-2 (Covid-19)<\/td>\n<td>39,1%<\/td>\n<\/tr>\n<tr>\n<td>Influenza B<\/td>\n<td>3,6%<\/td>\n<\/tr>\n<\/tbody>\n<\/table>\n<p>O estudo aponta que, na an\u00e1lise das \u00faltimas oito semanas epidemiol\u00f3gicas, a <strong>incid\u00eancia e a mortalidade por SRAG permanecem mais elevadas nas faixas et\u00e1rias extremas<\/strong>: crian\u00e7as pequenas concentram os casos, enquanto os idosos apresentam os maiores \u00edndices de mortalidade.<\/p>\n<p>\t\t\t\t\t\t\t\t\t\t<img decoding=\"async\" src=\"https:\/\/brasil61.com\/api\/v1\/serve_pixel\/22254\/88218\" alt=\"Pixel Brasil 61\" class=\"b61_pixel\" width=\"0\" height=\"0\"><\/p>\n<div class=\"br61_backlink\">\n<p>\n\t\t\t\tFonte: <a href=\"https:\/\/brasil61.com\/infogripe-casos-de-srag-voltam-a-aumentar-no-pais-bras2616018\" title=\"Artigo Original: InfoGripe: casos de SRAG voltam a aumentar no pa\u00eds\" target=\"_blank\" rel=\"noopener\">Brasil 61<\/a>\n\t\t\t<\/p>\n<\/p><\/div>\n<input type=\"hidden\" id=\"baseurl\" value=\"https:\/\/noticiasregionais.com.br\"><input type=\"hidden\" id=\"audio_nonce\" value=\"6ac8786ede\">","protected":false},"excerpt":{"rendered":"<p>Estudo aponta que 23 estados e DF registram crescimento no n\u00famero de notifica\u00e7\u00f5es; crian\u00e7as e adolescentes s\u00e3o os mais afetados<\/p>\n","protected":false},"author":1,"featured_media":13282,"comment_status":"","ping_status":"open","sticky":false,"template":"","format":"standard","meta":{"sfsi_plus_gutenberg_text_before_share":"","sfsi_plus_gutenberg_show_text_before_share":"","sfsi_plus_gutenberg_icon_type":"","sfsi_plus_gutenberg_icon_alignemt":"","sfsi_plus_gutenburg_max_per_row":"","footnotes":""},"categories":[8],"tags":[],"class_list":["post-13281","post","type-post","status-publish","format-standard","has-post-thumbnail","hentry","category-brasil"],"_links":{"self":[{"href":"https:\/\/noticiasregionais.com.br\/index.php?rest_route=\/wp\/v2\/posts\/13281","targetHints":{"allow":["GET"]}}],"collection":[{"href":"https:\/\/noticiasregionais.com.br\/index.php?rest_route=\/wp\/v2\/posts"}],"about":[{"href":"https:\/\/noticiasregionais.com.br\/index.php?rest_route=\/wp\/v2\/types\/post"}],"author":[{"embeddable":true,"href":"https:\/\/noticiasregionais.com.br\/index.php?rest_route=\/wp\/v2\/users\/1"}],"replies":[{"embeddable":true,"href":"https:\/\/noticiasregionais.com.br\/index.php?rest_route=%2Fwp%2Fv2%2Fcomments&post=13281"}],"version-history":[{"count":0,"href":"https:\/\/noticiasregionais.com.br\/index.php?rest_route=\/wp\/v2\/posts\/13281\/revisions"}],"wp:featuredmedia":[{"embeddable":true,"href":"https:\/\/noticiasregionais.com.br\/index.php?rest_route=\/wp\/v2\/media\/13282"}],"wp:attachment":[{"href":"https:\/\/noticiasregionais.com.br\/index.php?rest_route=%2Fwp%2Fv2%2Fmedia&parent=13281"}],"wp:term":[{"taxonomy":"category","embeddable":true,"href":"https:\/\/noticiasregionais.com.br\/index.php?rest_route=%2Fwp%2Fv2%2Fcategories&post=13281"},{"taxonomy":"post_tag","embeddable":true,"href":"https:\/\/noticiasregionais.com.br\/index.php?rest_route=%2Fwp%2Fv2%2Ftags&post=13281"}],"curies":[{"name":"wp","href":"https:\/\/api.w.org\/{rel}","templated":true}]}}