{"id":13283,"date":"2026-03-10T04:30:00","date_gmt":"2026-03-10T07:30:00","guid":{"rendered":"https:\/\/noticiasregionais.com.br\/?p=13283"},"modified":"2026-03-10T04:30:00","modified_gmt":"2026-03-10T07:30:00","slug":"maior-planta-de-biometano-do-brasil-e-inaugurada-em-paulinia-sp","status":"publish","type":"post","link":"https:\/\/noticiasregionais.com.br\/?p=13283","title":{"rendered":"Maior planta de biometano do Brasil \u00e9 inaugurada em Paul\u00ednia (SP)"},"content":{"rendered":"<p>\t\t\t\t\t\t\t\t\t\t\t<audio controls class=\"b61_audio_player\" data-noticia=\"88217\" src=\"https:\/\/brasil61.com\/rails\/active_storage\/blobs\/eyJfcmFpbHMiOnsibWVzc2FnZSI6IkJBaHBBeXNDQkE9PSIsImV4cCI6bnVsbCwicHVyIjoiYmxvYl9pZCJ9fQ==--f14d848221f81d14b99781b53237d0aa91844511\/BRAS2616017A\"><\/audio><\/p>\n<p>A maior<strong> planta de biometano do Brasil<\/strong> foi inaugurada no \u00faltimo s\u00e1bado (7) em <strong>Paul\u00ednia<\/strong>, no interior de S\u00e3o Paulo. A unidade, operada pela empresa <a href=\"https:\/\/www.abegas.org.br\/arquivos\/tag\/onebio\" target=\"_blank\" rel=\"noopener\">OneBio<\/a>, tem capacidade nominal de produ\u00e7\u00e3o de 225 mil metros c\u00fabicos por dia, o equivalente a cerca de um ter\u00e7o da capacidade instalada de <strong>biometano <\/strong>no estado paulista.<\/p>\n<\/p>\n<p dir=\"ltr\">O empreendimento transforma res\u00edduos s\u00f3lidos urbanos, como lixo dom\u00e9stico depositado em aterros sanit\u00e1rios, em <strong>combust\u00edvel renov\u00e1vel<\/strong>. O <strong>biometano <\/strong>\u00e9 produzido a partir da purifica\u00e7\u00e3o do biog\u00e1s gerado durante a decomposi\u00e7\u00e3o desses res\u00edduos.<\/p>\n<p dir=\"ltr\">Inicialmente, a planta deve <strong>operar com cerca de 50% da capacidade total<\/strong>. A previs\u00e3o \u00e9 que a produ\u00e7\u00e3o plena seja alcan\u00e7ada ao longo de 2026. Quando estiver em funcionamento m\u00e1ximo, o volume gerado poder\u00e1 abastecer diariamente mais de mil \u00f4nibus urbanos.<\/p>\n<p dir=\"ltr\">A unidade faz parte de um e<strong>coparque ambiental <\/strong>que substituiu um antigo aterro sanit\u00e1rio. O projeto \u00e9 resultado de uma parceria entre a <strong>Edge<\/strong>, respons\u00e1vel por 51% do investimento, e a <a href=\"https:\/\/orizonvr.com.br\/\" target=\"_blank\" rel=\"noopener\">Orizon Valoriza\u00e7\u00e3o de Res\u00edduos<\/a>, que det\u00e9m <strong>49%<\/strong>.<\/p>\n<p dir=\"ltr\">Segundo o governo paulista, o estado concentra atualmente nove das 19 plantas de biometano em opera\u00e7\u00e3o no Brasil, com capacidade total de cerca de <strong>700 mil metros c\u00fabicos por dia<\/strong>, aproximadamente metade da produ\u00e7\u00e3o nacional.<\/p>\n<p dir=\"ltr\">Al\u00e9m disso, outras oito unidades est\u00e3o em processo de autoriza\u00e7\u00e3o. A expectativa \u00e9 que a produ\u00e7\u00e3o estadual ultrapasse<strong> 800 mil metros c\u00fabicos<\/strong> por dia at\u00e9 2026.<\/p>\n<p dir=\"ltr\">O <strong>biometano <\/strong>pode ser utilizado como combust\u00edvel para ve\u00edculos, fonte de energia em processos industriais ou substituto do g\u00e1s natural em diversas aplica\u00e7\u00f5es. A tecnologia tamb\u00e9m contribui para a economia circular, ao transformar res\u00edduos em energia renov\u00e1vel e reduzir a emiss\u00e3o de gases de efeito estufa.<\/p>\n<p>\t\t\t\t\t\t\t\t\t\t<img decoding=\"async\" src=\"https:\/\/brasil61.com\/api\/v1\/serve_pixel\/22254\/88217\" alt=\"Pixel Brasil 61\" class=\"b61_pixel\" width=\"0\" height=\"0\"><\/p>\n<div class=\"br61_backlink\">\n<p>\n\t\t\t\tFonte: <a href=\"https:\/\/brasil61.com\/maior-planta-de-biometano-do-brasil-e-inaugurada-em-paulinia-sp-bras2616017\" title=\"Artigo Original: Maior planta de biometano do Brasil \u00e9 inaugurada em Paul\u00ednia (SP)\" target=\"_blank\" rel=\"noopener\">Brasil 61<\/a>\n\t\t\t<\/p>\n<\/p><\/div>\n<input type=\"hidden\" id=\"baseurl\" value=\"https:\/\/noticiasregionais.com.br\"><input type=\"hidden\" id=\"audio_nonce\" value=\"6ac8786ede\">","protected":false},"excerpt":{"rendered":"<p> Unidade transforma res\u00edduos urbanos em combust\u00edvel renov\u00e1vel e refor\u00e7a lideran\u00e7a de S\u00e3o Paulo na transi\u00e7\u00e3o energ\u00e9tica<\/p>\n","protected":false},"author":1,"featured_media":13284,"comment_status":"","ping_status":"open","sticky":false,"template":"","format":"standard","meta":{"sfsi_plus_gutenberg_text_before_share":"","sfsi_plus_gutenberg_show_text_before_share":"","sfsi_plus_gutenberg_icon_type":"","sfsi_plus_gutenberg_icon_alignemt":"","sfsi_plus_gutenburg_max_per_row":"","footnotes":""},"categories":[8],"tags":[],"class_list":["post-13283","post","type-post","status-publish","format-standard","has-post-thumbnail","hentry","category-brasil"],"_links":{"self":[{"href":"https:\/\/noticiasregionais.com.br\/index.php?rest_route=\/wp\/v2\/posts\/13283","targetHints":{"allow":["GET"]}}],"collection":[{"href":"https:\/\/noticiasregionais.com.br\/index.php?rest_route=\/wp\/v2\/posts"}],"about":[{"href":"https:\/\/noticiasregionais.com.br\/index.php?rest_route=\/wp\/v2\/types\/post"}],"author":[{"embeddable":true,"href":"https:\/\/noticiasregionais.com.br\/index.php?rest_route=\/wp\/v2\/users\/1"}],"replies":[{"embeddable":true,"href":"https:\/\/noticiasregionais.com.br\/index.php?rest_route=%2Fwp%2Fv2%2Fcomments&post=13283"}],"version-history":[{"count":0,"href":"https:\/\/noticiasregionais.com.br\/index.php?rest_route=\/wp\/v2\/posts\/13283\/revisions"}],"wp:featuredmedia":[{"embeddable":true,"href":"https:\/\/noticiasregionais.com.br\/index.php?rest_route=\/wp\/v2\/media\/13284"}],"wp:attachment":[{"href":"https:\/\/noticiasregionais.com.br\/index.php?rest_route=%2Fwp%2Fv2%2Fmedia&parent=13283"}],"wp:term":[{"taxonomy":"category","embeddable":true,"href":"https:\/\/noticiasregionais.com.br\/index.php?rest_route=%2Fwp%2Fv2%2Fcategories&post=13283"},{"taxonomy":"post_tag","embeddable":true,"href":"https:\/\/noticiasregionais.com.br\/index.php?rest_route=%2Fwp%2Fv2%2Ftags&post=13283"}],"curies":[{"name":"wp","href":"https:\/\/api.w.org\/{rel}","templated":true}]}}