{"id":13287,"date":"2026-03-10T17:00:00","date_gmt":"2026-03-10T20:00:00","guid":{"rendered":"https:\/\/noticiasregionais.com.br\/?p=13287"},"modified":"2026-03-10T22:31:51","modified_gmt":"2026-03-11T01:31:51","slug":"festival-sesi-de-educacao-define-representantes-brasileiros-para-mundial-de-robotica-nos-eua","status":"publish","type":"post","link":"https:\/\/noticiasregionais.com.br\/?p=13287","title":{"rendered":"Festival SESI de Educa\u00e7\u00e3o define representantes brasileiros para mundial de rob\u00f3tica nos EUA"},"content":{"rendered":"<p>\t\t\t\t\t\t\t\t\t\t<audio controls class=\"b61_audio_player\" data-noticia=\"88237\" src=\"https:\/\/brasil61.com\/rails\/active_storage\/blobs\/eyJfcmFpbHMiOnsibWVzc2FnZSI6IkJBaHBBeDBEQkE9PSIsImV4cCI6bnVsbCwicHVyIjoiYmxvYl9pZCJ9fQ==--5c2318b19bb0bed912b7a154f7994fa3571d4314\/PIND264719B\"><\/audio><\/p>\n<p>Cerca de 2,3 mil estudantes, entre 9 e 19 anos, de escolas p\u00fablicas e privadas de todo o Brasil, participaram do <a href=\"https:\/\/www.sesi.portaldaindustria.com.br\/para-voce\/robotica\/festival-sesi-de-educacao-2026\" target=\"_blank\" rel=\"noopener\"><strong>Festival SESI de Educa\u00e7\u00e3o 2026<\/strong><\/a>, realizado de 4 a 8 de mar\u00e7o em S\u00e3o Paulo (SP). O evento reuniu algumas das principais competi\u00e7\u00f5es de rob\u00f3tica educacional do mundo e definiu as equipes que representar\u00e3o o pa\u00eds no mundial da FIRST, em Houston (EUA).<\/p>\n<p>Ao todo, 12 equipes brasileiras garantiram vaga para disputar a etapa internacional, marcada para acontecer entre 29 de abril e 2 de maio, na sede da organiza\u00e7\u00e3o sem fins <strong>lucrativos For Inspiration and Recognition of Science and Technology (<a href=\"https:\/\/www.firstinspires.org\/\" target=\"_blank\" rel=\"noopener\">FIRST<\/a>)<\/strong>. Entre os classificados est\u00e3o times de v\u00e1rias unidades federativas, como:<\/p>\n<ul>\n<li>Distrito Federal;<\/li>\n<li>Goi\u00e1s;<\/li>\n<li>Mato Grosso;<\/li>\n<li>Rio Grande do Sul;<\/li>\n<li>Santa Catarina;<\/li>\n<li>S\u00e3o Paulo;\u00a0<\/li>\n<\/ul>\n<p>Para Paulo M\u00f3l, diretor superintendente do SESI, o destaque da edi\u00e7\u00e3o foi a diversidade regional. \u201cUma coisa que me chamou muita aten\u00e7\u00e3o, e que por estar no Departamento Nacional me d\u00e1 muita alegria, \u00e9 ver que na premia\u00e7\u00e3o havia times de todas as regi\u00f5es do pa\u00eds. Antes havia uma concentra\u00e7\u00e3o maior no Sudeste e Sul, e agora vejo todas as regi\u00f5es contempladas, todos desenvolvendo um trabalho muito bem feito\u201d, afirmou.<\/p>\n<p>Segundo o presidente do Conselho Nacional do SESI, Fausto Augusto Jr., o objetivo do festival \u201c\u00e9 levar a rob\u00f3tica e a educa\u00e7\u00e3o tecnol\u00f3gica para todo o Brasil e difundir para o mundo\u201d.<\/p>\n<h2>Modalidades<\/h2>\n<p>O encontro busca estimular jovens a aprender ci\u00eancia e tecnologia de forma pr\u00e1tica, por meio de desafios que combinam programa\u00e7\u00e3o, engenharia e inova\u00e7\u00e3o. As disputas ocorreram em diferentes modalidades, entre elas:<\/p>\n<ul>\n<li><strong>FIRST LEGO League Challenge (FLLC): <\/strong>voltada para alunos de 9 a 15 anos, que constroem rob\u00f4s com pe\u00e7as LEGO e desenvolvem projetos de inova\u00e7\u00e3o aplicados a problemas reais.<\/li>\n<li><strong>FIRST Tech Challenge (FTC): <\/strong>destinada ao ensino m\u00e9dio, desafia equipes a projetar e programar rob\u00f4s de at\u00e9 19 kg.<\/li>\n<li><strong>FIRST Robotics Competition (FRC):<\/strong> considerada a \u201colimp\u00edada dos rob\u00f4s\u201d, re\u00fane estudantes do ensino m\u00e9dio em desafios de grande porte, com m\u00e1quinas industriais de at\u00e9 56 kg que simulam processos de engenharia avan\u00e7ada.<\/li>\n<li><strong>STEM Racing: <\/strong>competi\u00e7\u00e3o internacional para jovens de 9 a 19 anos, em que os participantes projetam carros de F\u00f3rmula 1 em miniatura, impulsionados por c\u00e1psulas de CO\u2082.<\/li>\n<\/ul>\n<h2>Confira as equipes classificadas<\/h2>\n<p>As equipes brasileiras que garantiram vaga para etapas mundiais foram:<\/p>\n<ul>\n<li><strong>FLL:<\/strong> Albatroid (DF), Young Inventors (MT), SESI SENAI SC Pipeline Surfers (SC). \u00a0<\/li>\n<li><strong>FRC:<\/strong> #7563 SESI SENAI MEGAZORD (SP), #1156 Under Control (RS), #7565 SESI SENAI ROBON\u00c1TICOS (SP), #9175 BrainMachine-FRC (GO). \u00a0<\/li>\n<li><strong>FTC:<\/strong> 13 equipes avan\u00e7aram, sendo cinco para Houston e oito para Premier Events. Entre elas: Amigos Droids (MG), Space Tech (PE), ROBOTECH FTC (SE), Tech Dragons (ES), JUSTICE FTC TEAM (GO), entre outras. \u00a0<\/li>\n<li><strong>STEM Racing:<\/strong> TEAM HYOKU (ES) e ALPHA SCUDERIA (SC) representar\u00e3o o Brasil em Singapura.\u00a0<\/li>\n<\/ul>\n<p>Al\u00e9m disso, times brasileiros tamb\u00e9m disputar\u00e3o torneios internacionais abertos em pa\u00edses como Austr\u00e1lia, Gr\u00e9cia, Coreia, Estados Unidos, M\u00e9xico e Canad\u00e1.<br \/>\n\u00a0<\/p>\n<p>\t\t\t\t\t\t\t\t\t<img decoding=\"async\" src=\"https:\/\/brasil61.com\/api\/v1\/serve_pixel\/22254\/88237\" alt=\"Pixel Brasil 61\" class=\"b61_pixel\" width=\"0\" height=\"0\"><\/p>\n<div class=\"br61_backlink\">\n<p>\n\t\t\t\tFonte: <a href=\"https:\/\/brasil61.com\/festival-sesi-de-educacao-define-representantes-brasileiros-para-mundial-de-robotica-nos-eua-pind264719\" title=\"Artigo Original: Festival SESI de Educa\u00e7\u00e3o define representantes brasileiros para mundial de rob\u00f3tica nos EUA\" target=\"_blank\" rel=\"noopener\">Brasil 61<\/a>\n\t\t\t<\/p>\n<\/p><\/div>\n<input type=\"hidden\" id=\"baseurl\" value=\"https:\/\/noticiasregionais.com.br\"><input type=\"hidden\" id=\"audio_nonce\" value=\"533fbb67b1\">","protected":false},"excerpt":{"rendered":"<p>Evento das principais competi\u00e7\u00f5es de rob\u00f3tica educacional reuniu mais de 2 mil estudantes; 12 times conquistam vaga para a etapa internacional<\/p>\n","protected":false},"author":1,"featured_media":13295,"comment_status":"closed","ping_status":"open","sticky":false,"template":"","format":"standard","meta":{"sfsi_plus_gutenberg_text_before_share":"","sfsi_plus_gutenberg_show_text_before_share":"","sfsi_plus_gutenberg_icon_type":"","sfsi_plus_gutenberg_icon_alignemt":"","sfsi_plus_gutenburg_max_per_row":"","footnotes":""},"categories":[8],"tags":[],"class_list":["post-13287","post","type-post","status-publish","format-standard","has-post-thumbnail","hentry","category-brasil"],"_links":{"self":[{"href":"https:\/\/noticiasregionais.com.br\/index.php?rest_route=\/wp\/v2\/posts\/13287","targetHints":{"allow":["GET"]}}],"collection":[{"href":"https:\/\/noticiasregionais.com.br\/index.php?rest_route=\/wp\/v2\/posts"}],"about":[{"href":"https:\/\/noticiasregionais.com.br\/index.php?rest_route=\/wp\/v2\/types\/post"}],"author":[{"embeddable":true,"href":"https:\/\/noticiasregionais.com.br\/index.php?rest_route=\/wp\/v2\/users\/1"}],"replies":[{"embeddable":true,"href":"https:\/\/noticiasregionais.com.br\/index.php?rest_route=%2Fwp%2Fv2%2Fcomments&post=13287"}],"version-history":[{"count":1,"href":"https:\/\/noticiasregionais.com.br\/index.php?rest_route=\/wp\/v2\/posts\/13287\/revisions"}],"predecessor-version":[{"id":13294,"href":"https:\/\/noticiasregionais.com.br\/index.php?rest_route=\/wp\/v2\/posts\/13287\/revisions\/13294"}],"wp:featuredmedia":[{"embeddable":true,"href":"https:\/\/noticiasregionais.com.br\/index.php?rest_route=\/wp\/v2\/media\/13295"}],"wp:attachment":[{"href":"https:\/\/noticiasregionais.com.br\/index.php?rest_route=%2Fwp%2Fv2%2Fmedia&parent=13287"}],"wp:term":[{"taxonomy":"category","embeddable":true,"href":"https:\/\/noticiasregionais.com.br\/index.php?rest_route=%2Fwp%2Fv2%2Fcategories&post=13287"},{"taxonomy":"post_tag","embeddable":true,"href":"https:\/\/noticiasregionais.com.br\/index.php?rest_route=%2Fwp%2Fv2%2Ftags&post=13287"}],"curies":[{"name":"wp","href":"https:\/\/api.w.org\/{rel}","templated":true}]}}