{"id":1329,"date":"2023-11-28T09:18:51","date_gmt":"2023-11-28T12:18:51","guid":{"rendered":"https:\/\/noticiasregionais.com.br\/?p=1329"},"modified":"2023-11-28T09:18:54","modified_gmt":"2023-11-28T12:18:54","slug":"ourinhos-recebe-146-milhao-do-fpm-total-pago-aos-municipios-nesta-quinta-e-de-33-bilhoes","status":"publish","type":"post","link":"https:\/\/noticiasregionais.com.br\/?p=1329","title":{"rendered":"Ourinhos recebe 1,46 Milh\u00e3o do FPM. Total pago aos municipios nesta quinta \u00e9 de 3,3 Bilh\u00f5es"},"content":{"rendered":"\n<p class=\"has-text-align-center\"><strong>Queda de 10% em rela\u00e7\u00e3o ao mesmo per\u00edodo do m\u00eas passado aponta rein\u00edcio do ciclo de baixa que havia se estabilizado no come\u00e7o do 2\u00ba semestre, segundo especialista<\/strong><\/p>\n\n\n\n<p>A Uni\u00e3o deposita, nesta quinta-feira (30), nas contas banc\u00e1rias das prefeituras do pa\u00eds, um total de R$ 3.361.483.980,94 relativo \u00e0 terceira parcela de novembro do FPM (Fundo de Participa\u00e7\u00e3o dos Munic\u00edpios). O Brasil possui mais de 5.500 munic\u00edpios e todos eles t\u00eam direito a estes recursos, que s\u00e3o descontados do contribuinte atrav\u00e9s do Imposto de Renda e do IPI (Imposto sobre Produtos Industrializados) e s\u00e3o distribu\u00eddos \u00e0s prefeituras atrav\u00e9s do Banco do Brasil.<\/p>\n\n\n\n<p>Somente as prefeituras com algum tipo de pend\u00eancia (de ordem burocr\u00e1tica ou devido a inadimpl\u00eancias) est\u00e3o impedidas de receber. Mas,&nbsp;a maioria est\u00e1 \u201cem dia\u201d e tem acesso aos repasses, que podem ser usados pelos gestores municipais de diversas formas, em benef\u00edcio da popula\u00e7\u00e3o (veja abaixo).<\/p>\n\n\n\n<p>De acordo com o consultor de Or\u00e7amentos C\u00e9sar Lima, os repasses do FPM neste terceiro dec\u00eandio do m\u00eas apresentam uma queda de 10% em rela\u00e7\u00e3o ao mesmo dec\u00eandio do m\u00eas anterior. \u201cApesar de apresentar um acr\u00e9scimo de 16% em rela\u00e7\u00e3o ao mesmo per\u00edodo do ano de 2022, essa queda reinicia um ciclo de baixa que tinha se estabilizado no in\u00edcio do segundo semestre\u201d, avalia. Portanto, o Fundo \u201cretoma uma tend\u00eancia de queda\u201d.<\/p>\n\n\n\n<h2 class=\"wp-block-heading\">Como \u00e9 feito o c\u00e1lculo<\/h2>\n\n\n\n<p>Os percentuais de participa\u00e7\u00e3o de cada munic\u00edpio s\u00e3o calculados pelo Tribunal de Contas da Uni\u00e3o (TCU), de acordo com o n\u00famero de habitantes de cada cidade e a renda \u201cper capita\u201d dos estados.&nbsp;<\/p>\n\n\n\n<p>A transi\u00e7\u00e3o para os novos n\u00fameros do censo 2022 do IBGE (Instituto Brasileiro de Geografia e Estat\u00edstica) est\u00e1 sendo implantada, aos poucos, depois da aprova\u00e7\u00e3o pelo Congresso Nacional de uma nova lei voltada ao assunto, j\u00e1 sancionada pela Presid\u00eancia da Rep\u00fablica, segundo a qual a mudan\u00e7a dos valores repassados, conforme os novos dados demogr\u00e1ficos, ser\u00e1 feita ao longo de dez anos.<\/p>\n\n\n\n<p>Fonte: <a href=\"https:\/\/brasil61.com\/n\/fpm-prefeituras-recebem-r-3-3-bilhoes-nesta-quinta-feira-30-veja-o-mapa-com-os-valores-de-cada-prefeitura-bras2310238\" target=\"_blank\" rel=\"noreferrer noopener\">Brasil 61<\/a><\/p>\n<input type=\"hidden\" id=\"baseurl\" value=\"https:\/\/noticiasregionais.com.br\"><input type=\"hidden\" id=\"audio_nonce\" value=\"533fbb67b1\">","protected":false},"excerpt":{"rendered":"<p>Queda de 10% em rela\u00e7\u00e3o ao mesmo per\u00edodo do m\u00eas passado aponta rein\u00edcio do ciclo de baixa que havia se&hellip;<\/p>\n","protected":false},"author":1,"featured_media":1330,"comment_status":"closed","ping_status":"open","sticky":false,"template":"","format":"standard","meta":{"sfsi_plus_gutenberg_text_before_share":"","sfsi_plus_gutenberg_show_text_before_share":"","sfsi_plus_gutenberg_icon_type":"","sfsi_plus_gutenberg_icon_alignemt":"","sfsi_plus_gutenburg_max_per_row":"","footnotes":""},"categories":[5,12,1],"tags":[],"class_list":["post-1329","post","type-post","status-publish","format-standard","has-post-thumbnail","hentry","category-ourinhos","category-capa","category-noticias"],"_links":{"self":[{"href":"https:\/\/noticiasregionais.com.br\/index.php?rest_route=\/wp\/v2\/posts\/1329","targetHints":{"allow":["GET"]}}],"collection":[{"href":"https:\/\/noticiasregionais.com.br\/index.php?rest_route=\/wp\/v2\/posts"}],"about":[{"href":"https:\/\/noticiasregionais.com.br\/index.php?rest_route=\/wp\/v2\/types\/post"}],"author":[{"embeddable":true,"href":"https:\/\/noticiasregionais.com.br\/index.php?rest_route=\/wp\/v2\/users\/1"}],"replies":[{"embeddable":true,"href":"https:\/\/noticiasregionais.com.br\/index.php?rest_route=%2Fwp%2Fv2%2Fcomments&post=1329"}],"version-history":[{"count":1,"href":"https:\/\/noticiasregionais.com.br\/index.php?rest_route=\/wp\/v2\/posts\/1329\/revisions"}],"predecessor-version":[{"id":1331,"href":"https:\/\/noticiasregionais.com.br\/index.php?rest_route=\/wp\/v2\/posts\/1329\/revisions\/1331"}],"wp:featuredmedia":[{"embeddable":true,"href":"https:\/\/noticiasregionais.com.br\/index.php?rest_route=\/wp\/v2\/media\/1330"}],"wp:attachment":[{"href":"https:\/\/noticiasregionais.com.br\/index.php?rest_route=%2Fwp%2Fv2%2Fmedia&parent=1329"}],"wp:term":[{"taxonomy":"category","embeddable":true,"href":"https:\/\/noticiasregionais.com.br\/index.php?rest_route=%2Fwp%2Fv2%2Fcategories&post=1329"},{"taxonomy":"post_tag","embeddable":true,"href":"https:\/\/noticiasregionais.com.br\/index.php?rest_route=%2Fwp%2Fv2%2Ftags&post=1329"}],"curies":[{"name":"wp","href":"https:\/\/api.w.org\/{rel}","templated":true}]}}