{"id":13304,"date":"2026-03-11T04:15:00","date_gmt":"2026-03-11T07:15:00","guid":{"rendered":"https:\/\/noticiasregionais.com.br\/?p=13304"},"modified":"2026-03-11T04:15:00","modified_gmt":"2026-03-11T07:15:00","slug":"mpox-brasil-registra-140-casos-em-2026","status":"publish","type":"post","link":"https:\/\/noticiasregionais.com.br\/?p=13304","title":{"rendered":"Mpox: Brasil registra 140 casos em 2026"},"content":{"rendered":"<p>\t\t\t\t\t\t\t\t\t\t\t<audio controls class=\"b61_audio_player\" data-noticia=\"88245\" src=\"https:\/\/brasil61.com\/rails\/active_storage\/blobs\/eyJfcmFpbHMiOnsibWVzc2FnZSI6IkJBaHBBMGtEQkE9PSIsImV4cCI6bnVsbCwicHVyIjoiYmxvYl9pZCJ9fQ==--bbaa194b8fc9648898548bdaf0a415e63484d889\/BRAS2616027A\"><\/audio><\/p>\n<p><strong>O Brasil j\u00e1 contabiliza 140 casos confirmados de mpox em 2026<\/strong>, segundo dados do <a href=\"https:\/\/www.gov.br\/saude\/pt-br\/composicao\/svsa\/cnie\" target=\"_blank\" rel=\"noopener\">Centro Nacional de Intelig\u00eancia Epidemiol\u00f3gica e Vigil\u00e2ncia Gen\u00f4mica<\/a> do <a href=\"https:\/\/www.gov.br\/saude\/pt-br\" target=\"_blank\" rel=\"noopener\">Minist\u00e9rio da Sa\u00fade (MS)<\/a>. At\u00e9 o momento, <strong>nenhuma morte pela doen\u00e7a foi registrada neste ano<\/strong>.<\/p>\n<p>Al\u00e9m dos casos confirmados, a pasta investiga <strong>539 casos suspeitos e 9 prov\u00e1veis<\/strong>. Entre os estados, os maiores n\u00fameros de registros est\u00e3o em:<\/p>\n<ul>\n<li>S\u00e3o Paulo: 93 casos<\/li>\n<li>Rio de Janeiro: 18 casos<\/li>\n<li>Rond\u00f4nia e Minas Gerais: 11 casos cada<\/li>\n<\/ul>\n<h2>Mpox: o que \u00e9<\/h2>\n<p>A <strong>mpox<\/strong>, anteriormente conhecida como \u201c<strong>var\u00edola dos macacos<\/strong>\u201d, \u00e9 uma <strong>doen\u00e7a zoon\u00f3tica viral <\/strong>\u2014 ou seja, pode ser<strong> transmitida de animais para seres humanos<\/strong>. O v\u00edrus pertence ao g\u00eanero <strong>Orthopoxvirus<\/strong>, da mesma fam\u00edlia da var\u00edola.<\/p>\n<p>Desde 2022, o <strong>Brasil contabilizou 14.634 notifica\u00e7\u00f5es <\/strong>da doen\u00e7a, de acordo com dados do Minist\u00e9rio da Sa\u00fade atualizados at\u00e9 a \u00faltima segunda-feira (9). A maior parte dos casos ocorreu entre<strong> 2022 e 2023<\/strong>, per\u00edodo marcado por um <strong>surto global que atingiu mais de 120 pa\u00edses e ultrapassou 100 mil casos<\/strong>.<\/p>\n<h2>Preven\u00e7\u00e3o<\/h2>\n<p>Ao contr\u00e1rio de outras doen\u00e7as virais, em que a vacina\u00e7\u00e3o \u00e9 a principal forma de prote\u00e7\u00e3o, <strong>no caso da mpox, a forma mais eficaz \u00e9 evitar contato direto com pessoas com suspeita ou confirma\u00e7\u00e3o da doen\u00e7a<\/strong>. Se a intera\u00e7\u00e3o for inevit\u00e1vel, as autoridades em sa\u00fade recomendam o uso de<strong> luvas, m\u00e1scaras, avental e \u00f3culos de prote\u00e7\u00e3o<\/strong>.\u00a0<\/p>\n<p>A transmiss\u00e3o pode ocorrer principalmente por:<\/p>\n<ul>\n<li>contato direto com les\u00f5es de pele de pessoas infectadas;<\/li>\n<li>exposi\u00e7\u00e3o a fluidos corporais e secre\u00e7\u00f5es respirat\u00f3rias;<\/li>\n<li>compartilhamento de objetos contaminados, como roupas e toalhas;<\/li>\n<li>contato com animais silvestres infectados, especialmente roedores.<\/li>\n<\/ul>\n<p>Segundo o MS, os<strong> sintomas da mpox <\/strong>incluem:<\/p>\n<ul>\n<li>erup\u00e7\u00f5es cut\u00e2neas ou les\u00f5es de pele em diferentes partes do corpo;<\/li>\n<li>linfonodos inchados (\u00ednguas);<\/li>\n<li>febre;<\/li>\n<li>dor de cabe\u00e7a;<\/li>\n<li>dores no corpo;<\/li>\n<li>calafrio; e<\/li>\n<li>fraqueza.<\/li>\n<\/ul>\n<p>Pessoas que apresentarem sintomas compat\u00edveis com a doen\u00e7a devem <strong>procurar uma unidade de sa\u00fade para avalia\u00e7\u00e3o e orienta\u00e7\u00e3o m\u00e9dica<\/strong>.<\/p>\n<p>Saiba mais em <a href=\"http:\/\/gov.br\/saude\" target=\"_blank\" rel=\"noopener\">gov.br\/saude<\/a>.<\/p>\n<p><strong>VEJA MAIS:\u00a0<\/strong><\/p>\n<ul>\n<li><a href=\"https:\/\/brasil61.com\/n\/mpox-brasil-registra-88-casos-em-seis-estados-e-no-df-em-2026-saiba-mais-sobre-a-doenca-bras2615942\" target=\"_blank\" rel=\"noopener\">Mpox: Brasil registra 88 casos em seis estados e no DF em 2026; saiba mais sobre a doen\u00e7a<\/a><\/li>\n<li><a href=\"https:\/\/brasil61.com\/n\/mpox-sao-paulo-confirma-segundo-caso-da-doenca-pela-nova-cepa-clado-ib-bras2615575\" target=\"_blank\" rel=\"noopener\">Mpox: S\u00e3o Paulo confirma segundo caso da doen\u00e7a pela nova cepa clado Ib<\/a><\/li>\n<\/ul>\n<p>\t\t\t\t\t\t\t\t\t\t<img decoding=\"async\" src=\"https:\/\/brasil61.com\/api\/v1\/serve_pixel\/22254\/88245\" alt=\"Pixel Brasil 61\" class=\"b61_pixel\" width=\"0\" height=\"0\"><\/p>\n<div class=\"br61_backlink\">\n<p>\n\t\t\t\tFonte: <a href=\"https:\/\/brasil61.com\/mpox-brasil-registra-140-casos-em-2026-bras2616027\" title=\"Artigo Original: Mpox: Brasil registra 140 casos em 2026\" target=\"_blank\" rel=\"noopener\">Brasil 61<\/a>\n\t\t\t<\/p>\n<\/p><\/div>\n<input type=\"hidden\" id=\"baseurl\" value=\"https:\/\/noticiasregionais.com.br\"><input type=\"hidden\" id=\"audio_nonce\" value=\"5c13e0637f\">","protected":false},"excerpt":{"rendered":"<p>Pa\u00eds n\u00e3o teve mortes pela doen\u00e7a neste ano, mas investiga centenas de casos suspeitos<\/p>\n","protected":false},"author":1,"featured_media":13305,"comment_status":"","ping_status":"open","sticky":false,"template":"","format":"standard","meta":{"sfsi_plus_gutenberg_text_before_share":"","sfsi_plus_gutenberg_show_text_before_share":"","sfsi_plus_gutenberg_icon_type":"","sfsi_plus_gutenberg_icon_alignemt":"","sfsi_plus_gutenburg_max_per_row":"","footnotes":""},"categories":[8],"tags":[],"class_list":["post-13304","post","type-post","status-publish","format-standard","has-post-thumbnail","hentry","category-brasil"],"_links":{"self":[{"href":"https:\/\/noticiasregionais.com.br\/index.php?rest_route=\/wp\/v2\/posts\/13304","targetHints":{"allow":["GET"]}}],"collection":[{"href":"https:\/\/noticiasregionais.com.br\/index.php?rest_route=\/wp\/v2\/posts"}],"about":[{"href":"https:\/\/noticiasregionais.com.br\/index.php?rest_route=\/wp\/v2\/types\/post"}],"author":[{"embeddable":true,"href":"https:\/\/noticiasregionais.com.br\/index.php?rest_route=\/wp\/v2\/users\/1"}],"replies":[{"embeddable":true,"href":"https:\/\/noticiasregionais.com.br\/index.php?rest_route=%2Fwp%2Fv2%2Fcomments&post=13304"}],"version-history":[{"count":0,"href":"https:\/\/noticiasregionais.com.br\/index.php?rest_route=\/wp\/v2\/posts\/13304\/revisions"}],"wp:featuredmedia":[{"embeddable":true,"href":"https:\/\/noticiasregionais.com.br\/index.php?rest_route=\/wp\/v2\/media\/13305"}],"wp:attachment":[{"href":"https:\/\/noticiasregionais.com.br\/index.php?rest_route=%2Fwp%2Fv2%2Fmedia&parent=13304"}],"wp:term":[{"taxonomy":"category","embeddable":true,"href":"https:\/\/noticiasregionais.com.br\/index.php?rest_route=%2Fwp%2Fv2%2Fcategories&post=13304"},{"taxonomy":"post_tag","embeddable":true,"href":"https:\/\/noticiasregionais.com.br\/index.php?rest_route=%2Fwp%2Fv2%2Ftags&post=13304"}],"curies":[{"name":"wp","href":"https:\/\/api.w.org\/{rel}","templated":true}]}}